{"id":15377,"date":"2022-05-08T11:50:09","date_gmt":"2022-05-08T15:50:09","guid":{"rendered":"http:\/\/www.acusticauach.cl\/?p=15377"},"modified":"2022-05-08T11:57:32","modified_gmt":"2022-05-08T15:57:32","slug":"acus088-lenguaje-y-entrenamiento-auditivo-musical-2-7","status":"publish","type":"post","link":"https:\/\/www.acusticauach.cl\/?p=15377","title":{"rendered":"ACUS140 Ac\u00fastica Arquitect\u00f3nica"},"content":{"rendered":"\n<h2 class=\"wp-block-heading\"><strong>Profesor: <a href=\"https:\/\/www.acusticauach.cl\/?page_id=9730\">Rodolfo Venegas<\/a><\/strong><\/h2>\n\n\n\n<h3 class=\"wp-block-heading\">Programa: <a href=\"https:\/\/www.acusticauach.cl\/?page_id=63\">Ingenier\u00eda Civil Ac\u00fastica<\/a><\/h3>\n\n\n\n<h4 class=\"wp-block-heading\">Semestre:<a href=\"https:\/\/www.acusticauach.cl\/?page_id=8259\"> IV SEMESTRE<\/a><\/h4>\n\n\n\n<p><strong>Descripci\u00f3n:<\/strong> La asignatura \u201cAc\u00fastica Arquitect\u00f3nica\u201d tiene como prop\u00f3sito que las y los estudiantes comprendan los fundamentos de la ac\u00fastica arquitect\u00f3nica y los apliquen al dise\u00f1o y evaluaci\u00f3n ac\u00fastica de recintos. Para esto, se estudiar\u00e1 I) la teor\u00eda ondulatoria, la teor\u00eda geom\u00e9trica, y la teor\u00eda estad\u00edstica de ac\u00fastica de recintos; ii) modelos para frecuencias bajas y altas, junto con sus aplicaciones tanto al an\u00e1lisis de recintos existentes como tambi\u00e9n al dise\u00f1o de nuevos recintos; iii) par\u00e1metros ac\u00fasticos de recintos; iv) t\u00e9cnicas para el dise\u00f1o y aplicaci\u00f3n de tratamientos de absorci\u00f3n y difusi\u00f3n de sonido, y v) m\u00e9todos experimentales, basados en normativa vigente, para la evaluaci\u00f3n ac\u00fastica de recintos y de elementos de acondicionamiento ac\u00fastico.<\/p>\n\n\n\n<p>1er Simposio Ac\u00fastica Arquitect\u00f3nica SSA 2020<a rel=\"noreferrer noopener\" href=\"https:\/\/youtube.com\/playlist?list=PL_DO5LlHuBcuxXP3PVFbb7fbjQjTo3qHe\" target=\"_blank\">https:\/\/youtube.com\/playlist?list=PL_DO5LlHuBcuxXP3PVFbb7fbjQjTo3qHe<\/a><br>2do Simposio Ac\u00fastica Arquitect\u00f3nica SSA 2021<a rel=\"noreferrer noopener\" href=\"https:\/\/youtube.com\/playlist?list=PL_DO5LlHuBcu-V6AcmFgMazfSPHUEtABy\" target=\"_blank\">https:\/\/youtube.com\/playlist?list=PL_DO5LlHuBcu-V6AcmFgMazfSPHUEtABy<\/a><\/p>\n","protected":false},"excerpt":{"rendered":"<p>Profesor: Rodolfo Venegas Programa: Ingenier\u00eda Civil Ac\u00fastica Semestre: IV SEMESTRE Descripci\u00f3n: La asignatura \u201cAc\u00fastica Arquitect\u00f3nica\u201d tiene como prop\u00f3sito que las y los estudiantes comprendan los fundamentos de la ac\u00fastica arquitect\u00f3nica y los apliquen al dise\u00f1o y evaluaci\u00f3n ac\u00fastica de recintos. Para esto, se estudiar\u00e1 I) la teor\u00eda ondulatoria, la teor\u00eda geom\u00e9trica, y la teor\u00eda estad\u00edstica [&hellip;]<\/p>\n","protected":false},"author":2,"featured_media":15378,"comment_status":"closed","ping_status":"closed","sticky":false,"template":"","format":"standard","meta":{"footnotes":""},"categories":[1015],"tags":[976,748],"class_list":["post-15377","post","type-post","status-publish","format-standard","has-post-thumbnail","hentry","category-asignaturas-de-acustica","tag-acustica-arquitectonica","tag-venegas"],"_links":{"self":[{"href":"https:\/\/www.acusticauach.cl\/index.php?rest_route=\/wp\/v2\/posts\/15377","targetHints":{"allow":["GET"]}}],"collection":[{"href":"https:\/\/www.acusticauach.cl\/index.php?rest_route=\/wp\/v2\/posts"}],"about":[{"href":"https:\/\/www.acusticauach.cl\/index.php?rest_route=\/wp\/v2\/types\/post"}],"author":[{"embeddable":true,"href":"https:\/\/www.acusticauach.cl\/index.php?rest_route=\/wp\/v2\/users\/2"}],"replies":[{"embeddable":true,"href":"https:\/\/www.acusticauach.cl\/index.php?rest_route=%2Fwp%2Fv2%2Fcomments&post=15377"}],"version-history":[{"count":0,"href":"https:\/\/www.acusticauach.cl\/index.php?rest_route=\/wp\/v2\/posts\/15377\/revisions"}],"wp:featuredmedia":[{"embeddable":true,"href":"https:\/\/www.acusticauach.cl\/index.php?rest_route=\/wp\/v2\/media\/15378"}],"wp:attachment":[{"href":"https:\/\/www.acusticauach.cl\/index.php?rest_route=%2Fwp%2Fv2%2Fmedia&parent=15377"}],"wp:term":[{"taxonomy":"category","embeddable":true,"href":"https:\/\/www.acusticauach.cl\/index.php?rest_route=%2Fwp%2Fv2%2Fcategories&post=15377"},{"taxonomy":"post_tag","embeddable":true,"href":"https:\/\/www.acusticauach.cl\/index.php?rest_route=%2Fwp%2Fv2%2Ftags&post=15377"}],"curies":[{"name":"wp","href":"https:\/\/api.w.org\/{rel}","templated":true}]}}