{"id":15356,"date":"2022-05-02T19:00:24","date_gmt":"2022-05-02T23:00:24","guid":{"rendered":"http:\/\/www.acusticauach.cl\/?p=15356"},"modified":"2023-10-22T00:02:55","modified_gmt":"2023-10-22T03:02:55","slug":"investigacion-en-acustica-ambiental-2-3-3","status":"publish","type":"post","link":"https:\/\/www.acusticauach.cl\/?p=15356","title":{"rendered":"\u00a8Mejor Sin Ruido\u00bb Campa\u00f1a 2022"},"content":{"rendered":"\r\n<p>Campa\u00f1a \u00abMejor Sin Ruido\u00bb, actividad de conmemoraci\u00f3n del D\u00eda Internacional de Conciencia sobre el Ruido organizada por AcusticaUACh, en conjunto con la Secretar\u00eda Regional Ministerial de Medio Ambiente y Superintendencia de Medio Ambiente. Valdivia, Regi\u00f3n de Los R\u00edos. Chile. www.acusticauach.cl<\/p>\r\n\r\n\r\n\r\n<p><strong><a href=\"https:\/\/www.acusticauach.cl\/?page_id=4686\">M\u00e1s informaci\u00f3n.<\/a><\/strong><\/p>\r\n","protected":false},"excerpt":{"rendered":"<p>Campa\u00f1a \u00abMejor Sin Ruido\u00bb, actividad de conmemoraci\u00f3n del D\u00eda Internacional de Conciencia sobre el Ruido organizada por AcusticaUACh, en conjunto con la Secretar\u00eda Regional Ministerial de Medio Ambiente y Superintendencia de Medio Ambiente. Valdivia, Regi\u00f3n de Los R\u00edos. Chile. www.acusticauach.cl M\u00e1s informaci\u00f3n.<\/p>\n","protected":false},"author":2,"featured_media":15357,"comment_status":"closed","ping_status":"closed","sticky":false,"template":"","format":"video","meta":{"footnotes":""},"categories":[984,929],"tags":[29,637,37,756,707,982,638,25],"class_list":["post-15356","post","type-post","status-publish","format-video","has-post-thumbnail","hentry","category-labacam","category-videos","tag-carrera","tag-diasinruido","tag-estudiantes","tag-inad","tag-ingenieria-acustica","tag-labacam","tag-mejorsinruido","tag-sonido","post_format-post-format-video"],"_links":{"self":[{"href":"https:\/\/www.acusticauach.cl\/index.php?rest_route=\/wp\/v2\/posts\/15356","targetHints":{"allow":["GET"]}}],"collection":[{"href":"https:\/\/www.acusticauach.cl\/index.php?rest_route=\/wp\/v2\/posts"}],"about":[{"href":"https:\/\/www.acusticauach.cl\/index.php?rest_route=\/wp\/v2\/types\/post"}],"author":[{"embeddable":true,"href":"https:\/\/www.acusticauach.cl\/index.php?rest_route=\/wp\/v2\/users\/2"}],"replies":[{"embeddable":true,"href":"https:\/\/www.acusticauach.cl\/index.php?rest_route=%2Fwp%2Fv2%2Fcomments&post=15356"}],"version-history":[{"count":0,"href":"https:\/\/www.acusticauach.cl\/index.php?rest_route=\/wp\/v2\/posts\/15356\/revisions"}],"wp:featuredmedia":[{"embeddable":true,"href":"https:\/\/www.acusticauach.cl\/index.php?rest_route=\/wp\/v2\/media\/15357"}],"wp:attachment":[{"href":"https:\/\/www.acusticauach.cl\/index.php?rest_route=%2Fwp%2Fv2%2Fmedia&parent=15356"}],"wp:term":[{"taxonomy":"category","embeddable":true,"href":"https:\/\/www.acusticauach.cl\/index.php?rest_route=%2Fwp%2Fv2%2Fcategories&post=15356"},{"taxonomy":"post_tag","embeddable":true,"href":"https:\/\/www.acusticauach.cl\/index.php?rest_route=%2Fwp%2Fv2%2Ftags&post=15356"}],"curies":[{"name":"wp","href":"https:\/\/api.w.org\/{rel}","templated":true}]}}