{"id":15268,"date":"2022-03-02T15:32:57","date_gmt":"2022-03-02T18:32:57","guid":{"rendered":"http:\/\/www.acusticauach.cl\/?p=15268"},"modified":"2022-03-02T15:34:28","modified_gmt":"2022-03-02T18:34:28","slug":"investigacion-del-mav-caracterizo-el-efecto-de-las-condiciones-ambientales-sobre-el-comportamiento-dinamico-de-edificios","status":"publish","type":"post","link":"https:\/\/www.acusticauach.cl\/?p=15268","title":{"rendered":"Investigaci\u00f3n del MAV caracteriz\u00f3 el efecto de las condiciones ambientales sobre el comportamiento din\u00e1mico de edificios"},"content":{"rendered":"\n<h1 class=\"wp-block-heading\">El Ingeniero Civil Mec\u00e1nico de la Universidad de la Frontera, Carlos Felipe Ar\u00e9valo Sep\u00falveda, desarroll\u00f3 su investigaci\u00f3n del Mag\u00edster en Ac\u00fastica y Vibraciones UACh tras su estad\u00eda en el Virginia Tech College of Engineering (EE.UU.), gracias a la Beca de Movilidad 2030 que otorga la FCI UACh a trav\u00e9s del proyecto InnovING 2030. <\/h1>\n\n\n\n<p><em>Escrito por PrensaFCI<\/em><\/p>\n\n\n\n<p>El Ingeniero Civil Mec\u00e1nico de la Universidad de la Frontera,&nbsp;<strong>Carlos Felipe Ar\u00e9valo Sep\u00falveda<\/strong>, es el nuevo graduado del programa de&nbsp;<a href=\"http:\/\/www.ingenieria.uach.cl\/postgrado\/magister-en-acustica-y-vibraciones.html\" target=\"_blank\" rel=\"noreferrer noopener\"><strong>Mag\u00edster en Ac\u00fastica y Vibraciones<\/strong><\/a>, luego de la reciente defensa de su tesis de investigaci\u00f3n denominada&nbsp;<strong>\u00abAn\u00e1lisis del comportamiento din\u00e1mico de Goodwin Hall en base a la variaci\u00f3n de condiciones ambientales\u00bb<\/strong>.<\/p>\n\n\n\n<p>Tras finalizar sus estudios de pregrado, Ar\u00e9valo opt\u00f3 inmediatamente por continuar perfeccion\u00e1ndose, ingresando el 2019 al programa de postgrado que imparte la&nbsp;<strong>Escuela de Graduados de la Facultad de Ciencias de la Ingenier\u00eda UACh (FCI)<\/strong>, y del cual se gradu\u00f3 con nota de examen de tesis 6,5, y nota final de 6,6 equivalente a aprobaci\u00f3n con Distinci\u00f3n M\u00e1xima.&nbsp;<\/p>\n\n\n\n<p>Durante el transcurso de su primer a\u00f1o, el ingeniero civil mec\u00e1nico se adjudic\u00f3 la&nbsp;<strong>Beca de Movilidad 2030 que entrega la FCI a trav\u00e9s del proyecto&nbsp;<a href=\"http:\/\/www.ingenieria.uach.cl\/innoving\" target=\"_blank\" rel=\"noreferrer noopener\">InnovING 2030<\/a><\/strong>, y que lo llev\u00f3 a participar de una estad\u00eda en el&nbsp;<strong>Virginia Tech College of Engineering<\/strong>, en la ciudad de Blacksburg, Estados Unidos.&nbsp;<\/p>\n\n\n\n<p>En este contexto, colabor\u00f3 en el The Charles E. Via, Jr. Department of Civil &amp; Environmental Engineering, donde conoci\u00f3 al Dr. Rodrigo Sarlo, profesor copatrocinante de tu tesis de postgrado, lo que le permiti\u00f3 interiorizarse en el an\u00e1lisis de vibraciones estructurales y modelos de optimizaci\u00f3n estad\u00edstica.<\/p>\n\n\n\n<p>\u201cEn dicha Universidad cuentan con un edificio con la mayor cantidad de aceler\u00f3metros a nivel mundial, una plataforma con aproximadamente m\u00e1s de 200 sensores de aceleraci\u00f3n, y con los datos de ese edificio (Goodwin Hall) trabaj\u00e9, para caracterizar el efecto de las condiciones ambientales sobre el comportamiento din\u00e1mico de \u00e9ste\u201d, destac\u00f3.<\/p>\n\n\n\n<p>Seg\u00fan precis\u00f3 Carlos Ar\u00e9valo, el objetivo final de su investigaci\u00f3n fue \u201cpoder crear un modelo que sea lo m\u00e1s cercano a la realidad posible, con el fin de poder tener un monitoreo y un control de las condiciones del edificio, y caracterizar fallas dentro de la estructura con un modelo de elementos finitos\u201d.<\/p>\n\n\n\n<p>Respecto a su paso por el Mag\u00edster en Ac\u00fastica y Vibraciones UACh,&nbsp;<strong>el nuevo graduado valor\u00f3 la calidad de los profesores y de la UACh como instituci\u00f3n<\/strong>,&nbsp; destacando que su ingreso al programa se debi\u00f3 principalmente a que \u00e9ste \u201ctiene bases te\u00f3ricas m\u00e1s s\u00f3lidas, y eso me abr\u00eda la posibilidad de elegir lo que quer\u00eda hacer seg\u00fan mi inter\u00e9s, en vez de entrar de lleno a un \u00e1rea espec\u00edfica\u201d.<\/p>\n\n\n\n<p>La comisi\u00f3n examinadora estuvo compuesta por el Dr. Mario Gonz\u00e1lez (Centro de Docencia de Ciencias B\u00e1sicas para Ingenier\u00eda UACh) como patrocinante, el Dr. Rodrigo Sarlo (Virginia Tech College) como copatrocinante, y el Dr. Jorge Arenas (Instituto de Ac\u00fastica UACh) en calidad de profesor informante. Asimismo, particip\u00f3 como evaluador externo el Dr. Galo Valdebenito (Instituto de Obras Civiles UACh), y como ministro de Fe, el Dr. Matthieu Vernier (Director de la Escuela de Graduados FCI UACh).<\/p>\n","protected":false},"excerpt":{"rendered":"<p>El Ingeniero Civil Mec\u00e1nico de la Universidad de la Frontera, Carlos Felipe Ar\u00e9valo Sep\u00falveda, desarroll\u00f3 su investigaci\u00f3n del Mag\u00edster en Ac\u00fastica y Vibraciones UACh tras su estad\u00eda en el Virginia Tech College of Engineering (EE.UU.), gracias a la Beca de Movilidad 2030 que otorga la FCI UACh a trav\u00e9s del proyecto InnovING 2030. Escrito por [&hellip;]<\/p>\n","protected":false},"author":2,"featured_media":15270,"comment_status":"closed","ping_status":"closed","sticky":false,"template":"","format":"standard","meta":{"footnotes":""},"categories":[907],"tags":[48,1047,37,234,78,781,915,81],"class_list":["post-15268","post","type-post","status-publish","format-standard","has-post-thumbnail","hentry","category-postgrado","tag-arenas","tag-edificios","tag-estudiantes","tag-gonzalez","tag-investigacion-2","tag-mav","tag-portada","tag-tesis"],"_links":{"self":[{"href":"https:\/\/www.acusticauach.cl\/index.php?rest_route=\/wp\/v2\/posts\/15268","targetHints":{"allow":["GET"]}}],"collection":[{"href":"https:\/\/www.acusticauach.cl\/index.php?rest_route=\/wp\/v2\/posts"}],"about":[{"href":"https:\/\/www.acusticauach.cl\/index.php?rest_route=\/wp\/v2\/types\/post"}],"author":[{"embeddable":true,"href":"https:\/\/www.acusticauach.cl\/index.php?rest_route=\/wp\/v2\/users\/2"}],"replies":[{"embeddable":true,"href":"https:\/\/www.acusticauach.cl\/index.php?rest_route=%2Fwp%2Fv2%2Fcomments&post=15268"}],"version-history":[{"count":0,"href":"https:\/\/www.acusticauach.cl\/index.php?rest_route=\/wp\/v2\/posts\/15268\/revisions"}],"wp:featuredmedia":[{"embeddable":true,"href":"https:\/\/www.acusticauach.cl\/index.php?rest_route=\/wp\/v2\/media\/15270"}],"wp:attachment":[{"href":"https:\/\/www.acusticauach.cl\/index.php?rest_route=%2Fwp%2Fv2%2Fmedia&parent=15268"}],"wp:term":[{"taxonomy":"category","embeddable":true,"href":"https:\/\/www.acusticauach.cl\/index.php?rest_route=%2Fwp%2Fv2%2Fcategories&post=15268"},{"taxonomy":"post_tag","embeddable":true,"href":"https:\/\/www.acusticauach.cl\/index.php?rest_route=%2Fwp%2Fv2%2Ftags&post=15268"}],"curies":[{"name":"wp","href":"https:\/\/api.w.org\/{rel}","templated":true}]}}