{"id":15100,"date":"2022-01-19T20:45:43","date_gmt":"2022-01-19T23:45:43","guid":{"rendered":"http:\/\/www.acusticauach.cl\/?p=15100"},"modified":"2022-01-21T20:58:20","modified_gmt":"2022-01-21T23:58:20","slug":"fci-uach-entrego-titulos-profesionales-a-egresados-y-egresadas-de-2020-y-2021","status":"publish","type":"post","link":"https:\/\/www.acusticauach.cl\/?p=15100","title":{"rendered":"FCI UACh entreg\u00f3 t\u00edtulos profesionales a egresados y egresadas de 2020 y 2021"},"content":{"rendered":"\n<h4 class=\"wp-block-heading\"><strong>Cinco ceremonias presenciales y con transmisi\u00f3n v\u00eda streaming realiz\u00f3 la Facultad de Ciencias de la Ingenier\u00eda UACh para entregar t\u00edtulos profesionales a los egresados de las ocho carreras de pregrado correspondientes al a\u00f1o 2020 y 2021.<\/strong><\/h4>\n\n\n\n<p>En el auditorio del Campus Miraflores y, encabezada por el Decano Dr. Richard Luco, junto a directores de escuelas se llevaron a cabo las ceremonias en que 305 nuevos ingenieros e ingenieras recibieron sus diplomas de grado y t\u00edtulo profesional, junto a 26 profesionales que se graduaron de los diversos programas de Postgrado que imparte la FCI UACh.<\/p>\n\n\n\n<p>El&nbsp;<a href=\"https:\/\/www.youtube.com\/watch?v=LgSLdbKfsNk&amp;t=2344s\">jueves 6<\/a>&nbsp;de enero se llev\u00f3 a cabo la ceremonia de entrega de t\u00edtulos a las y los egresados de Ingenier\u00eda Civil Ac\u00fastica, Ingenier\u00eda Civil en Obras Civiles y Escuela de Graduados. El<a href=\"https:\/\/www.youtube.com\/watch?v=AD6Ngzzud6c&amp;t=21s\">&nbsp;viernes 7<\/a>&nbsp;de enero correspondi\u00f3 la ceremonia de las carreras de Ingenier\u00eda Naval e&nbsp;<a href=\"https:\/\/www.youtube.com\/watch?v=kfxUlhyCfAs\">Ingenier\u00eda Civil Industrial.&nbsp;<\/a><\/p>\n\n\n\n<ul class=\"wp-block-gallery columns-2 is-cropped wp-block-gallery-1 is-layout-flex wp-block-gallery-is-layout-flex\"><li class=\"blocks-gallery-item\"><figure><a href=\"https:\/\/www.acusticauach.cl\/wp-content\/uploads\/2022\/01\/51826962089_f8e35d2c34_o.jpg\"><img decoding=\"async\" width=\"800\" height=\"450\" src=\"https:\/\/www.acusticauach.cl\/wp-content\/uploads\/2022\/01\/51826962089_f8e35d2c34_o.jpg\" alt=\"\" data-id=\"15245\" data-link=\"https:\/\/www.acusticauach.cl\/?attachment_id=15245\" class=\"wp-image-15245\" srcset=\"https:\/\/www.acusticauach.cl\/wp-content\/uploads\/2022\/01\/51826962089_f8e35d2c34_o.jpg 800w, https:\/\/www.acusticauach.cl\/wp-content\/uploads\/2022\/01\/51826962089_f8e35d2c34_o-300x169.jpg 300w, https:\/\/www.acusticauach.cl\/wp-content\/uploads\/2022\/01\/51826962089_f8e35d2c34_o-768x432.jpg 768w, https:\/\/www.acusticauach.cl\/wp-content\/uploads\/2022\/01\/51826962089_f8e35d2c34_o-125x70.jpg 125w, https:\/\/www.acusticauach.cl\/wp-content\/uploads\/2022\/01\/51826962089_f8e35d2c34_o-75x42.jpg 75w\" sizes=\"(max-width: 800px) 100vw, 800px\" \/><\/a><\/figure><\/li><li class=\"blocks-gallery-item\"><figure><a href=\"https:\/\/www.acusticauach.cl\/wp-content\/uploads\/2022\/01\/51826617501_6881d9b489_o.jpg\"><img decoding=\"async\" width=\"800\" height=\"450\" src=\"https:\/\/www.acusticauach.cl\/wp-content\/uploads\/2022\/01\/51826617501_6881d9b489_o.jpg\" alt=\"\" data-id=\"15244\" data-link=\"https:\/\/www.acusticauach.cl\/?attachment_id=15244\" class=\"wp-image-15244\" srcset=\"https:\/\/www.acusticauach.cl\/wp-content\/uploads\/2022\/01\/51826617501_6881d9b489_o.jpg 800w, https:\/\/www.acusticauach.cl\/wp-content\/uploads\/2022\/01\/51826617501_6881d9b489_o-300x169.jpg 300w, https:\/\/www.acusticauach.cl\/wp-content\/uploads\/2022\/01\/51826617501_6881d9b489_o-768x432.jpg 768w, https:\/\/www.acusticauach.cl\/wp-content\/uploads\/2022\/01\/51826617501_6881d9b489_o-125x70.jpg 125w, https:\/\/www.acusticauach.cl\/wp-content\/uploads\/2022\/01\/51826617501_6881d9b489_o-75x42.jpg 75w\" sizes=\"(max-width: 800px) 100vw, 800px\" \/><\/a><\/figure><\/li><li class=\"blocks-gallery-item\"><figure><a href=\"https:\/\/www.acusticauach.cl\/wp-content\/uploads\/2022\/01\/ceremonia2.jpg\"><img decoding=\"async\" width=\"800\" height=\"450\" src=\"https:\/\/www.acusticauach.cl\/wp-content\/uploads\/2022\/01\/ceremonia2.jpg\" alt=\"\" data-id=\"15247\" data-link=\"https:\/\/www.acusticauach.cl\/?attachment_id=15247\" class=\"wp-image-15247\" srcset=\"https:\/\/www.acusticauach.cl\/wp-content\/uploads\/2022\/01\/ceremonia2.jpg 800w, https:\/\/www.acusticauach.cl\/wp-content\/uploads\/2022\/01\/ceremonia2-300x169.jpg 300w, https:\/\/www.acusticauach.cl\/wp-content\/uploads\/2022\/01\/ceremonia2-768x432.jpg 768w, https:\/\/www.acusticauach.cl\/wp-content\/uploads\/2022\/01\/ceremonia2-125x70.jpg 125w, https:\/\/www.acusticauach.cl\/wp-content\/uploads\/2022\/01\/ceremonia2-75x42.jpg 75w\" sizes=\"(max-width: 800px) 100vw, 800px\" \/><\/a><\/figure><\/li><li class=\"blocks-gallery-item\"><figure><a href=\"https:\/\/www.acusticauach.cl\/wp-content\/uploads\/2022\/01\/ceremonia4.jpg\"><img decoding=\"async\" width=\"800\" height=\"450\" src=\"https:\/\/www.acusticauach.cl\/wp-content\/uploads\/2022\/01\/ceremonia4.jpg\" alt=\"\" data-id=\"15248\" data-link=\"https:\/\/www.acusticauach.cl\/?attachment_id=15248\" class=\"wp-image-15248\" srcset=\"https:\/\/www.acusticauach.cl\/wp-content\/uploads\/2022\/01\/ceremonia4.jpg 800w, https:\/\/www.acusticauach.cl\/wp-content\/uploads\/2022\/01\/ceremonia4-300x169.jpg 300w, https:\/\/www.acusticauach.cl\/wp-content\/uploads\/2022\/01\/ceremonia4-768x432.jpg 768w, https:\/\/www.acusticauach.cl\/wp-content\/uploads\/2022\/01\/ceremonia4-125x70.jpg 125w, https:\/\/www.acusticauach.cl\/wp-content\/uploads\/2022\/01\/ceremonia4-75x42.jpg 75w\" sizes=\"(max-width: 800px) 100vw, 800px\" \/><\/a><\/figure><\/li><li class=\"blocks-gallery-item\"><figure><a href=\"https:\/\/www.acusticauach.cl\/wp-content\/uploads\/2022\/01\/MG5796.jpg\"><img decoding=\"async\" width=\"800\" height=\"450\" src=\"https:\/\/www.acusticauach.cl\/wp-content\/uploads\/2022\/01\/MG5796.jpg\" alt=\"\" data-id=\"15249\" data-link=\"https:\/\/www.acusticauach.cl\/?attachment_id=15249\" class=\"wp-image-15249\" srcset=\"https:\/\/www.acusticauach.cl\/wp-content\/uploads\/2022\/01\/MG5796.jpg 800w, https:\/\/www.acusticauach.cl\/wp-content\/uploads\/2022\/01\/MG5796-300x169.jpg 300w, https:\/\/www.acusticauach.cl\/wp-content\/uploads\/2022\/01\/MG5796-768x432.jpg 768w, https:\/\/www.acusticauach.cl\/wp-content\/uploads\/2022\/01\/MG5796-125x70.jpg 125w, https:\/\/www.acusticauach.cl\/wp-content\/uploads\/2022\/01\/MG5796-75x42.jpg 75w\" sizes=\"(max-width: 800px) 100vw, 800px\" \/><\/a><\/figure><\/li><li class=\"blocks-gallery-item\"><figure><a href=\"https:\/\/www.acusticauach.cl\/wp-content\/uploads\/2022\/01\/MG5842.jpg\"><img decoding=\"async\" width=\"800\" height=\"450\" src=\"https:\/\/www.acusticauach.cl\/wp-content\/uploads\/2022\/01\/MG5842.jpg\" alt=\"\" data-id=\"15250\" data-link=\"https:\/\/www.acusticauach.cl\/?attachment_id=15250\" class=\"wp-image-15250\" srcset=\"https:\/\/www.acusticauach.cl\/wp-content\/uploads\/2022\/01\/MG5842.jpg 800w, https:\/\/www.acusticauach.cl\/wp-content\/uploads\/2022\/01\/MG5842-300x169.jpg 300w, https:\/\/www.acusticauach.cl\/wp-content\/uploads\/2022\/01\/MG5842-768x432.jpg 768w, https:\/\/www.acusticauach.cl\/wp-content\/uploads\/2022\/01\/MG5842-125x70.jpg 125w, https:\/\/www.acusticauach.cl\/wp-content\/uploads\/2022\/01\/MG5842-75x42.jpg 75w\" sizes=\"(max-width: 800px) 100vw, 800px\" \/><\/a><\/figure><\/li><li class=\"blocks-gallery-item\"><figure><a href=\"https:\/\/www.acusticauach.cl\/wp-content\/uploads\/2022\/01\/MG5874.jpg\"><img decoding=\"async\" width=\"800\" height=\"450\" src=\"https:\/\/www.acusticauach.cl\/wp-content\/uploads\/2022\/01\/MG5874.jpg\" alt=\"\" data-id=\"15251\" data-link=\"https:\/\/www.acusticauach.cl\/?attachment_id=15251\" class=\"wp-image-15251\" srcset=\"https:\/\/www.acusticauach.cl\/wp-content\/uploads\/2022\/01\/MG5874.jpg 800w, https:\/\/www.acusticauach.cl\/wp-content\/uploads\/2022\/01\/MG5874-300x169.jpg 300w, https:\/\/www.acusticauach.cl\/wp-content\/uploads\/2022\/01\/MG5874-768x432.jpg 768w, https:\/\/www.acusticauach.cl\/wp-content\/uploads\/2022\/01\/MG5874-125x70.jpg 125w, https:\/\/www.acusticauach.cl\/wp-content\/uploads\/2022\/01\/MG5874-75x42.jpg 75w\" sizes=\"(max-width: 800px) 100vw, 800px\" \/><\/a><\/figure><\/li><li class=\"blocks-gallery-item\"><figure><a href=\"https:\/\/www.acusticauach.cl\/wp-content\/uploads\/2022\/01\/portada-118d10bf.jpeg\"><img decoding=\"async\" width=\"900\" height=\"506\" src=\"https:\/\/www.acusticauach.cl\/wp-content\/uploads\/2022\/01\/portada-118d10bf.jpeg\" alt=\"\" data-id=\"15252\" data-link=\"https:\/\/www.acusticauach.cl\/?attachment_id=15252\" class=\"wp-image-15252\" srcset=\"https:\/\/www.acusticauach.cl\/wp-content\/uploads\/2022\/01\/portada-118d10bf.jpeg 900w, https:\/\/www.acusticauach.cl\/wp-content\/uploads\/2022\/01\/portada-118d10bf-300x169.jpeg 300w, https:\/\/www.acusticauach.cl\/wp-content\/uploads\/2022\/01\/portada-118d10bf-768x432.jpeg 768w, https:\/\/www.acusticauach.cl\/wp-content\/uploads\/2022\/01\/portada-118d10bf-125x70.jpeg 125w, https:\/\/www.acusticauach.cl\/wp-content\/uploads\/2022\/01\/portada-118d10bf-75x42.jpeg 75w\" sizes=\"(max-width: 900px) 100vw, 900px\" \/><\/a><\/figure><\/li><li class=\"blocks-gallery-item\"><figure><a href=\"https:\/\/www.acusticauach.cl\/wp-content\/uploads\/2022\/01\/01.jpg\"><img decoding=\"async\" width=\"800\" height=\"450\" src=\"https:\/\/www.acusticauach.cl\/wp-content\/uploads\/2022\/01\/01.jpg\" alt=\"\" data-id=\"15243\" data-link=\"https:\/\/www.acusticauach.cl\/?attachment_id=15243\" class=\"wp-image-15243\" srcset=\"https:\/\/www.acusticauach.cl\/wp-content\/uploads\/2022\/01\/01.jpg 800w, https:\/\/www.acusticauach.cl\/wp-content\/uploads\/2022\/01\/01-300x169.jpg 300w, https:\/\/www.acusticauach.cl\/wp-content\/uploads\/2022\/01\/01-768x432.jpg 768w, https:\/\/www.acusticauach.cl\/wp-content\/uploads\/2022\/01\/01-125x70.jpg 125w, https:\/\/www.acusticauach.cl\/wp-content\/uploads\/2022\/01\/01-75x42.jpg 75w\" sizes=\"(max-width: 800px) 100vw, 800px\" \/><\/a><\/figure><\/li><\/ul>\n\n\n\n<p>El&nbsp;<a href=\"https:\/\/www.youtube.com\/watch?v=q1HxJrALJCk&amp;t=10s\">jueves 13<\/a>&nbsp;se llev\u00f3 a cabo la ceremonia con los egresados de las escuelas de Ingenier\u00eda Civil en Inform\u00e1tica e Ingenier\u00eda en Construcci\u00f3n; finalizando el&nbsp;<a href=\"https:\/\/www.youtube.com\/watch?v=jXcQiZe__FQ&amp;t=2s\">viernes 14&nbsp;<\/a>con las escuelas de Ingenier\u00eda Civil Electr\u00f3nica e Ingenier\u00eda Civil Mec\u00e1nica.<\/p>\n\n\n\n<p>Debido a las restricciones sanitarias vigentes, los actos se llevaron a cabo con aforo reducido y transmisi\u00f3n v\u00eda streaming para quienes no asistir\u00edan; lo que permiti\u00f3 finalmente la participaci\u00f3n presencial de alrededor de 150 titulados y tituladas en las cinco actividades.<\/p>\n\n\n\n<p>Cada actividad se inici\u00f3 con la presentaci\u00f3n grabada del Himno Universitario interpretado por el Coro UACh, el saludo del Decano Dr. Richard Luco, de los directores y directoras de escuelas y un saludo del Rector Dr. Hans Richter.<\/p>\n\n\n\n<p>Durante la ceremonia adem\u00e1s se entregaron distinciones para destacar a las y los egresados que obtuvieron m\u00e9rito acad\u00e9mico, compromiso institucional, m\u00e9rito social y m\u00e9rito deportivo durante su permanencia en la universidad, finalizando cada acto con las palabras de un titulado o titulada representante de cada carrera.<\/p>\n\n\n\n<p>Cada acto fue transmitido con el apoyo de Radio UACh, y se difundi\u00f3 a trav\u00e9s del Canal de Youtube de la Facultad de Ciencias de la Ingenier\u00eda, Facebook Live, Radio UACh y Se\u00f1al UACh de Telsur.&nbsp;<\/p>\n\n\n\n<p>Revive las ceremonias en el&nbsp;<a href=\"https:\/\/www.youtube.com\/channel\/UCZz5fGRjWHzv9lvpBCG8KQQ\/videos\">Canal de Youtube<\/a>&nbsp;de la Facultad de Ciencias de la Ingenier\u00eda.<\/p>\n\n\n\n<figure class=\"wp-block-embed-youtube wp-block-embed is-type-video is-provider-youtube wp-embed-aspect-16-9 wp-has-aspect-ratio\"><div class=\"wp-block-embed__wrapper\">\n<iframe title=\"\ud83d\udd34Ceremonia titulaciones Facultad de Ciencias de la Ingenier\u00eda - 06\/01\/22 - 18 hrs.\ud83d\udd34\" width=\"1200\" height=\"675\" src=\"https:\/\/www.youtube.com\/embed\/LgSLdbKfsNk?start=2397&#038;feature=oembed\" frameborder=\"0\" allow=\"accelerometer; autoplay; clipboard-write; encrypted-media; gyroscope; picture-in-picture\" allowfullscreen><\/iframe>\n<\/div><figcaption><a href=\"https:\/\/youtu.be\/LgSLdbKfsNk?t=2397\" target=\"_blank\" rel=\"noreferrer noopener\" aria-label=\"https:\/\/youtu.be\/LgSLdbKfsNk?t=2397 (abre en una nueva pesta\u00f1a)\">https:\/\/youtu.be\/LgSLdbKfsNk?t=2397<\/a><\/figcaption><\/figure>\n\n\n\n<p>Ver\u00a0<a href=\"https:\/\/www.flickr.com\/photos\/154596332@N05\/albums\">Galer\u00eda\u00a0<\/a>de fotos en Flickr.<\/p>\n","protected":false},"excerpt":{"rendered":"<p>Cinco ceremonias presenciales y con transmisi\u00f3n v\u00eda streaming realiz\u00f3 la Facultad de Ciencias de la Ingenier\u00eda UACh para entregar t\u00edtulos profesionales a los egresados de las ocho carreras de pregrado correspondientes al a\u00f1o 2020 y 2021. En el auditorio del Campus Miraflores y, encabezada por el Decano Dr. Richard Luco, junto a directores de escuelas [&hellip;]<\/p>\n","protected":false},"author":2,"featured_media":15101,"comment_status":"closed","ping_status":"closed","sticky":false,"template":"","format":"standard","meta":{"footnotes":""},"categories":[906],"tags":[29,372,533,780,781,915,535,138],"class_list":["post-15100","post","type-post","status-publish","format-standard","has-post-thumbnail","hentry","category-pregrado","tag-carrera","tag-fci","tag-ingenieria-civil-acustica","tag-magister-en-acustica-y-vibraciones","tag-mav","tag-portada","tag-titulacion","tag-titulados-ceremonia"],"_links":{"self":[{"href":"https:\/\/www.acusticauach.cl\/index.php?rest_route=\/wp\/v2\/posts\/15100","targetHints":{"allow":["GET"]}}],"collection":[{"href":"https:\/\/www.acusticauach.cl\/index.php?rest_route=\/wp\/v2\/posts"}],"about":[{"href":"https:\/\/www.acusticauach.cl\/index.php?rest_route=\/wp\/v2\/types\/post"}],"author":[{"embeddable":true,"href":"https:\/\/www.acusticauach.cl\/index.php?rest_route=\/wp\/v2\/users\/2"}],"replies":[{"embeddable":true,"href":"https:\/\/www.acusticauach.cl\/index.php?rest_route=%2Fwp%2Fv2%2Fcomments&post=15100"}],"version-history":[{"count":0,"href":"https:\/\/www.acusticauach.cl\/index.php?rest_route=\/wp\/v2\/posts\/15100\/revisions"}],"wp:featuredmedia":[{"embeddable":true,"href":"https:\/\/www.acusticauach.cl\/index.php?rest_route=\/wp\/v2\/media\/15101"}],"wp:attachment":[{"href":"https:\/\/www.acusticauach.cl\/index.php?rest_route=%2Fwp%2Fv2%2Fmedia&parent=15100"}],"wp:term":[{"taxonomy":"category","embeddable":true,"href":"https:\/\/www.acusticauach.cl\/index.php?rest_route=%2Fwp%2Fv2%2Fcategories&post=15100"},{"taxonomy":"post_tag","embeddable":true,"href":"https:\/\/www.acusticauach.cl\/index.php?rest_route=%2Fwp%2Fv2%2Ftags&post=15100"}],"curies":[{"name":"wp","href":"https:\/\/api.w.org\/{rel}","templated":true}]}}