{"id":15044,"date":"2021-12-20T17:50:49","date_gmt":"2021-12-20T20:50:49","guid":{"rendered":"http:\/\/www.acusticauach.cl\/?p=15044"},"modified":"2023-10-22T00:06:25","modified_gmt":"2023-10-22T03:06:25","slug":"investigacion-en-acustica-ambiental-2-2-3-3-2-2-2-2","status":"publish","type":"post","link":"https:\/\/www.acusticauach.cl\/?p=15044","title":{"rendered":"David Parra: Ing. Civil Ac\u00fastica de la UACh es reconocida a nivel nacional e internacional."},"content":{"rendered":"\r\n<p>\u00bfQuieres conocer la experiencia de estudiar Ingenier\u00eda Civil Ac\u00fastica en la Universidad Austral de Chile? David Parra nos comparte su experiencia de estudiar Ingenier\u00eda Civil Ac\u00fastica en la Universidad Austral de Chile.<\/p>\r\n\r\n\r\n\r\n<p><strong><a href=\"https:\/\/www.acusticauach.cl\/?page_id=63\">M\u00e1s informaci\u00f3n.<\/a><\/strong><\/p>\r\n","protected":false},"excerpt":{"rendered":"<p>\u00bfQuieres conocer la experiencia de estudiar Ingenier\u00eda Civil Ac\u00fastica en la Universidad Austral de Chile? David Parra nos comparte su experiencia de estudiar Ingenier\u00eda Civil Ac\u00fastica en la Universidad Austral de Chile. M\u00e1s informaci\u00f3n.<\/p>\n","protected":false},"author":2,"featured_media":15045,"comment_status":"closed","ping_status":"closed","sticky":false,"template":"","format":"video","meta":{"footnotes":""},"categories":[906,929],"tags":[89,37,41,707,533,915,25],"class_list":["post-15044","post","type-post","status-publish","format-video","has-post-thumbnail","hentry","category-pregrado","category-videos","tag-entrevista","tag-estudiantes","tag-exalumnos","tag-ingenieria-acustica","tag-ingenieria-civil-acustica","tag-portada","tag-sonido","post_format-post-format-video"],"_links":{"self":[{"href":"https:\/\/www.acusticauach.cl\/index.php?rest_route=\/wp\/v2\/posts\/15044","targetHints":{"allow":["GET"]}}],"collection":[{"href":"https:\/\/www.acusticauach.cl\/index.php?rest_route=\/wp\/v2\/posts"}],"about":[{"href":"https:\/\/www.acusticauach.cl\/index.php?rest_route=\/wp\/v2\/types\/post"}],"author":[{"embeddable":true,"href":"https:\/\/www.acusticauach.cl\/index.php?rest_route=\/wp\/v2\/users\/2"}],"replies":[{"embeddable":true,"href":"https:\/\/www.acusticauach.cl\/index.php?rest_route=%2Fwp%2Fv2%2Fcomments&post=15044"}],"version-history":[{"count":0,"href":"https:\/\/www.acusticauach.cl\/index.php?rest_route=\/wp\/v2\/posts\/15044\/revisions"}],"wp:featuredmedia":[{"embeddable":true,"href":"https:\/\/www.acusticauach.cl\/index.php?rest_route=\/wp\/v2\/media\/15045"}],"wp:attachment":[{"href":"https:\/\/www.acusticauach.cl\/index.php?rest_route=%2Fwp%2Fv2%2Fmedia&parent=15044"}],"wp:term":[{"taxonomy":"category","embeddable":true,"href":"https:\/\/www.acusticauach.cl\/index.php?rest_route=%2Fwp%2Fv2%2Fcategories&post=15044"},{"taxonomy":"post_tag","embeddable":true,"href":"https:\/\/www.acusticauach.cl\/index.php?rest_route=%2Fwp%2Fv2%2Ftags&post=15044"}],"curies":[{"name":"wp","href":"https:\/\/api.w.org\/{rel}","templated":true}]}}