{"id":15032,"date":"2021-12-17T18:37:54","date_gmt":"2021-12-17T21:37:54","guid":{"rendered":"http:\/\/www.acusticauach.cl\/?p=15032"},"modified":"2021-12-17T18:38:20","modified_gmt":"2021-12-17T21:38:20","slug":"acus088-lenguaje-y-entrenamiento-auditivo-musical-2-6-2","status":"publish","type":"post","link":"https:\/\/www.acusticauach.cl\/?p=15032","title":{"rendered":"ACUS 085 Taller de Introducci\u00f3n al Audio Profesional"},"content":{"rendered":"\n<h2 class=\"wp-block-heading\"><strong>Profesor: <a href=\"https:\/\/www.acusticauach.cl\/?page_id=10823\">Felipe Figueroa<\/a><\/strong><\/h2>\n\n\n\n<h3 class=\"wp-block-heading\">Programa: <a href=\"https:\/\/www.acusticauach.cl\/?page_id=63\">Ingenier\u00eda Civil Ac\u00fastica<\/a><\/h3>\n\n\n\n<h4 class=\"wp-block-heading\">Semestre:<a href=\"https:\/\/www.acusticauach.cl\/?page_id=8259\"> III SEMESTRE<\/a><\/h4>\n\n\n\n<p><strong>Descripci\u00f3n:<\/strong> El Taller orienta a los estudiantes en el reconocer y elegir sistemas electroac\u00fasticos sencillos para refuerzo sonoro.<br> Mediante la revisi\u00f3n te\u00f3rica del funcionamiento general de sistemas sonoros y actividades pr\u00e1cticas grupales, el uso de equipamiento sonoro profesional es presentado para su selecci\u00f3n, armado y operaci\u00f3n a nivel b\u00e1sico.<\/p>\n","protected":false},"excerpt":{"rendered":"<p>Profesor: Felipe Figueroa Programa: Ingenier\u00eda Civil Ac\u00fastica Semestre: III SEMESTRE Descripci\u00f3n: El Taller orienta a los estudiantes en el reconocer y elegir sistemas electroac\u00fasticos sencillos para refuerzo sonoro. Mediante la revisi\u00f3n te\u00f3rica del funcionamiento general de sistemas sonoros y actividades pr\u00e1cticas grupales, el uso de equipamiento sonoro profesional es presentado para su selecci\u00f3n, armado y [&hellip;]<\/p>\n","protected":false},"author":2,"featured_media":15033,"comment_status":"closed","ping_status":"closed","sticky":false,"template":"","format":"standard","meta":{"footnotes":""},"categories":[1015],"tags":[1038],"class_list":["post-15032","post","type-post","status-publish","format-standard","has-post-thumbnail","hentry","category-asignaturas-de-acustica","tag-figueroa"],"_links":{"self":[{"href":"https:\/\/www.acusticauach.cl\/index.php?rest_route=\/wp\/v2\/posts\/15032","targetHints":{"allow":["GET"]}}],"collection":[{"href":"https:\/\/www.acusticauach.cl\/index.php?rest_route=\/wp\/v2\/posts"}],"about":[{"href":"https:\/\/www.acusticauach.cl\/index.php?rest_route=\/wp\/v2\/types\/post"}],"author":[{"embeddable":true,"href":"https:\/\/www.acusticauach.cl\/index.php?rest_route=\/wp\/v2\/users\/2"}],"replies":[{"embeddable":true,"href":"https:\/\/www.acusticauach.cl\/index.php?rest_route=%2Fwp%2Fv2%2Fcomments&post=15032"}],"version-history":[{"count":0,"href":"https:\/\/www.acusticauach.cl\/index.php?rest_route=\/wp\/v2\/posts\/15032\/revisions"}],"wp:featuredmedia":[{"embeddable":true,"href":"https:\/\/www.acusticauach.cl\/index.php?rest_route=\/wp\/v2\/media\/15033"}],"wp:attachment":[{"href":"https:\/\/www.acusticauach.cl\/index.php?rest_route=%2Fwp%2Fv2%2Fmedia&parent=15032"}],"wp:term":[{"taxonomy":"category","embeddable":true,"href":"https:\/\/www.acusticauach.cl\/index.php?rest_route=%2Fwp%2Fv2%2Fcategories&post=15032"},{"taxonomy":"post_tag","embeddable":true,"href":"https:\/\/www.acusticauach.cl\/index.php?rest_route=%2Fwp%2Fv2%2Ftags&post=15032"}],"curies":[{"name":"wp","href":"https:\/\/api.w.org\/{rel}","templated":true}]}}