{"id":14974,"date":"2021-11-30T00:45:47","date_gmt":"2021-11-30T03:45:47","guid":{"rendered":"http:\/\/www.acusticauach.cl\/?p=14974"},"modified":"2021-11-30T11:25:40","modified_gmt":"2021-11-30T14:25:40","slug":"academico-de-acusticauach-destaca-en-ranking-internacional-elsevier","status":"publish","type":"post","link":"https:\/\/www.acusticauach.cl\/?p=14974","title":{"rendered":"Acad\u00e9mico de Ac\u00fasticaUACh destaca en ranking internacional Elsevier"},"content":{"rendered":"\n<h4 class=\"wp-block-heading\"><strong>Investigadores de la Universidad Austral se posicionan dentro del 2% a nivel mundial en esta medici\u00f3n que considera el impacto de sus publicaciones y citas, entre otros indicadores. Entre ellos, destaca el profesor Jorge Arenas del Instituto de Ac\u00fastica.<\/strong><\/h4>\n\n\n\n<p><em><a href=\"https:\/\/diario.uach.cl\/cientificos-uach-destacan-en-ranking-internacional-elsevier\/\">Escrito por&nbsp;Prensa UACh&nbsp;29\/11\/2021<\/a><\/em><\/p>\n\n\n\n<p>Seis acad\u00e9micos de\nla Universidad Austral de Chile integran el selecto grupo de cient\u00edficos que\ncorresponde al top 2%, seg\u00fan el ranking Elsevier, el que se basa en los 100.000\nmejores investigadores a nivel mundial por puntaje c (con y sin autocitas).<\/p>\n\n\n\n<p>De acuerdo a lo\npublicado los investigadores UACh que destacan son: 1. Mario Simirgiotis\n(93.166), 2.&nbsp;Daniel Melnick (114.130), 3. Jorge Arenas (171.620), 4.\nManfred Max-Neef (174.837), 5.Antonio Lara (231.267) y 6.Mauro Gonz\u00e1lez\n(301.593).<\/p>\n\n\n\n<div class=\"wp-block-image\"><figure class=\"alignleft is-resized\"><img decoding=\"async\" src=\"https:\/\/www.acusticauach.cl\/wp-content\/uploads\/2021\/11\/Mario-Simirguiotis_2.png\" alt=\"\" class=\"wp-image-14975\" width=\"118\" height=\"74\" srcset=\"https:\/\/www.acusticauach.cl\/wp-content\/uploads\/2021\/11\/Mario-Simirguiotis_2.png 470w, https:\/\/www.acusticauach.cl\/wp-content\/uploads\/2021\/11\/Mario-Simirguiotis_2-300x190.png 300w, https:\/\/www.acusticauach.cl\/wp-content\/uploads\/2021\/11\/Mario-Simirguiotis_2-125x79.png 125w, https:\/\/www.acusticauach.cl\/wp-content\/uploads\/2021\/11\/Mario-Simirguiotis_2-75x47.png 75w\" sizes=\"(max-width: 118px) 100vw, 118px\" \/><\/figure><\/div>\n\n\n\n<p>Al respecto, el&nbsp;Director del Instituto de Farmacia de la Facultad de Ciencias, Dr. Mario Simirgiotis, se\u00f1al\u00f3 su alegr\u00eda por este resultado. \u201cUn motivo de gran orgullo por estar en el 2%&nbsp;de los mejores cient\u00edficos del mundo, a\u00f1o \u00fanico 2020, se lo dedico a los&nbsp;amigos&nbsp;colaboradores nacionales&nbsp;e&nbsp;internacionales y sobre&nbsp;todo a los&nbsp;t\u00e9cnicos,&nbsp;estudiantes de grado,&nbsp;postgrado y postdocs&nbsp;que trabajan&nbsp;arduamente&nbsp;con nosotros.&nbsp;Con esto se verifica que Chile est\u00e1 en un grupo selecto de pa\u00edses con su buen nivel de investigaci\u00f3n, y aqu\u00ed en el&nbsp;cono&nbsp;sur&nbsp;en Valdivia&nbsp;nosotros aportamos a este logro, en nuestro caso la qu\u00edmica de productos naturales&nbsp;se&nbsp;est\u00e1&nbsp;volviendo&nbsp;muy atractiva, en los \u00faltimos a\u00f1os se le ha dado mayor importancia a los productos bioactivos de plantas y frutas end\u00e9micas, y Chile tiene un gran potencial, por sus ecosistemas \u00fanicos que hay que proteger de la depredaci\u00f3n y contaminaci\u00f3n. Nuestra Universidad, por ejemplo,&nbsp;est\u00e1 inmersa en la selva valdiviana, que posee especies \u00fanicas en el mundo con potencial curativo como lo demuestra la ancestral medicina tradicional Mapuche\u201c.<\/p>\n\n\n\n<p><\/p>\n\n\n\n<div class=\"wp-block-image\"><figure class=\"alignright is-resized\"><img decoding=\"async\" src=\"https:\/\/www.acusticauach.cl\/wp-content\/uploads\/2021\/11\/Jorge_Arenas.jpg\" alt=\"\" class=\"wp-image-14976\" width=\"95\" height=\"138\" srcset=\"https:\/\/www.acusticauach.cl\/wp-content\/uploads\/2021\/11\/Jorge_Arenas.jpg 190w, https:\/\/www.acusticauach.cl\/wp-content\/uploads\/2021\/11\/Jorge_Arenas-86x125.jpg 86w, https:\/\/www.acusticauach.cl\/wp-content\/uploads\/2021\/11\/Jorge_Arenas-52x75.jpg 52w\" sizes=\"(max-width: 95px) 100vw, 95px\" \/><\/figure><\/div>\n\n\n\n<p>Tambi\u00e9n es mencionado en esta\nmedici\u00f3n el Dr. Jorge Arenas, del Instituto de Ac\u00fastica de la Facultad de\nCiencias de la Ingenier\u00eda, quien expres\u00f3 que \u201ces una muy buena noticia para la\nFacultad que mi nombre est\u00e9 incluido en esa lista de cient\u00edficos. Demuestra\nque, a pesar de todas las limitaciones, es posible hacer investigaci\u00f3n de alta\ncalidad y que sea valorada por otros investigadores en el mundo. Es una\ndistinci\u00f3n que&nbsp;me gustar\u00eda extender a todos los colegas y estudiantes,\napasionados por la Ac\u00fastica, con los que he trabajado a lo largo de tantos\na\u00f1os\u201d.<\/p>\n\n\n\n<div class=\"wp-block-image\"><figure class=\"alignleft is-resized\"><img decoding=\"async\" src=\"https:\/\/www.acusticauach.cl\/wp-content\/uploads\/2021\/11\/Mauro_Gonzalez.jpeg\" alt=\"\" class=\"wp-image-14977\" width=\"113\" height=\"113\" srcset=\"https:\/\/www.acusticauach.cl\/wp-content\/uploads\/2021\/11\/Mauro_Gonzalez.jpeg 225w, https:\/\/www.acusticauach.cl\/wp-content\/uploads\/2021\/11\/Mauro_Gonzalez-150x150.jpeg 150w, https:\/\/www.acusticauach.cl\/wp-content\/uploads\/2021\/11\/Mauro_Gonzalez-125x125.jpeg 125w, https:\/\/www.acusticauach.cl\/wp-content\/uploads\/2021\/11\/Mauro_Gonzalez-75x75.jpeg 75w\" sizes=\"(max-width: 113px) 100vw, 113px\" \/><\/figure><\/div>\n\n\n\n<p>El Dr. Mauro Gonz\u00e1lez y el Dr.\nAntonio Lara, ambos acad\u00e9micos del Instituto de Conservaci\u00f3n, Biodiversidad y\nTerritorio de la Facultad de Ciencias Forestales y Recursos Naturales,\nse\u00f1alaron su sorpresa y agradecimiento por aparecer en este ranking. \u201cUna\nsorpresiva noticia. De alguna manera recoge y resume un trabajo de\ninvestigaci\u00f3n colaborativa de varios a\u00f1os con colegas y estudiantes de Chile y\nel extranjero. La ecolog\u00eda y din\u00e1mica de los bosques nativos ha sido mi inter\u00e9s\ny pasi\u00f3n por m\u00e1s de 30 a\u00f1os y me parece excelente que la Universidad destaque y\nsea reconocida a trav\u00e9s de este reconocimiento\u201d, indic\u00f3 el Dr, Gonz\u00e1lez.<\/p>\n\n\n\n<div class=\"wp-block-image\"><figure class=\"alignright is-resized\"><img decoding=\"async\" src=\"https:\/\/www.acusticauach.cl\/wp-content\/uploads\/2021\/11\/antonio_lara.jpg\" alt=\"\" class=\"wp-image-14978\" width=\"128\" height=\"128\" srcset=\"https:\/\/www.acusticauach.cl\/wp-content\/uploads\/2021\/11\/antonio_lara.jpg 255w, https:\/\/www.acusticauach.cl\/wp-content\/uploads\/2021\/11\/antonio_lara-150x150.jpg 150w, https:\/\/www.acusticauach.cl\/wp-content\/uploads\/2021\/11\/antonio_lara-125x125.jpg 125w, https:\/\/www.acusticauach.cl\/wp-content\/uploads\/2021\/11\/antonio_lara-75x75.jpg 75w\" sizes=\"(max-width: 128px) 100vw, 128px\" \/><\/figure><\/div>\n\n\n\n<p>A su vez, el Dr. Lara expres\u00f3 que\n\u201cestar en un lugar alto en el ranking Elsevier es una satisfacci\u00f3n, un\nprivilegio y una responsabilidad y es el fruto de un largo trabajo en equipo.\nPrivilegio por dedicarme a generar conocimiento respecto a los bosques, el\nclima y la&nbsp;naturaleza. Responsabilidad de lograr que la evidencia\ncient\u00edfica que generamos y publicamos sea escuchada y considerada en la toma de\ndecisiones para enfrentar el cambio clim\u00e1tico, en el presente y sobre todo\nhacia el futuro.\u201d<\/p>\n\n\n\n<p>Cabe destacar la\nreferencia que este ranking hace a las publicaciones del Dr. Manfred Max-Neef\n(Facultad de Ciencias Econ\u00f3micas y Administrativas), quien falleci\u00f3 en 2019, lo\nque da cuenta de la trascendencia y el impacto que tiene el trabajo que realiz\u00f3\ndurante toda su trayectoria acad\u00e9mica.<\/p>\n\n\n\n<p><strong>Sobre esta medici\u00f3n<\/strong><\/p>\n\n\n\n<p>Seg\u00fan se detalla en\nel sitio de este ranking, Elsevier ha creado una base de datos disponible\np\u00fablicamente de m\u00e1s de 100.000 cient\u00edficos de primer nivel que proporciona\ninformaci\u00f3n estandarizada sobre citas, \u00edndice h, \u00edndice hm ajustado por\ncoautor\u00eda, citas de art\u00edculos en diferentes posiciones de autor\u00eda y un\nindicador compuesto. Se muestran datos separados para el impacto de un a\u00f1o y de\ntoda la carrera. Asimismo, se proporcionan m\u00e9tricas con y sin autocitas y la\nproporci\u00f3n de citas a art\u00edculos&nbsp;que citan.<\/p>\n\n\n\n<div class=\"wp-block-image\"><figure class=\"aligncenter\"><img decoding=\"async\" width=\"214\" height=\"236\" src=\"https:\/\/www.acusticauach.cl\/wp-content\/uploads\/2021\/11\/Elsevier_logo.jpeg\" alt=\"\" class=\"wp-image-14979\" srcset=\"https:\/\/www.acusticauach.cl\/wp-content\/uploads\/2021\/11\/Elsevier_logo.jpeg 214w, https:\/\/www.acusticauach.cl\/wp-content\/uploads\/2021\/11\/Elsevier_logo-113x125.jpeg 113w, https:\/\/www.acusticauach.cl\/wp-content\/uploads\/2021\/11\/Elsevier_logo-68x75.jpeg 68w\" sizes=\"(max-width: 214px) 100vw, 214px\" \/><\/figure><\/div>\n\n\n\n<p>Para ello se\nclasifican en 22 campos cient\u00edficos y 176 subcampos. Tambi\u00e9n se proporcionan\npercentiles espec\u00edficos de campo y subcampo para todos los cient\u00edficos que\nhayan publicado al menos 5 art\u00edculos. Los datos de toda la carrera se\nactualiz\u00f3&nbsp;hasta finales de 2020. La selecci\u00f3n se basa en los 100.000\nmejores por puntaje c (con y sin autocitas) o un rango percentil del 2% o m\u00e1s.<\/p>\n\n\n\n<p>El conjunto de datos y el c\u00f3digo proporcionan una actualizaci\u00f3n de los datos de la versi\u00f3n 1 publicados anteriormente en&nbsp;<a rel=\"noreferrer noopener\" aria-label=\" (abre en una nueva pesta\u00f1a)\" href=\"https:\/\/doi.org\/10.17632\/btchxktzyw.1\" target=\"_blank\">https:\/\/doi.org\/10.17632\/btchxktzyw.1<\/a>; El conjunto de datos de la versi\u00f3n 2 se basa en la instant\u00e1nea del 6 de mayo de 2020 de Scopus y se actualiza al a\u00f1o de cita 2019 disponible en&nbsp;<a href=\"https:\/\/doi.org\/10.17632\/btchxktzyw.2\" target=\"_blank\" rel=\"noreferrer noopener\" aria-label=\" (abre en una nueva pesta\u00f1a)\">https:\/\/doi.org\/10.17632\/btchxktzyw.2<\/a><\/p>\n\n\n\n<p>Esta versi\u00f3n (3) se\nbasa en la instant\u00e1nea del 1 de agosto de 2021 de Scopus y se actualiza al a\u00f1o\nde la cita 2020.<\/p>\n\n\n\n<p>M\u00e1s informaci\u00f3n aqu\u00ed:&nbsp;<a href=\"https:\/\/elsevier.digitalcommonsdata.com\/datasets\/btchxktzyw\/3\" target=\"_blank\" rel=\"noreferrer noopener\" aria-label=\" (abre en una nueva pesta\u00f1a)\">https:\/\/elsevier.digitalcommonsdata.com\/datasets\/btchxktzyw\/<\/a><\/p>\n","protected":false},"excerpt":{"rendered":"<p>Investigadores de la Universidad Austral se posicionan dentro del 2% a nivel mundial en esta medici\u00f3n que considera el impacto de sus publicaciones y citas, entre otros indicadores. Entre ellos, destaca el profesor Jorge Arenas del Instituto de Ac\u00fastica. Escrito por&nbsp;Prensa UACh&nbsp;29\/11\/2021 Seis acad\u00e9micos de la Universidad Austral de Chile integran el selecto grupo de [&hellip;]<\/p>\n","protected":false},"author":2,"featured_media":14980,"comment_status":"closed","ping_status":"closed","sticky":false,"template":"","format":"standard","meta":{"footnotes":""},"categories":[908],"tags":[48,1036,112,78,915,242,216],"class_list":["post-14974","post","type-post","status-publish","format-standard","has-post-thumbnail","hentry","category-investigacion","tag-arenas","tag-editorial","tag-internacional","tag-investigacion-2","tag-portada","tag-publicacion","tag-ranking"],"_links":{"self":[{"href":"https:\/\/www.acusticauach.cl\/index.php?rest_route=\/wp\/v2\/posts\/14974","targetHints":{"allow":["GET"]}}],"collection":[{"href":"https:\/\/www.acusticauach.cl\/index.php?rest_route=\/wp\/v2\/posts"}],"about":[{"href":"https:\/\/www.acusticauach.cl\/index.php?rest_route=\/wp\/v2\/types\/post"}],"author":[{"embeddable":true,"href":"https:\/\/www.acusticauach.cl\/index.php?rest_route=\/wp\/v2\/users\/2"}],"replies":[{"embeddable":true,"href":"https:\/\/www.acusticauach.cl\/index.php?rest_route=%2Fwp%2Fv2%2Fcomments&post=14974"}],"version-history":[{"count":0,"href":"https:\/\/www.acusticauach.cl\/index.php?rest_route=\/wp\/v2\/posts\/14974\/revisions"}],"wp:featuredmedia":[{"embeddable":true,"href":"https:\/\/www.acusticauach.cl\/index.php?rest_route=\/wp\/v2\/media\/14980"}],"wp:attachment":[{"href":"https:\/\/www.acusticauach.cl\/index.php?rest_route=%2Fwp%2Fv2%2Fmedia&parent=14974"}],"wp:term":[{"taxonomy":"category","embeddable":true,"href":"https:\/\/www.acusticauach.cl\/index.php?rest_route=%2Fwp%2Fv2%2Fcategories&post=14974"},{"taxonomy":"post_tag","embeddable":true,"href":"https:\/\/www.acusticauach.cl\/index.php?rest_route=%2Fwp%2Fv2%2Ftags&post=14974"}],"curies":[{"name":"wp","href":"https:\/\/api.w.org\/{rel}","templated":true}]}}