{"id":14966,"date":"2021-11-29T12:33:03","date_gmt":"2021-11-29T15:33:03","guid":{"rendered":"http:\/\/www.acusticauach.cl\/?p=14966"},"modified":"2021-11-29T12:34:30","modified_gmt":"2021-11-29T15:34:30","slug":"sello-aleman-lanza-album-con-obras-musicales-de-concierto-de-parlantes","status":"publish","type":"post","link":"https:\/\/www.acusticauach.cl\/?p=14966","title":{"rendered":"SELLO ALEM\u00c1N LANZA \u00c1LBUM CON OBRAS MUSICALES DE CONCIERTO DE PARLANTES"},"content":{"rendered":"\n<h4 class=\"wp-block-heading\"><strong>Hace algunos d\u00edas, y en el marco del primer aniversario de <\/strong><a rel=\"noreferrer noopener\" aria-label=\"Centro de Innovaci\u00f3n y Emprendimiento de la Facultad de Ciencias de la Ingenier\u00eda UACh4K  (abre en una nueva pesta\u00f1a)\" href=\"https:\/\/www.14k.cl\/\" target=\"_blank\"><strong>Centro de Innovaci\u00f3n y Emprendimiento de la Facultad de Ciencias de la Ingenier\u00eda UACh4 14K <\/strong><\/a><strong>se realiz\u00f3 el\u00a0Concierto de Parlantes:\u00a0una experiencia sonora inmersiva creada a partir de obras que compositores internacionales adaptaron de las grabaciones del proyecto\u00a0<\/strong><em><strong><a href=\"https:\/\/soundlapse.net\/\" target=\"_blank\" rel=\"noreferrer noopener\" aria-label=\" (abre en una nueva pesta\u00f1a)\">Soundlapse<\/a><\/strong><\/em><strong>.\u00a0Las piezas son hoy\u00a0parte del \u00e1lbum digital producido por el sello alem\u00e1n Gruenrekorder,\u00a0que ya se encuentra disponible a nivel mundial.<\/strong><\/h4>\n\n\n\n<p><em>Escrito por 14K<\/em><\/p>\n\n\n\n<p>Una semicircunsferencia creada por parlantes de alta gama y dentro de ella, aproximadamente 20 personas que por primera vez se enfrentaban a una experiencia \u00fanica denominada\u00a0<strong><em>Concierto de Parlantes<\/em><\/strong>. Esa fue la imagen que se reiter\u00f3 por tres d\u00edas seguidos en\u00a0<a href=\"http:\/\/www.14k.cl\/\" target=\"_blank\" rel=\"noreferrer noopener\" aria-label=\" (abre en una nueva pesta\u00f1a)\">Centro 14K<\/a>, donde luego de una breve introducci\u00f3n, y como si hubiese sido se\u00f1alado,\u00a0<strong>el p\u00fablico cerr\u00f3 sus ojos y se entreg\u00f3 a esta experiencia inmersiva.<\/strong>\u00a0Por 20 minutos<strong>\u00a0los sonidos intervenidos de humedales urbanos, trasladaron al p\u00fablico al paisaje cotidiano, ese que pocas veces nos detenemos a escuchar.<\/strong><\/p>\n\n\n\n<div class=\"wp-block-image\"><figure class=\"aligncenter\"><img decoding=\"async\" width=\"800\" height=\"450\" src=\"https:\/\/www.acusticauach.cl\/wp-content\/uploads\/2021\/11\/soundlapse_02_16x9.jpg\" alt=\"\" class=\"wp-image-14968\" srcset=\"https:\/\/www.acusticauach.cl\/wp-content\/uploads\/2021\/11\/soundlapse_02_16x9.jpg 800w, https:\/\/www.acusticauach.cl\/wp-content\/uploads\/2021\/11\/soundlapse_02_16x9-300x169.jpg 300w, https:\/\/www.acusticauach.cl\/wp-content\/uploads\/2021\/11\/soundlapse_02_16x9-768x432.jpg 768w, https:\/\/www.acusticauach.cl\/wp-content\/uploads\/2021\/11\/soundlapse_02_16x9-125x70.jpg 125w, https:\/\/www.acusticauach.cl\/wp-content\/uploads\/2021\/11\/soundlapse_02_16x9-75x42.jpg 75w\" sizes=\"(max-width: 800px) 100vw, 800px\" \/><figcaption> \u00c1lbum digital en <a rel=\"noreferrer noopener\" href=\"https:\/\/soundlapse.net\/music-album\/\" target=\"_blank\">https:\/\/soundlapse.net\/music-album\/<\/a> <\/figcaption><\/figure><\/div>\n\n\n\n<p>\u00abVi al p\u00fablico muy conectado con lo que estaban presenciando\u00bb, cuenta el Dr.\u00a0<strong>Felipe Otondo<\/strong>, Acad\u00e9mico del Instituto de Ac\u00fastica de la\u00a0<a href=\"http:\/\/www.ingenieria.uach.cl\/\">FCI<\/a>, Director del Laboratorio de Arte y Tecnolog\u00eda (<a rel=\"noreferrer noopener\" aria-label=\" (abre en una nueva pesta\u00f1a)\" href=\"https:\/\/latelab.net\/\" target=\"_blank\">LATE<\/a>) y creador del proyecto\u00a0<strong><em><a href=\"https:\/\/soundlapse.net\/\" target=\"_blank\" rel=\"noreferrer noopener\" aria-label=\" (abre en una nueva pesta\u00f1a)\">Soundlapse<\/a><\/em>\u00a0(Fondecyt 1190722)<\/strong>\u00a0<strong>que dio origen a este particular espect\u00e1culo.<\/strong>\u00a0\u00abPienso que la experiencia fue muy positiva y nos permiti\u00f3 acercarnos a un p\u00fablico diverso, que se entreg\u00f3 a esta vivencia sensorial y \u00fanica\u00bb. a\u00f1adi\u00f3.<\/p>\n\n\n\n<p><strong><em><a href=\"https:\/\/soundlapse.net\/\" target=\"_blank\" rel=\"noreferrer noopener\" aria-label=\" (abre en una nueva pesta\u00f1a)\">Soundlapse<\/a><\/em><\/strong>\u00a0creado en 2019 y premiado en varias instancias a nivel nacional e internacional, tuvo como objetivo investigar acerca del paisaje sonoro de los humedales urbanos de Valdivia y reconocer su valor patrimonial, a trav\u00e9s de\u00a0<strong>breves muestras de audio registradas durante 24 horas, las mismas que posteriormente dar\u00edan origen a estas composiciones.<\/strong><\/p>\n\n\n\n<div class=\"wp-block-image\"><figure class=\"aligncenter\"><img decoding=\"async\" width=\"320\" height=\"320\" src=\"https:\/\/www.acusticauach.cl\/wp-content\/uploads\/2021\/11\/soundlapse_album_draft_320.jpg\" alt=\"\" class=\"wp-image-14969\" srcset=\"https:\/\/www.acusticauach.cl\/wp-content\/uploads\/2021\/11\/soundlapse_album_draft_320.jpg 320w, https:\/\/www.acusticauach.cl\/wp-content\/uploads\/2021\/11\/soundlapse_album_draft_320-150x150.jpg 150w, https:\/\/www.acusticauach.cl\/wp-content\/uploads\/2021\/11\/soundlapse_album_draft_320-300x300.jpg 300w, https:\/\/www.acusticauach.cl\/wp-content\/uploads\/2021\/11\/soundlapse_album_draft_320-125x125.jpg 125w, https:\/\/www.acusticauach.cl\/wp-content\/uploads\/2021\/11\/soundlapse_album_draft_320-75x75.jpg 75w\" sizes=\"(max-width: 320px) 100vw, 320px\" \/><figcaption> \u00c1lbum digital en <a rel=\"noreferrer noopener\" href=\"https:\/\/soundlapse.net\/music-album\/\" target=\"_blank\">https:\/\/soundlapse.net\/music-album\/<\/a> <\/figcaption><\/figure><\/div>\n\n\n\n<p>Parte de los espectadores\nfueron personas ciegas de la Escuela Diferencial Ann Sullivan<\/p>\n\n\n\n<p>En\u00a0<strong><em>Concierto de Parlantes<\/em><\/strong>, las piezas se presentaron como una orquesta de altavoces dise\u00f1adas para la ocasi\u00f3n, con adaptaciones de<strong>\u00a0los artistas Pete Stollery de Escocia, Francisco L\u00f3pez de Espa\u00f1a, Brona Martin de Irlanda, Aki, Pasoulas de Grecia, Alejandro Albornoz de Chile, Robert Mackay de Inglaterra y Felipe Otondo, que son parte del \u00e1lbum digital publicado recientemente por el sello alem\u00e1n<a href=\"https:\/\/www.gruenrekorder.de\/?page_id=18999\" target=\"_blank\" rel=\"noreferrer noopener\" aria-label=\" (abre en una nueva pesta\u00f1a)\">\u00a0Gruenrekorder.<\/a><\/strong><\/p>\n\n\n\n<p>\u00ab<strong>La idea de trabajar con artistas internacionales surgi\u00f3 de\ncontactos internacionales que hemos ido estableciendo como LATE, con creadores\ne investigadores de diversas instituciones vinculadas a las tecnolog\u00edas\ncreativas<\/strong>\u00ab, cuenta Otondo quien gest\u00f3 esta colaboraci\u00f3n.<\/p>\n\n\n\n<div class=\"wp-block-image\"><figure class=\"aligncenter\"><img decoding=\"async\" width=\"800\" height=\"450\" src=\"https:\/\/www.acusticauach.cl\/wp-content\/uploads\/2021\/11\/soundlapse_03_16x9.jpg\" alt=\"\" class=\"wp-image-14970\" srcset=\"https:\/\/www.acusticauach.cl\/wp-content\/uploads\/2021\/11\/soundlapse_03_16x9.jpg 800w, https:\/\/www.acusticauach.cl\/wp-content\/uploads\/2021\/11\/soundlapse_03_16x9-300x169.jpg 300w, https:\/\/www.acusticauach.cl\/wp-content\/uploads\/2021\/11\/soundlapse_03_16x9-768x432.jpg 768w, https:\/\/www.acusticauach.cl\/wp-content\/uploads\/2021\/11\/soundlapse_03_16x9-125x70.jpg 125w, https:\/\/www.acusticauach.cl\/wp-content\/uploads\/2021\/11\/soundlapse_03_16x9-75x42.jpg 75w\" sizes=\"(max-width: 800px) 100vw, 800px\" \/><figcaption>\u00c1lbum digital en <a href=\"https:\/\/soundlapse.net\/music-album\/\" target=\"_blank\" rel=\"noreferrer noopener\" aria-label=\"https:\/\/soundlapse.net\/music-album\/ (abre en una nueva pesta\u00f1a)\">https:\/\/soundlapse.net\/music-album\/<\/a><\/figcaption><\/figure><\/div>\n\n\n\n<p>Estreno\ninternacional<\/p>\n\n\n\n<p>A continuaci\u00f3n les compartimos el \u00e1lbum digital, con&nbsp;<strong>versiones est\u00e9reo y binaural de las obras musicales presentadas\nen&nbsp;<em>Concierto de Parlantes<\/em>.<\/strong>&nbsp;Les recomendamos\nescuchar las obras con aud\u00edfonos para apreciar de mejor manera la espacialidad\ny riqueza t\u00edmbrica de las grabaciones del paisaje sonoro de los humedales<\/p>\n\n\n\n<p>Esc\u00fachalo<strong><a href=\"https:\/\/www.gruenrekorder.de\/?page_id=18999\" target=\"_blank\" rel=\"noreferrer noopener\" aria-label=\" (abre en una nueva pesta\u00f1a)\">\u00a0AQU\u00cd.<\/a><\/strong><\/p>\n","protected":false},"excerpt":{"rendered":"<p>Hace algunos d\u00edas, y en el marco del primer aniversario de Centro de Innovaci\u00f3n y Emprendimiento de la Facultad de Ciencias de la Ingenier\u00eda UACh4 14K se realiz\u00f3 el\u00a0Concierto de Parlantes:\u00a0una experiencia sonora inmersiva creada a partir de obras que compositores internacionales adaptaron de las grabaciones del proyecto\u00a0Soundlapse.\u00a0Las piezas son hoy\u00a0parte del \u00e1lbum digital producido [&hellip;]<\/p>\n","protected":false},"author":2,"featured_media":14967,"comment_status":"closed","ping_status":"closed","sticky":false,"template":"","format":"standard","meta":{"footnotes":""},"categories":[909],"tags":[1035,1033,415,156,105,596,589,995,189,240,915,922],"class_list":["post-14966","post","type-post","status-publish","format-standard","has-post-thumbnail","hentry","category-vinculacion","tag-1035","tag-14k","tag-composicion","tag-concierto","tag-fondecyt","tag-humedal","tag-humedales","tag-late","tag-musica","tag-otondo","tag-portada","tag-soundlapse"],"_links":{"self":[{"href":"https:\/\/www.acusticauach.cl\/index.php?rest_route=\/wp\/v2\/posts\/14966","targetHints":{"allow":["GET"]}}],"collection":[{"href":"https:\/\/www.acusticauach.cl\/index.php?rest_route=\/wp\/v2\/posts"}],"about":[{"href":"https:\/\/www.acusticauach.cl\/index.php?rest_route=\/wp\/v2\/types\/post"}],"author":[{"embeddable":true,"href":"https:\/\/www.acusticauach.cl\/index.php?rest_route=\/wp\/v2\/users\/2"}],"replies":[{"embeddable":true,"href":"https:\/\/www.acusticauach.cl\/index.php?rest_route=%2Fwp%2Fv2%2Fcomments&post=14966"}],"version-history":[{"count":0,"href":"https:\/\/www.acusticauach.cl\/index.php?rest_route=\/wp\/v2\/posts\/14966\/revisions"}],"wp:featuredmedia":[{"embeddable":true,"href":"https:\/\/www.acusticauach.cl\/index.php?rest_route=\/wp\/v2\/media\/14967"}],"wp:attachment":[{"href":"https:\/\/www.acusticauach.cl\/index.php?rest_route=%2Fwp%2Fv2%2Fmedia&parent=14966"}],"wp:term":[{"taxonomy":"category","embeddable":true,"href":"https:\/\/www.acusticauach.cl\/index.php?rest_route=%2Fwp%2Fv2%2Fcategories&post=14966"},{"taxonomy":"post_tag","embeddable":true,"href":"https:\/\/www.acusticauach.cl\/index.php?rest_route=%2Fwp%2Fv2%2Ftags&post=14966"}],"curies":[{"name":"wp","href":"https:\/\/api.w.org\/{rel}","templated":true}]}}