{"id":14904,"date":"2021-10-29T15:17:35","date_gmt":"2021-10-29T18:17:35","guid":{"rendered":"http:\/\/www.acusticauach.cl\/?p=14904"},"modified":"2021-11-06T12:34:07","modified_gmt":"2021-11-06T15:34:07","slug":"primer-graduado-con-doble-titulacion-internacional-tiene-el-magister-en-acustica-y-vibraciones-uach","status":"publish","type":"post","link":"https:\/\/www.acusticauach.cl\/?p=14904","title":{"rendered":"Primer graduado con doble titulaci\u00f3n internacional tiene el Mag\u00edster en Ac\u00fastica y Vibraciones UACh"},"content":{"rendered":"\n<h3 class=\"wp-block-heading\"><strong>Estudiante de posgrado de la Universidad Polit\u00e9cnica de Valencia opt\u00f3 al programa del convenio de postgrado entre la instituci\u00f3n espa\u00f1ola y la Facultad de Ciencias de la Ingenier\u00eda UACh. <\/strong><\/h3>\n\n\n\n<p><em>Escrito por PrensaFCI<\/em><\/p>\n\n\n\n<p>El primer graduado bajo la modalidad de doble titulaci\u00f3n, sum\u00f3 el programa de\u00a0<strong><a href=\"https:\/\/www.acusticauach.cl\/?page_id=164\" target=\"_blank\" rel=\"noreferrer noopener\" aria-label=\" (abre en una nueva pesta\u00f1a)\">Mag\u00edster en Ac\u00fastica y Vibraciones<\/a><\/strong>\u00a0de la Facultad de Ciencias de la Ingenier\u00eda UACh.<\/p>\n\n\n\n<p>Se trata de&nbsp;<strong>Enrique Gonz\u00e1lez Mateo<\/strong>, Ingeniero t\u00e9cnico de Imagen y Sonido en Telecomunicaciones de la Universidad de Alicante, y estudiante del M\u00e1ster Universitario en Ingenier\u00eda Ac\u00fastica de&nbsp;la Universidad Polit\u00e9cnica de Valencia (UPV),&nbsp;quien realiz\u00f3 recientemente la defensa de su trabajo final de doble&nbsp;titulaci\u00f3n&nbsp;entre la UPV y la Universidad Austral de Chile (UACh).<\/p>\n\n\n\n<p>En la ocasi\u00f3n, la investigaci\u00f3n presentada fue&nbsp;<strong>\u201cMetamaterial absorbente de alta porosidad para problemas en transmisi\u00f3n\u201d<\/strong>, y abord\u00f3 el dise\u00f1o de un metamaterial ac\u00fastico compuesto por ranuras, cuyo objetivo es obtener una absorci\u00f3n en un ancho de banda elevado. \u201cLo curioso de este material es que a la vez que puede llegar a absorber el sonido a frecuencias de trabajo concretas, tambi\u00e9n permite la ventilaci\u00f3n debido a las ranuras que lo componen. Este material puede tener aplicaciones interesantes como la reducci\u00f3n de ruido de m\u00e1quinas en ingenier\u00eda industrial\u201d, precis\u00f3 Gonz\u00e1lez.<\/p>\n\n\n\n<p>El nuevo graduado, destac\u00f3 la vinculaci\u00f3n entre la&nbsp;<strong>Universidad Polit\u00e9cnica de Valencia y la Universidad Austral de Chile<\/strong>, que le ha permitido obtener una&nbsp;<strong>doble titulaci\u00f3n<\/strong>, y que a su juicio \u201cme ha resultado muy enriquecedor tanto a nivel personal como profesional. Aunque en mi caso no he podido realizar la doble titulaci\u00f3n de manera presencial debido a la pandemia, creo que es una muy buena oportunidad de realizar una estancia internacional tanto para los alumnos de la UPV como los de la UACh. Destacar la gran acogida por parte del profesorado del Mag\u00edster en Ac\u00fastica y Vibraciones (UACh) y las facilidades ofrecidas por los encargados del M\u00e1ster en Ingenier\u00eda Ac\u00fastica (UPV)\u201d.<\/p>\n\n\n\n<p>En relaci\u00f3n a las posibilidades tanto laborales como acad\u00e9micas que se abren al contar con una doble titulaci\u00f3n internacional, Enrique Gonz\u00e1lez, sostuvo que \u201cel poder tener una doble titulaci\u00f3n internacional con universidades tan potentes como la UPV y la UACh, puede ofrecer muchas salidas profesionales tanto en el mundo de la investigaci\u00f3n como en el sector de la empresa. Adem\u00e1s, cabe destacar la gran agenda de contactos que disponen ambas titulaciones\u201d.<\/p>\n\n\n\n<p>Gonz\u00e1lez, tambi\u00e9n valor\u00f3 el apoyo de los acad\u00e9micos que participaron en su investigaci\u00f3n, especialmente el apoyo recibido por el profesor e investigador del Instituto de Ac\u00fastica UACh, Dr. Rodolfo Venegas. \u201cDesde el primer minuto tuve claro que Rodolfo ser\u00eda la persona id\u00f3nea para tutorizar el trabajo realizado para el mag\u00edster y no me equivocaba. Tambi\u00e9n ayud\u00f3 mucho que los investigadores por parte de la UPV tuvieran una buena relaci\u00f3n con los de la UACh\u201d, afirm\u00f3.<\/p>\n\n\n\n<p>Finalmente, el doble titulado del Mag\u00edster en Ac\u00fastica y Vibraciones, reconoci\u00f3 del programa de estudios \u201cel \u00e9nfasis que se le da a la cultura de la investigaci\u00f3n y el pensamiento cr\u00edtico por parte del profesorado y del programa de doble titulaci\u00f3n, llegando a permitir presentar el trabajo final de mag\u00edster en formato de art\u00edculo cient\u00edfico\u201d.<\/p>\n\n\n\n<div class=\"wp-block-image\"><figure class=\"aligncenter\"><img decoding=\"async\" width=\"900\" height=\"600\" src=\"https:\/\/www.acusticauach.cl\/wp-content\/uploads\/2021\/10\/Trabajo_EMGM.jpeg\" alt=\"\" class=\"wp-image-14905\" srcset=\"https:\/\/www.acusticauach.cl\/wp-content\/uploads\/2021\/10\/Trabajo_EMGM.jpeg 900w, https:\/\/www.acusticauach.cl\/wp-content\/uploads\/2021\/10\/Trabajo_EMGM-300x200.jpeg 300w, https:\/\/www.acusticauach.cl\/wp-content\/uploads\/2021\/10\/Trabajo_EMGM-768x512.jpeg 768w, https:\/\/www.acusticauach.cl\/wp-content\/uploads\/2021\/10\/Trabajo_EMGM-125x83.jpeg 125w, https:\/\/www.acusticauach.cl\/wp-content\/uploads\/2021\/10\/Trabajo_EMGM-75x50.jpeg 75w\" sizes=\"(max-width: 900px) 100vw, 900px\" \/><figcaption>Enrique Gonz\u00e1lez Mateo, primer doble graduado del  \u00a0<strong><a rel=\"noreferrer noopener\" href=\"https:\/\/www.acusticauach.cl\/?page_id=164\" target=\"_blank\">Mag\u00edster en Ac\u00fastica y Vibraciones<\/a><\/strong>\u00a0 <\/figcaption><\/figure><\/div>\n\n\n\n<p><strong>VALIDACI\u00d3N INTERNACIONAL<\/strong><\/p>\n\n\n\n<p>Como integrantes de la comisi\u00f3n de profesores tutores y cotutores de ambas instituciones, participaron como Director el Dr. Francisco Camarena Femenia (UPV) y como codirectores el Dr. No\u00e9 Jim\u00e9nez&nbsp;Gonz\u00e1lez&nbsp;(UPV) y el&nbsp;<strong>Dr. Rodolfo Venegas Castillo<\/strong>&nbsp;(Acad\u00e9mico del Instituto de Ac\u00fastica UACh).<\/p>\n\n\n\n<p>Al respecto, el Dr. Venegas, manifest\u00f3 que el programa de&nbsp;<a href=\"https:\/\/www.acusticauach.cl\/?page_id=11074\" target=\"_blank\" rel=\"noreferrer noopener\">Doble Titulaci\u00f3n del Mag\u00edster en Ac\u00fastica y Vibraciones&nbsp;<\/a>\u201ces una buena iniciativa que provee un marco formal que facilita colaboraciones cient\u00edficas internacionales\u201d.<\/p>\n\n\n\n<p>Mientras que el&nbsp;<strong>Director de Relaciones Internacionales de la Facultad de Ciencias de la Ingenier\u00eda UACh, Dr. Jorge Arenas<\/strong>, manifest\u00f3 que \u201ceste convenio, es una validaci\u00f3n internacional de la calidad de nuestro programa y un reconocimiento a la trayectoria del Instituto de Ac\u00fastica. Estos convenios permiten fortalecer de mejor manera los lazos internacionales entre nuestras instituciones y aportan a los indicadores de calidad y de internacionalizaci\u00f3n de nuestra facultad\u201d, concluy\u00f3.<\/p>\n\n\n\n<p>La doble titulaci\u00f3n entre el M\u00e1ster Universitario en Ingenier\u00eda Ac\u00fastica (MUIA) de la Universidad Polit\u00e9cnica de Valencia (Espa\u00f1a) y el Mag\u00edster en Ac\u00fastica y Vibraciones de la Universidad Austral de Chile (UACh), es parte de un acuerdo suscrito entre ambas instituciones, complementando y compartiendo sus programas formativos, y entregando la posibilidad de realizar la tesis con el apoyo de investigadores de primer nivel de ambos pa\u00edses.<\/p>\n","protected":false},"excerpt":{"rendered":"<p>Estudiante de posgrado de la Universidad Polit\u00e9cnica de Valencia opt\u00f3 al programa del convenio de postgrado entre la instituci\u00f3n espa\u00f1ola y la Facultad de Ciencias de la Ingenier\u00eda UACh. Escrito por PrensaFCI El primer graduado bajo la modalidad de doble titulaci\u00f3n, sum\u00f3 el programa de\u00a0Mag\u00edster en Ac\u00fastica y Vibraciones\u00a0de la Facultad de Ciencias de la [&hellip;]<\/p>\n","protected":false},"author":2,"featured_media":14907,"comment_status":"closed","ping_status":"closed","sticky":false,"template":"","format":"standard","meta":{"footnotes":""},"categories":[907],"tags":[1030,931,695,78,153,780,327,986,985,915,748],"class_list":["post-14904","post","type-post","status-publish","format-standard","has-post-thumbnail","hentry","category-postgrado","tag-boletin","tag-doble-titulacion","tag-graduado","tag-investigacion-2","tag-magister","tag-magister-en-acustica-y-vibraciones","tag-materiales","tag-materiales-acusticos","tag-porosos","tag-portada","tag-venegas"],"_links":{"self":[{"href":"https:\/\/www.acusticauach.cl\/index.php?rest_route=\/wp\/v2\/posts\/14904","targetHints":{"allow":["GET"]}}],"collection":[{"href":"https:\/\/www.acusticauach.cl\/index.php?rest_route=\/wp\/v2\/posts"}],"about":[{"href":"https:\/\/www.acusticauach.cl\/index.php?rest_route=\/wp\/v2\/types\/post"}],"author":[{"embeddable":true,"href":"https:\/\/www.acusticauach.cl\/index.php?rest_route=\/wp\/v2\/users\/2"}],"replies":[{"embeddable":true,"href":"https:\/\/www.acusticauach.cl\/index.php?rest_route=%2Fwp%2Fv2%2Fcomments&post=14904"}],"version-history":[{"count":0,"href":"https:\/\/www.acusticauach.cl\/index.php?rest_route=\/wp\/v2\/posts\/14904\/revisions"}],"wp:featuredmedia":[{"embeddable":true,"href":"https:\/\/www.acusticauach.cl\/index.php?rest_route=\/wp\/v2\/media\/14907"}],"wp:attachment":[{"href":"https:\/\/www.acusticauach.cl\/index.php?rest_route=%2Fwp%2Fv2%2Fmedia&parent=14904"}],"wp:term":[{"taxonomy":"category","embeddable":true,"href":"https:\/\/www.acusticauach.cl\/index.php?rest_route=%2Fwp%2Fv2%2Fcategories&post=14904"},{"taxonomy":"post_tag","embeddable":true,"href":"https:\/\/www.acusticauach.cl\/index.php?rest_route=%2Fwp%2Fv2%2Ftags&post=14904"}],"curies":[{"name":"wp","href":"https:\/\/api.w.org\/{rel}","templated":true}]}}