{"id":14879,"date":"2021-10-20T19:02:33","date_gmt":"2021-10-20T22:02:33","guid":{"rendered":"http:\/\/www.acusticauach.cl\/?p=14879"},"modified":"2021-11-06T12:55:39","modified_gmt":"2021-11-06T15:55:39","slug":"tituladas-estudiantes-y-profesores-de-ingenieria-civil-acustica-daran-charla-online-2","status":"publish","type":"post","link":"https:\/\/www.acusticauach.cl\/?p=14879","title":{"rendered":"[VIDEO] Conoce Ingenier\u00eda Civil Ac\u00fastica una de las carreras exclusivas de la Universidad Austral de Chile"},"content":{"rendered":"\n<h2 class=\"wp-block-heading\">Charla OnLine fue ofrecida por tituladas, estudiantes y profesores de Ingenier\u00eda Civil Ac\u00fastica<\/h2>\n\n\n\n<p>La presentaci\u00f3n estuvo a cargo de la unidad de Admisi\u00f3n de Carreras de la Universidad Austral de Chile, y participaron el Director de la carrera Prof. Rodrigo Torres, el estudiante Diego Espejo y las tituladas de la carrera Reina Canto y Alexandra Montenegro.<\/p>\n\n\n\n<figure class=\"wp-block-embed-youtube wp-block-embed is-type-video is-provider-youtube wp-embed-aspect-16-9 wp-has-aspect-ratio\"><div class=\"wp-block-embed__wrapper\">\n<iframe title=\"Conoce Ingenier\u00eda Civil Ac\u00fastica (19 de octubre de 2021)\" width=\"1200\" height=\"675\" src=\"https:\/\/www.youtube.com\/embed\/LhKmSm1lfjM?feature=oembed\" frameborder=\"0\" allow=\"accelerometer; autoplay; clipboard-write; encrypted-media; gyroscope; picture-in-picture\" allowfullscreen><\/iframe>\n<\/div><figcaption>Ver el video en nuestro Canal de Youtube https:\/\/www.youtube.com\/user\/acusticauach<\/figcaption><\/figure>\n\n\n\n<hr class=\"wp-block-separator\"\/>\n\n\n\n<p>La transmisi\u00f3n se realiz\u00f3 a trav\u00e9s del Canal de YouTube de Difusi\u00f3n de Carreras UACh de la Universidad Austral de Chile el martes 19 de octubre a las 18:00h.<\/p>\n\n\n\n<div class=\"wp-block-image\"><figure class=\"aligncenter\"><img decoding=\"async\" width=\"1024\" height=\"1024\" src=\"https:\/\/www.acusticauach.cl\/wp-content\/uploads\/2021\/10\/RS-ChO-Ing.-Ac\u00fastica-1-1024x1024.jpg\" alt=\"\" class=\"wp-image-14870\" srcset=\"https:\/\/www.acusticauach.cl\/wp-content\/uploads\/2021\/10\/RS-ChO-Ing.-Ac\u00fastica-1-1024x1024.jpg 1024w, https:\/\/www.acusticauach.cl\/wp-content\/uploads\/2021\/10\/RS-ChO-Ing.-Ac\u00fastica-1-150x150.jpg 150w, https:\/\/www.acusticauach.cl\/wp-content\/uploads\/2021\/10\/RS-ChO-Ing.-Ac\u00fastica-1-300x300.jpg 300w, https:\/\/www.acusticauach.cl\/wp-content\/uploads\/2021\/10\/RS-ChO-Ing.-Ac\u00fastica-1-768x768.jpg 768w, https:\/\/www.acusticauach.cl\/wp-content\/uploads\/2021\/10\/RS-ChO-Ing.-Ac\u00fastica-1-125x125.jpg 125w, https:\/\/www.acusticauach.cl\/wp-content\/uploads\/2021\/10\/RS-ChO-Ing.-Ac\u00fastica-1-75x75.jpg 75w, https:\/\/www.acusticauach.cl\/wp-content\/uploads\/2021\/10\/RS-ChO-Ing.-Ac\u00fastica-1-540x540.jpg 540w, https:\/\/www.acusticauach.cl\/wp-content\/uploads\/2021\/10\/RS-ChO-Ing.-Ac\u00fastica-1.jpg 1080w\" sizes=\"(max-width: 1024px) 100vw, 1024px\" \/><figcaption> canal de Admisi\u00f3n UACh : <a rel=\"noreferrer noopener\" href=\"https:\/\/www.youtube.com\/channel\/UCGNloADUwpQx7KI2QHmtQXA\" target=\"_blank\">https:\/\/www.youtube.com\/channel\/UCGNloADUwpQx7KI2QHmtQXA<\/a> <\/figcaption><\/figure><\/div>\n\n\n\n<p>Conoce m\u00e1s sobre nuestra carrera en nuestras redes sociales: <\/p>\n\n\n\n<ul class=\"wp-block-list\"><li><a rel=\"noreferrer noopener\" aria-label=\"https:\/\/www.facebook.com\/acusticauach\/ (abre en una nueva pesta\u00f1a)\" href=\"https:\/\/www.facebook.com\/acusticauach\/\" target=\"_blank\">https:\/\/www.facebook.com\/acusticauach\/<\/a>; <\/li><li><a rel=\"noreferrer noopener\" aria-label=\"https:\/\/www.instagram.com\/acusticauach\/ (abre en una nueva pesta\u00f1a)\" href=\"https:\/\/www.instagram.com\/acusticauach\/\" target=\"_blank\">https:\/\/www.instagram.com\/acusticauach\/<\/a> ; <\/li><li><a rel=\"noreferrer noopener\" aria-label=\"https:\/\/www.youtube.com\/user\/acusticauach (abre en una nueva pesta\u00f1a)\" href=\"https:\/\/www.youtube.com\/user\/acusticauach\" target=\"_blank\">https:\/\/www.youtube.com\/user\/acusticauach<\/a>; <\/li><li><a rel=\"noreferrer noopener\" aria-label=\"https:\/\/www.flickr.com\/photos\/acusticauach\/albums (abre en una nueva pesta\u00f1a)\" href=\"https:\/\/www.flickr.com\/photos\/acusticauach\/albums\" target=\"_blank\">https:\/\/www.flickr.com\/photos\/acusticauach\/albums<\/a> ; <\/li><\/ul>\n\n\n\n<p><\/p>\n\n\n\n<p><\/p>\n","protected":false},"excerpt":{"rendered":"<p>Charla OnLine fue ofrecida por tituladas, estudiantes y profesores de Ingenier\u00eda Civil Ac\u00fastica La presentaci\u00f3n estuvo a cargo de la unidad de Admisi\u00f3n de Carreras de la Universidad Austral de Chile, y participaron el Director de la carrera Prof. Rodrigo Torres, el estudiante Diego Espejo y las tituladas de la carrera Reina Canto y Alexandra [&hellip;]<\/p>\n","protected":false},"author":2,"featured_media":14882,"comment_status":"closed","ping_status":"closed","sticky":false,"template":"","format":"standard","meta":{"footnotes":""},"categories":[906],"tags":[1030,29,84,608,37,707,533,915,6],"class_list":["post-14879","post","type-post","status-publish","format-standard","has-post-thumbnail","hentry","category-pregrado","tag-boletin","tag-carrera","tag-charla","tag-estudiante","tag-estudiantes","tag-ingenieria-acustica","tag-ingenieria-civil-acustica","tag-portada","tag-profesores"],"_links":{"self":[{"href":"https:\/\/www.acusticauach.cl\/index.php?rest_route=\/wp\/v2\/posts\/14879","targetHints":{"allow":["GET"]}}],"collection":[{"href":"https:\/\/www.acusticauach.cl\/index.php?rest_route=\/wp\/v2\/posts"}],"about":[{"href":"https:\/\/www.acusticauach.cl\/index.php?rest_route=\/wp\/v2\/types\/post"}],"author":[{"embeddable":true,"href":"https:\/\/www.acusticauach.cl\/index.php?rest_route=\/wp\/v2\/users\/2"}],"replies":[{"embeddable":true,"href":"https:\/\/www.acusticauach.cl\/index.php?rest_route=%2Fwp%2Fv2%2Fcomments&post=14879"}],"version-history":[{"count":0,"href":"https:\/\/www.acusticauach.cl\/index.php?rest_route=\/wp\/v2\/posts\/14879\/revisions"}],"wp:featuredmedia":[{"embeddable":true,"href":"https:\/\/www.acusticauach.cl\/index.php?rest_route=\/wp\/v2\/media\/14882"}],"wp:attachment":[{"href":"https:\/\/www.acusticauach.cl\/index.php?rest_route=%2Fwp%2Fv2%2Fmedia&parent=14879"}],"wp:term":[{"taxonomy":"category","embeddable":true,"href":"https:\/\/www.acusticauach.cl\/index.php?rest_route=%2Fwp%2Fv2%2Fcategories&post=14879"},{"taxonomy":"post_tag","embeddable":true,"href":"https:\/\/www.acusticauach.cl\/index.php?rest_route=%2Fwp%2Fv2%2Ftags&post=14879"}],"curies":[{"name":"wp","href":"https:\/\/api.w.org\/{rel}","templated":true}]}}