{"id":14653,"date":"2021-08-08T23:01:58","date_gmt":"2021-08-09T03:01:58","guid":{"rendered":"http:\/\/www.acusticauach.cl\/?p=14653"},"modified":"2021-11-06T12:40:22","modified_gmt":"2021-11-06T15:40:22","slug":"estudiantes-profesionales-y-academicos-de-todos-los-continentes-participaron-en-el-segundo-simposio-de-acustica-arquitectonica-saa-2021","status":"publish","type":"post","link":"https:\/\/www.acusticauach.cl\/?p=14653","title":{"rendered":"Con participantes de diversos pa\u00edses se llev\u00f3 a cabo II Simposio de Ac\u00fastica Arquitect\u00f3nica &#8211; SAA 2021."},"content":{"rendered":"\n<h3 class=\"wp-block-heading\"><strong>Con \u00e9xito se llev\u00f3 a cabo la segunda versi\u00f3n del Simposio de Ac\u00fastica Arquitect\u00f3nica \u2013 SAA2021 organizado por el Instituto de Ac\u00fastica de la Universidad Austral de Chile. El evento realizado en modalidad virtual fue gratuito y abierto al p\u00fablico. <\/strong><\/h3>\n\n\n\n<p><\/p>\n\n\n\n<p>El simposio se enmarc\u00f3 en las\nactividades del curso de Ac\u00fastica Arquitect\u00f3nica del programa de pregrado de\nIngenier\u00eda Civil Ac\u00fastica, dictado por el Dr. Rodolfo Venegas y como en su\nprimera versi\u00f3n, el objetivo del simposio fue discutir aspectos pr\u00e1cticos y de\ninvestigaci\u00f3n en Ac\u00fastica Arquitect\u00f3nica.<\/p>\n\n\n\n<p>\u201cNuestros estudiantes tuvieron la\noportunidad de discutir con profesionales e investigadores sobre t\u00f3picos de\ninvestigaci\u00f3n actuales en ac\u00fastica arquitect\u00f3nica y pr\u00e1cticas habituales en\ndicha \u00e1rea\u201d, se\u00f1al\u00f3 el acad\u00e9mico.<\/p>\n\n\n\n<p>La actividad cont\u00f3 con cerca de\n200 inscritos entre estudiantes, profesionales y acad\u00e9micos nacionales e\ninternacionales que pudieron acceder a las exposiciones abiertas, dos de las\ncuales fueron dictadas en ingl\u00e9s y las restantes en espa\u00f1ol.<\/p>\n\n\n\n<h4 class=\"wp-block-heading\"><strong>Los expositores fueron:<\/strong><\/h4>\n\n\n\n<p><\/p>\n\n\n\n<p>Dr. J. Picaut en su charla \u00abI-Simpa: the short story of\nthe first open source room acoustics software\u00bb relat\u00f3 la historia detr\u00e1s\ndel primer software de c\u00f3digo abierto de ac\u00fastica arquitect\u00f3nica: I-Simpa\n(https:\/\/i-simpa.univ-gustave-eiffel.fr\/).<\/p>\n\n\n\n<figure class=\"wp-block-embed-youtube wp-block-embed is-type-video is-provider-youtube wp-embed-aspect-16-9 wp-has-aspect-ratio\"><div class=\"wp-block-embed__wrapper\">\n<iframe title=\"SAA 2021 &quot;I-Simpa: the short story of the first open source room acoustics software&quot;, J. Picaut.\" width=\"1200\" height=\"675\" src=\"https:\/\/www.youtube.com\/embed\/4tgIcrWUeDc?feature=oembed\" frameborder=\"0\" allow=\"accelerometer; autoplay; clipboard-write; encrypted-media; gyroscope; picture-in-picture\" allowfullscreen><\/iframe>\n<\/div><figcaption> SAA 2021 \u00abI-Simpa: the short story of the first open source room acoustics software\u00bb, J. Picaut. <\/figcaption><\/figure>\n\n\n\n<p>Dr. E. Brand\u00e3o present\u00f3 en su charla titulada \u00abOn the\nin situ measurement of sound absorbers\u00bb una revisi\u00f3n de m\u00e9todos de\nmedici\u00f3n in situ junto con nuevos resultados obtenidos junto a sus\ncolaboradores.<\/p>\n\n\n\n<figure class=\"wp-block-embed-youtube wp-block-embed is-type-video is-provider-youtube wp-embed-aspect-16-9 wp-has-aspect-ratio\"><div class=\"wp-block-embed__wrapper\">\n<iframe title=\"SAA 2021  &quot;On the in situ measurement of sound absorbers&quot;, E. Brand\u00e3o.\" width=\"1200\" height=\"675\" src=\"https:\/\/www.youtube.com\/embed\/SP2bn1E4phY?feature=oembed\" frameborder=\"0\" allow=\"accelerometer; autoplay; clipboard-write; encrypted-media; gyroscope; picture-in-picture\" allowfullscreen><\/iframe>\n<\/div><figcaption> SAA 2021 \u00abOn the in situ measurement of sound absorbers\u00bb, E. Brand\u00e3o. <\/figcaption><\/figure>\n\n\n\n<p>Dr. N. Jim\u00e9nez present\u00f3 en su charla \u00abAdvanced control\nof sound reflections: from twisting to holograms and subwavelength\nresonances\u00bb diversas formas de realizar control avanzado de reflexiones\nsonoras a trav\u00e9s del uso de metamateriales y metasuperficies.<\/p>\n\n\n\n<figure class=\"wp-block-embed-youtube wp-block-embed is-type-video is-provider-youtube wp-embed-aspect-16-9 wp-has-aspect-ratio\"><div class=\"wp-block-embed__wrapper\">\n<iframe title=\"SAA 2021 &quot;Advanced control of sound reflections: from twisting to holograms and ...&quot;,  N. Jim\u00e9nez.\" width=\"1200\" height=\"675\" src=\"https:\/\/www.youtube.com\/embed\/bNbiBiV3CwA?feature=oembed\" frameborder=\"0\" allow=\"accelerometer; autoplay; clipboard-write; encrypted-media; gyroscope; picture-in-picture\" allowfullscreen><\/iframe>\n<\/div><figcaption> SAA 2021 \u00abAdvanced control of sound reflections: from twisting to holograms and subwavelength resonances\u00bb, N. Jim\u00e9nez. <\/figcaption><\/figure>\n\n\n\n<p>A. Alca\u00edno abord\u00f3 en su charla el flujo de trabajo para\nproyectos de dise\u00f1o ac\u00fastico de recintos polifuncionales, junto con presentar\nejemplos pr\u00e1cticos.<\/p>\n\n\n\n<figure class=\"wp-block-embed-youtube wp-block-embed is-type-video is-provider-youtube wp-embed-aspect-16-9 wp-has-aspect-ratio\"><div class=\"wp-block-embed__wrapper\">\n<iframe title=\"SAA 2021 &quot;Dise\u00f1o ac\u00fastico de recintos polifuncionales&quot;, A. Alca\u00edno\" width=\"1200\" height=\"675\" src=\"https:\/\/www.youtube.com\/embed\/Nxczi1PUrDk?feature=oembed\" frameborder=\"0\" allow=\"accelerometer; autoplay; clipboard-write; encrypted-media; gyroscope; picture-in-picture\" allowfullscreen><\/iframe>\n<\/div><figcaption> SAA 2021 \u00abDise\u00f1o ac\u00fastico de recintos polifuncionales\u00bb, A. Alca\u00edno <\/figcaption><\/figure>\n\n\n\n<p>A continuaci\u00f3n, algunos de los comentarios recibidos de parte de los participantes:<strong> <\/strong> <\/p>\n\n\n\n<ul class=\"wp-block-list\"><li><em>\u00abExcelentes todas las presentaciones. Temas variados de alto impacto. Se agradece el esfuerzo por la difusi\u00f3n de trabajos de otros investigadores.\u00bb<\/em><\/li><li><em>\u00abGreat event! Thanks for sharing all that knowledge with us!\u00bb<\/em><\/li><li><em>\u00abCongratulations for the seminar. Very interesting topics and very good speakers\u00bb<\/em><\/li><li><em>\u00abExcellent choice of speakers. Topics were very relevant to the current trends. Many thanks for organising this event!\u00bb<\/em><\/li><\/ul>\n","protected":false},"excerpt":{"rendered":"<p>Con \u00e9xito se llev\u00f3 a cabo la segunda versi\u00f3n del Simposio de Ac\u00fastica Arquitect\u00f3nica \u2013 SAA2021 organizado por el Instituto de Ac\u00fastica de la Universidad Austral de Chile. El evento realizado en modalidad virtual fue gratuito y abierto al p\u00fablico. El simposio se enmarc\u00f3 en las actividades del curso de Ac\u00fastica Arquitect\u00f3nica del programa de [&hellip;]<\/p>\n","protected":false},"author":2,"featured_media":14423,"comment_status":"closed","ping_status":"closed","sticky":false,"template":"","format":"standard","meta":{"footnotes":""},"categories":[909],"tags":[113,172,1030,84,37,112,915,1016,195,748],"class_list":["post-14653","post","type-post","status-publish","format-standard","has-post-thumbnail","hentry","category-vinculacion","tag-acustica","tag-arquitectonica","tag-boletin","tag-charla","tag-estudiantes","tag-internacional","tag-portada","tag-saa","tag-simposio","tag-venegas"],"_links":{"self":[{"href":"https:\/\/www.acusticauach.cl\/index.php?rest_route=\/wp\/v2\/posts\/14653","targetHints":{"allow":["GET"]}}],"collection":[{"href":"https:\/\/www.acusticauach.cl\/index.php?rest_route=\/wp\/v2\/posts"}],"about":[{"href":"https:\/\/www.acusticauach.cl\/index.php?rest_route=\/wp\/v2\/types\/post"}],"author":[{"embeddable":true,"href":"https:\/\/www.acusticauach.cl\/index.php?rest_route=\/wp\/v2\/users\/2"}],"replies":[{"embeddable":true,"href":"https:\/\/www.acusticauach.cl\/index.php?rest_route=%2Fwp%2Fv2%2Fcomments&post=14653"}],"version-history":[{"count":0,"href":"https:\/\/www.acusticauach.cl\/index.php?rest_route=\/wp\/v2\/posts\/14653\/revisions"}],"wp:featuredmedia":[{"embeddable":true,"href":"https:\/\/www.acusticauach.cl\/index.php?rest_route=\/wp\/v2\/media\/14423"}],"wp:attachment":[{"href":"https:\/\/www.acusticauach.cl\/index.php?rest_route=%2Fwp%2Fv2%2Fmedia&parent=14653"}],"wp:term":[{"taxonomy":"category","embeddable":true,"href":"https:\/\/www.acusticauach.cl\/index.php?rest_route=%2Fwp%2Fv2%2Fcategories&post=14653"},{"taxonomy":"post_tag","embeddable":true,"href":"https:\/\/www.acusticauach.cl\/index.php?rest_route=%2Fwp%2Fv2%2Ftags&post=14653"}],"curies":[{"name":"wp","href":"https:\/\/api.w.org\/{rel}","templated":true}]}}