{"id":14586,"date":"2021-07-20T11:59:48","date_gmt":"2021-07-20T15:59:48","guid":{"rendered":"http:\/\/www.acusticauach.cl\/?p=14586"},"modified":"2023-11-04T10:08:18","modified_gmt":"2023-11-04T13:08:18","slug":"obra-artistica-inspirada-en-el-paisaje-sonoro-de-los-humedales-resulto-finalista-en-concurso-internacional-de-arte-y-tecnologia","status":"publish","type":"post","link":"https:\/\/www.acusticauach.cl\/?p=14586","title":{"rendered":"Obra art\u00edstica inspirada en el paisaje sonoro de los humedales result\u00f3 finalista en concurso internacional de arte y tecnolog\u00eda."},"content":{"rendered":"\n<h3 class=\"wp-block-heading\"><strong>Representaci\u00f3n Sonora del proyecto Fondecyt regular&nbsp;<a href=\"https:\/\/soundlapse.net\/\">\u201cSoundlapse\u201d<\/a>, que dirigen acad\u00e9micos del Instituto de Ac\u00fastica de la Universidad Austral de Chile, result\u00f3&nbsp;<\/strong><strong>finalista del destacado premio de arte y tecnolog\u00eda, Lumen.<\/strong><\/h3>\n\n\n\n<p><em>Escrito por PrensaFCI<\/em><\/p>\n\n\n\n<p>El Premio Lumen celebra el mejor arte creado con tecnolog\u00eda a trav\u00e9s de una competencia global desde el a\u00f1o 2012. Este a\u00f1o se recibieron m\u00e1s de 1.200 postulaciones de 23 pa\u00edses en 5 categor\u00edas, de los cuales fueron seleccionados 70 trabajos, entre los que se cuenta la instalaci\u00f3n sonora desarrollada por los acad\u00e9micos del Instituto de Ac\u00fastica Andr\u00e9 Mestre y Felipe Otondo y que se encuentra instalada en el&nbsp;<a href=\"https:\/\/www.14k.cl\/\" target=\"_blank\" rel=\"noreferrer noopener\" aria-label=\" (abre en una nueva pesta\u00f1a)\">Centro de Innovaci\u00f3n y Emprendimiento 14K&nbsp;<\/a>de la Facultad de Ciencias de la Ingenier\u00eda.<\/p>\n\n\n<div class=\"wp-block-image\">\n<figure class=\"aligncenter\"><img decoding=\"async\" width=\"800\" height=\"450\" src=\"https:\/\/www.acusticauach.cl\/wp-content\/uploads\/2021\/07\/obra_mestres01-1.jpg\" alt=\"\" class=\"wp-image-14591\" srcset=\"https:\/\/www.acusticauach.cl\/wp-content\/uploads\/2021\/07\/obra_mestres01-1.jpg 800w, https:\/\/www.acusticauach.cl\/wp-content\/uploads\/2021\/07\/obra_mestres01-1-300x169.jpg 300w, https:\/\/www.acusticauach.cl\/wp-content\/uploads\/2021\/07\/obra_mestres01-1-768x432.jpg 768w, https:\/\/www.acusticauach.cl\/wp-content\/uploads\/2021\/07\/obra_mestres01-1-125x70.jpg 125w, https:\/\/www.acusticauach.cl\/wp-content\/uploads\/2021\/07\/obra_mestres01-1-75x42.jpg 75w\" sizes=\"(max-width: 800px) 100vw, 800px\" \/><\/figure>\n<\/div>\n\n\n<p>El Dr. Andr\u00e9 Mestre, explica que la instalaci\u00f3n \u201ces la materializaci\u00f3n, en el campo art\u00edstico, de algunas preguntas que surgen en el proyecto Soundlapse, sobre la posibilidad de escuchar la evoluci\u00f3n gradual del entorno de los humedales experimentando su transformaci\u00f3n sonora en una escala de meses o a\u00f1os. En este sentido, la obra es un espacio de escucha: un lugar para \u201cencontrarse\u201d con este material y asimilar los diversos insumos generados durante el proceso de documentaci\u00f3n que llev\u00f3 a cabo el equipo del proyecto.\u201d<\/p>\n\n\n\n<blockquote class=\"wp-block-quote is-layout-flow wp-block-quote-is-layout-flow\">\n<p>\u00abM\u00e1s que representar o recrear los humedales, la obra re\u00fane algunos de sus elementos y sintetiza algunas experiencias est\u00e9ticas que estos ecosistemas proporcionan. Todo esto inform\u00f3 la selecci\u00f3n de materiales de la escultura central \u2013agua y madera\u2013 y el dise\u00f1o de su dimensi\u00f3n intangible: su entorno sonoro, su movimiento y la forma como ella refleja la luz. El resultado es una escultura que \u201cescucha\u201d a su entorno, y se mueve en relaci\u00f3n a los sonidos que la atraviesan. La instalaci\u00f3n lleva el nombre del proyecto, ya que ambos est\u00e1n fuertemente vinculados\u201d .<\/p>\n<cite> Dr. Andr\u00e9 Mestr e<\/cite><\/blockquote>\n\n\n\n<p>La obra result\u00f3 preseleccionada en la categor\u00eda\u00a0<em>Immersive Environments Award<\/em>\u00a0y, para el Dr. Felipe Otondo, \u201cesta nominaci\u00f3n es un importante reconocimiento ya que ayuda a visibilizar la investigaci\u00f3n vinculada a la pr\u00e1ctica art\u00edstica que estamos desarrollando en el <a href=\"https:\/\/soundlapse.net\/latelab\/\">Laboratorio de Arte y Tecnolog\u00eda (LATE)<\/a> y el Instituto de\u00a0Ac\u00fastica\u00a0de la FCI. El reconocimiento tambi\u00e9n es importante de cara al desarrollo de un polo emergente vinculado a la creaci\u00f3n, innovaci\u00f3n y emprendimiento que se est\u00e1 generando en el Centro 14k de nuestra facultad. Creemos sinceramente que la FCI se podr\u00eda transformar en el espacio propicio para liderar proyectos transdiciplinarios a nivel nacional e internacional vinculado al arte, la tecnolog\u00eda y el medio ambiente\u201d.<\/p>\n\n\n<div class=\"wp-block-image\">\n<figure class=\"aligncenter\"><img decoding=\"async\" width=\"1000\" height=\"563\" src=\"https:\/\/www.acusticauach.cl\/wp-content\/uploads\/2021\/07\/obra_mestre02.jpg\" alt=\"\" class=\"wp-image-14592\" srcset=\"https:\/\/www.acusticauach.cl\/wp-content\/uploads\/2021\/07\/obra_mestre02.jpg 1000w, https:\/\/www.acusticauach.cl\/wp-content\/uploads\/2021\/07\/obra_mestre02-300x169.jpg 300w, https:\/\/www.acusticauach.cl\/wp-content\/uploads\/2021\/07\/obra_mestre02-768x432.jpg 768w, https:\/\/www.acusticauach.cl\/wp-content\/uploads\/2021\/07\/obra_mestre02-125x70.jpg 125w, https:\/\/www.acusticauach.cl\/wp-content\/uploads\/2021\/07\/obra_mestre02-75x42.jpg 75w\" sizes=\"(max-width: 1000px) 100vw, 1000px\" \/><\/figure>\n<\/div>\n\n\n<p>\u201cLa idea de presentar la postulaci\u00f3n se gener\u00f3 a partir de la implementaci\u00f3n de las actividades creativas vinculadas al proyecto Fondecyt regular \u201cM\u00e9todo de time-lapse sonoro para la puesta en valor del patrimonio sonoro de humedales urbanos\u201d (Folio 1190722) que estamos desarrollando en la FCI con colegas de otras facultades. La idea era poder crear una obra art\u00edstica integrando grabaciones de paisaje sonoro de humedales de Valdivia e inspirada en la materialidad de estos entornos naturales\u201d afirma el Dr. Otondo.<\/p>\n\n\n\n<figure class=\"wp-block-embed is-type-video is-provider-vimeo wp-block-embed-vimeo wp-embed-aspect-16-9 wp-has-aspect-ratio\"><div class=\"wp-block-embed__wrapper\">\n<iframe title=\"SOUNDLAPSE\" src=\"https:\/\/player.vimeo.com\/video\/507325173?dnt=1&amp;app_id=122963\" width=\"1200\" height=\"675\" frameborder=\"0\" allow=\"autoplay; fullscreen; picture-in-picture\"><\/iframe>\n<\/div><figcaption class=\"wp-element-caption\">En el minuto 02&#8217;11\u00bb se muestra la obra de los profesores Mestre y Otondo.<\/figcaption><\/figure>\n\n\n\n<p>Ver m\u00e1s informaci\u00f3n en\u00a0<a href=\"https:\/\/soundlapse.net\/latelab\/\" target=\"_blank\" rel=\"noreferrer noopener\">https:\/\/soundlapse.net\/latelab\/<\/a><\/p>\n","protected":false},"excerpt":{"rendered":"<p>Representaci\u00f3n Sonora del proyecto Fondecyt regular&nbsp;\u201cSoundlapse\u201d, que dirigen acad\u00e9micos del Instituto de Ac\u00fastica de la Universidad Austral de Chile, result\u00f3&nbsp;finalista del destacado premio de arte y tecnolog\u00eda, Lumen. Escrito por PrensaFCI El Premio Lumen celebra el mejor arte creado con tecnolog\u00eda a trav\u00e9s de una competencia global desde el a\u00f1o 2012. Este a\u00f1o se recibieron [&hellip;]<\/p>\n","protected":false},"author":2,"featured_media":14590,"comment_status":"closed","ping_status":"closed","sticky":false,"template":"","format":"standard","meta":{"footnotes":""},"categories":[908],"tags":[383,94,105,589,809,240,915,197,922,500],"class_list":["post-14586","post","type-post","status-publish","format-standard","has-post-thumbnail","hentry","category-investigacion","tag-arte-sonoro","tag-concurso","tag-fondecyt","tag-humedales","tag-mestre","tag-otondo","tag-portada","tag-premio","tag-soundlapse","tag-soundscapes"],"_links":{"self":[{"href":"https:\/\/www.acusticauach.cl\/index.php?rest_route=\/wp\/v2\/posts\/14586","targetHints":{"allow":["GET"]}}],"collection":[{"href":"https:\/\/www.acusticauach.cl\/index.php?rest_route=\/wp\/v2\/posts"}],"about":[{"href":"https:\/\/www.acusticauach.cl\/index.php?rest_route=\/wp\/v2\/types\/post"}],"author":[{"embeddable":true,"href":"https:\/\/www.acusticauach.cl\/index.php?rest_route=\/wp\/v2\/users\/2"}],"replies":[{"embeddable":true,"href":"https:\/\/www.acusticauach.cl\/index.php?rest_route=%2Fwp%2Fv2%2Fcomments&post=14586"}],"version-history":[{"count":0,"href":"https:\/\/www.acusticauach.cl\/index.php?rest_route=\/wp\/v2\/posts\/14586\/revisions"}],"wp:featuredmedia":[{"embeddable":true,"href":"https:\/\/www.acusticauach.cl\/index.php?rest_route=\/wp\/v2\/media\/14590"}],"wp:attachment":[{"href":"https:\/\/www.acusticauach.cl\/index.php?rest_route=%2Fwp%2Fv2%2Fmedia&parent=14586"}],"wp:term":[{"taxonomy":"category","embeddable":true,"href":"https:\/\/www.acusticauach.cl\/index.php?rest_route=%2Fwp%2Fv2%2Fcategories&post=14586"},{"taxonomy":"post_tag","embeddable":true,"href":"https:\/\/www.acusticauach.cl\/index.php?rest_route=%2Fwp%2Fv2%2Ftags&post=14586"}],"curies":[{"name":"wp","href":"https:\/\/api.w.org\/{rel}","templated":true}]}}