{"id":14531,"date":"2021-07-07T11:28:57","date_gmt":"2021-07-07T15:28:57","guid":{"rendered":"http:\/\/www.acusticauach.cl\/?p=14531"},"modified":"2021-07-07T12:04:06","modified_gmt":"2021-07-07T16:04:06","slug":"acus088-lenguaje-y-entrenamiento-auditivo-musical-2-4","status":"publish","type":"post","link":"https:\/\/www.acusticauach.cl\/?p=14531","title":{"rendered":"ACUS155 Ac\u00fastica Ambiental"},"content":{"rendered":"\n<h2 class=\"wp-block-heading\"><strong>Profesor: <a href=\"https:\/\/www.acusticauach.cl\/?page_id=539\">Enrique Su\u00e1rez<\/a><\/strong><\/h2>\n\n\n\n<h3 class=\"wp-block-heading\">Programa: <a href=\"https:\/\/www.acusticauach.cl\/?page_id=63\">Ingenier\u00eda Civil Ac\u00fastica<\/a><\/h3>\n\n\n\n<h4 class=\"wp-block-heading\">Semestre<a href=\"https:\/\/www.acusticauach.cl\/?page_id=8259\">: VIII SEMESTRE<\/a><\/h4>\n\n\n\n<p><strong>Descripci\u00f3n:<\/strong> La asignatura tiene como principal prop\u00f3sito que los estudiantes analicen potenciales problemas que involucran el ruido y medio ambiente, utilizando instrumentos de medici\u00f3n o procesos de modelaci\u00f3n donde aplican las normativas tanto nacionales o internacionales que regulan la medici\u00f3n, la interpretaci\u00f3n y las medidas de mitigaci\u00f3n, donde proponen soluciones, identificando necesidades y posibles fuentes de financiamiento, a trav\u00e9s de la elaboraci\u00f3n de un informe t\u00e9cnico con sus resultados.<\/p>\n","protected":false},"excerpt":{"rendered":"<p>Profesor: Enrique Su\u00e1rez Programa: Ingenier\u00eda Civil Ac\u00fastica Semestre: VIII SEMESTRE Descripci\u00f3n: La asignatura tiene como principal prop\u00f3sito que los estudiantes analicen potenciales problemas que involucran el ruido y medio ambiente, utilizando instrumentos de medici\u00f3n o procesos de modelaci\u00f3n donde aplican las normativas tanto nacionales o internacionales que regulan la medici\u00f3n, la interpretaci\u00f3n y las medidas [&hellip;]<\/p>\n","protected":false},"author":2,"featured_media":14533,"comment_status":"closed","ping_status":"closed","sticky":false,"template":"","format":"standard","meta":{"footnotes":""},"categories":[1015],"tags":[73],"class_list":["post-14531","post","type-post","status-publish","format-standard","has-post-thumbnail","hentry","category-asignaturas-de-acustica","tag-suarez"],"_links":{"self":[{"href":"https:\/\/www.acusticauach.cl\/index.php?rest_route=\/wp\/v2\/posts\/14531","targetHints":{"allow":["GET"]}}],"collection":[{"href":"https:\/\/www.acusticauach.cl\/index.php?rest_route=\/wp\/v2\/posts"}],"about":[{"href":"https:\/\/www.acusticauach.cl\/index.php?rest_route=\/wp\/v2\/types\/post"}],"author":[{"embeddable":true,"href":"https:\/\/www.acusticauach.cl\/index.php?rest_route=\/wp\/v2\/users\/2"}],"replies":[{"embeddable":true,"href":"https:\/\/www.acusticauach.cl\/index.php?rest_route=%2Fwp%2Fv2%2Fcomments&post=14531"}],"version-history":[{"count":0,"href":"https:\/\/www.acusticauach.cl\/index.php?rest_route=\/wp\/v2\/posts\/14531\/revisions"}],"wp:featuredmedia":[{"embeddable":true,"href":"https:\/\/www.acusticauach.cl\/index.php?rest_route=\/wp\/v2\/media\/14533"}],"wp:attachment":[{"href":"https:\/\/www.acusticauach.cl\/index.php?rest_route=%2Fwp%2Fv2%2Fmedia&parent=14531"}],"wp:term":[{"taxonomy":"category","embeddable":true,"href":"https:\/\/www.acusticauach.cl\/index.php?rest_route=%2Fwp%2Fv2%2Fcategories&post=14531"},{"taxonomy":"post_tag","embeddable":true,"href":"https:\/\/www.acusticauach.cl\/index.php?rest_route=%2Fwp%2Fv2%2Ftags&post=14531"}],"curies":[{"name":"wp","href":"https:\/\/api.w.org\/{rel}","templated":true}]}}