{"id":14517,"date":"2021-07-06T19:10:46","date_gmt":"2021-07-06T23:10:46","guid":{"rendered":"http:\/\/www.acusticauach.cl\/?p=14517"},"modified":"2021-07-07T12:07:22","modified_gmt":"2021-07-07T16:07:22","slug":"acus088-lenguaje-y-entrenamiento-auditivo-musical-2","status":"publish","type":"post","link":"https:\/\/www.acusticauach.cl\/?p=14517","title":{"rendered":"ACUS088 Lenguaje y Entrenamiento Auditivo Musical 2"},"content":{"rendered":"\n<h2 class=\"wp-block-heading\"><strong>Profesor: <a href=\"https:\/\/www.acusticauach.cl\/?page_id=10336\">Andr\u00e9 Mestre<\/a><\/strong><\/h2>\n\n\n\n<h3 class=\"wp-block-heading\">Programa: <a href=\"https:\/\/www.acusticauach.cl\/?page_id=63\">Ingenier\u00eda Civil Ac\u00fastica<\/a><\/h3>\n\n\n\n<h4 class=\"wp-block-heading\">Semestre:<a href=\"https:\/\/www.acusticauach.cl\/?page_id=8259\"> IV SEMESTRE<\/a><\/h4>\n\n\n\n<p><strong>Descripci\u00f3n:<\/strong> Este curso tiene como objetivo introducir a los estudiantes a los principios fundamentales del discurso mel\u00f3dico, bien como las formas en que estos principios son usados para estructurar obras musicales. El curso tiene un car\u00e1cter te\u00f3rico y pr\u00e1ctico, incluyendo proyectos de an\u00e1lisis, improvisaci\u00f3n, y creaci\u00f3n musical.<\/p>\n","protected":false},"excerpt":{"rendered":"<p>Profesor: Andr\u00e9 Mestre Programa: Ingenier\u00eda Civil Ac\u00fastica Semestre: IV SEMESTRE Descripci\u00f3n: Este curso tiene como objetivo introducir a los estudiantes a los principios fundamentales del discurso mel\u00f3dico, bien como las formas en que estos principios son usados para estructurar obras musicales. El curso tiene un car\u00e1cter te\u00f3rico y pr\u00e1ctico, incluyendo proyectos de an\u00e1lisis, improvisaci\u00f3n, y [&hellip;]<\/p>\n","protected":false},"author":2,"featured_media":14518,"comment_status":"closed","ping_status":"closed","sticky":false,"template":"","format":"standard","meta":{"footnotes":""},"categories":[1015],"tags":[809],"class_list":["post-14517","post","type-post","status-publish","format-standard","has-post-thumbnail","hentry","category-asignaturas-de-acustica","tag-mestre"],"_links":{"self":[{"href":"https:\/\/www.acusticauach.cl\/index.php?rest_route=\/wp\/v2\/posts\/14517","targetHints":{"allow":["GET"]}}],"collection":[{"href":"https:\/\/www.acusticauach.cl\/index.php?rest_route=\/wp\/v2\/posts"}],"about":[{"href":"https:\/\/www.acusticauach.cl\/index.php?rest_route=\/wp\/v2\/types\/post"}],"author":[{"embeddable":true,"href":"https:\/\/www.acusticauach.cl\/index.php?rest_route=\/wp\/v2\/users\/2"}],"replies":[{"embeddable":true,"href":"https:\/\/www.acusticauach.cl\/index.php?rest_route=%2Fwp%2Fv2%2Fcomments&post=14517"}],"version-history":[{"count":0,"href":"https:\/\/www.acusticauach.cl\/index.php?rest_route=\/wp\/v2\/posts\/14517\/revisions"}],"wp:featuredmedia":[{"embeddable":true,"href":"https:\/\/www.acusticauach.cl\/index.php?rest_route=\/wp\/v2\/media\/14518"}],"wp:attachment":[{"href":"https:\/\/www.acusticauach.cl\/index.php?rest_route=%2Fwp%2Fv2%2Fmedia&parent=14517"}],"wp:term":[{"taxonomy":"category","embeddable":true,"href":"https:\/\/www.acusticauach.cl\/index.php?rest_route=%2Fwp%2Fv2%2Fcategories&post=14517"},{"taxonomy":"post_tag","embeddable":true,"href":"https:\/\/www.acusticauach.cl\/index.php?rest_route=%2Fwp%2Fv2%2Ftags&post=14517"}],"curies":[{"name":"wp","href":"https:\/\/api.w.org\/{rel}","templated":true}]}}