{"id":14482,"date":"2021-07-01T18:44:16","date_gmt":"2021-07-01T22:44:16","guid":{"rendered":"http:\/\/www.acusticauach.cl\/?p=14482"},"modified":"2021-08-08T23:02:56","modified_gmt":"2021-08-09T03:02:56","slug":"magister-en-acustica-y-vibraciones-abre-las-postulaciones-para-el-segundo-semestre-de-2021","status":"publish","type":"post","link":"https:\/\/www.acusticauach.cl\/?p=14482","title":{"rendered":"Mag\u00edster en Ac\u00fastica y Vibraciones abre las postulaciones para el segundo semestre de 2021"},"content":{"rendered":"\n<h3 class=\"wp-block-heading\"><strong>Son tres los programas de mag\u00edster y un  diplomado en la Facultad de Ciencias de la Ingenier\u00eda. <\/strong><\/h3>\n\n\n\n<p><em>Escrito por PrensaFCI<\/em><\/p>\n\n\n\n<p>Hasta el 30 de julio se encuentran abiertas las postulaciones a los <a href=\"https:\/\/www.acusticauach.cl\/?page_id=164\"><strong>Mag\u00edster en Ac\u00fastica y Vibraciones<\/strong><\/a>, Mag\u00edster en Inform\u00e1tica, Mag\u00edster en Electricidad y Electr\u00f3nica Aplicada y el Diplomado en Eficiencia Energ\u00e9tica y Calidad Ambiental de la Construcci\u00f3n (versi\u00f3n a distancia), que imparte la Facultad de Ciencias de la Ingenier\u00eda de la Universidad Austral de Chile.<\/p>\n\n\n\n<p>Estos programas buscan entregar a los y las estudiantes, las capacidades de contribuir al avance del conocimiento en las ciencias de la ingenier\u00eda y proporcionar herramientas que mejoren su desempe\u00f1o profesional.<\/p>\n\n\n\n<p>Las postulaciones se realizan en forma online a trav\u00e9s de la plataforma que dispone la UACh.<\/p>\n\n\n\n<p>Para iniciar el proceso de postulaci\u00f3n en la plataforma se debe elegir el II semestre lectivo 2021 y se descargar\u00e1 el listado de programas que tienen procesos de matr\u00edculas abiertos para el respectivo semestre.<\/p>\n\n\n\n<h4 class=\"wp-block-heading\"><strong>Postula&nbsp;<a href=\"https:\/\/secure20.uach.cl\/Postgrado\/PostulacionAdmision\/PosBuscarPrograma.aspx\">aqu\u00ed&nbsp;<\/a><\/strong><\/h4>\n\n\n\n<p>Es importante mencionar que los programas de mag\u00edster podr\u00edan dictar sus clases temporalmente de manera virtual mientras se extienda el per\u00edodo de contingencia sanitaria nacional<\/p>\n\n\n\n<div class=\"wp-block-image\"><figure class=\"aligncenter\"><img decoding=\"async\" width=\"1024\" height=\"1024\" src=\"https:\/\/www.acusticauach.cl\/wp-content\/uploads\/2021\/07\/postgrado_postulacion_2021-2-RRSS-1024x1024.png\" alt=\"\" class=\"wp-image-14484\" srcset=\"https:\/\/www.acusticauach.cl\/wp-content\/uploads\/2021\/07\/postgrado_postulacion_2021-2-RRSS-1024x1024.png 1024w, https:\/\/www.acusticauach.cl\/wp-content\/uploads\/2021\/07\/postgrado_postulacion_2021-2-RRSS-150x150.png 150w, https:\/\/www.acusticauach.cl\/wp-content\/uploads\/2021\/07\/postgrado_postulacion_2021-2-RRSS-300x300.png 300w, https:\/\/www.acusticauach.cl\/wp-content\/uploads\/2021\/07\/postgrado_postulacion_2021-2-RRSS-768x768.png 768w, https:\/\/www.acusticauach.cl\/wp-content\/uploads\/2021\/07\/postgrado_postulacion_2021-2-RRSS-125x125.png 125w, https:\/\/www.acusticauach.cl\/wp-content\/uploads\/2021\/07\/postgrado_postulacion_2021-2-RRSS-75x75.png 75w, https:\/\/www.acusticauach.cl\/wp-content\/uploads\/2021\/07\/postgrado_postulacion_2021-2-RRSS-540x540.png 540w, https:\/\/www.acusticauach.cl\/wp-content\/uploads\/2021\/07\/postgrado_postulacion_2021-2-RRSS.png 1800w\" sizes=\"(max-width: 1024px) 100vw, 1024px\" \/><figcaption> <strong>Postula&nbsp;<a href=\"https:\/\/secure20.uach.cl\/Postgrado\/PostulacionAdmision\/PosBuscarPrograma.aspx\">aqu\u00ed&nbsp;<\/a><\/strong> <\/figcaption><\/figure><\/div>\n\n\n\n<p>El director de la Escuela de Graduados de la Facultad de Ciencias de la Ingenier\u00eda, Dr. Matthieu Vernier, precis\u00f3 que todos los programas de mag\u00edster de la Facultad buscan generar las capacidades para que sus egresados contribuyan al avance del conocimiento en las ciencias de la ingenier\u00eda desarrollando soluciones integrales, fortaleciendo la investigaci\u00f3n aplicada y la innovaci\u00f3n en cada campo de especializaci\u00f3n. Adem\u00e1s, se ofrece un diplomado en el \u00e1rea de eficiencia energ\u00e9tica y calidad ambiental en la construcci\u00f3n que se dictar\u00e1 en modalidad a distancia.<\/p>\n\n\n\n<p>Cada uno de los programas est\u00e1n orientados a profesionales del \u00e1mbito de la ingenier\u00eda o afines que deseen impulsar su carrera. Asimismo, existe la opci\u00f3n de postular en la modalidad de vinculaci\u00f3n, que permite a estudiantes de pregrado de \u00faltimo a\u00f1o de alguna carrera de Ingenier\u00eda de la FCI, ingresar a uno de los programas de mag\u00edster, siempre que exista el acuerdo correspondiente entre ambos programas (carrera y mag\u00edster).<\/p>\n\n\n\n<h3 class=\"wp-block-heading\"><strong>Doble titulaci\u00f3n internacional<\/strong><\/h3>\n\n\n\n<p>Cabe destacar el Mag\u00edster en Ac\u00fastica y Vibraciones (MAV), ofrece tambi\u00e9n la opci\u00f3n de doble titulaci\u00f3n internacional con el M\u00e1ster en Ingenier\u00eda Ac\u00fastica (MIA) de la Universidad Polit\u00e9cnica de Valencia, Espa\u00f1a. <a href=\"https:\/\/www.acusticauach.cl\/?page_id=11074\">M\u00e1s informaci\u00f3n<\/a>.<\/p>\n\n\n\n<figure class=\"wp-block-embed-youtube wp-block-embed is-type-video is-provider-youtube wp-embed-aspect-16-9 wp-has-aspect-ratio\"><div class=\"wp-block-embed__wrapper\">\n<iframe title=\"Doble Titulaci\u00f3n UACh-UPV, Magister Acustica y Vibraciones - Master en Ingenier\u00eda Ac\u00fastica\" width=\"1200\" height=\"675\" src=\"https:\/\/www.youtube.com\/embed\/udjmFC84T6c?feature=oembed\" frameborder=\"0\" allow=\"accelerometer; autoplay; clipboard-write; encrypted-media; gyroscope; picture-in-picture\" allowfullscreen><\/iframe>\n<\/div><figcaption>M\u00e1s informaci\u00f3n en <a href=\"https:\/\/www.acusticauach.cl\/?page_id=11074\">https:\/\/www.acusticauach.cl\/?page_id=11074<\/a><\/figcaption><\/figure>\n","protected":false},"excerpt":{"rendered":"<p>Son tres los programas de mag\u00edster y un diplomado en la Facultad de Ciencias de la Ingenier\u00eda. Escrito por PrensaFCI Hasta el 30 de julio se encuentran abiertas las postulaciones a los Mag\u00edster en Ac\u00fastica y Vibraciones, Mag\u00edster en Inform\u00e1tica, Mag\u00edster en Electricidad y Electr\u00f3nica Aplicada y el Diplomado en Eficiencia Energ\u00e9tica y Calidad Ambiental [&hellip;]<\/p>\n","protected":false},"author":2,"featured_media":14483,"comment_status":"closed","ping_status":"closed","sticky":false,"template":"","format":"standard","meta":{"footnotes":""},"categories":[907],"tags":[37,153,780,293,768],"class_list":["post-14482","post","type-post","status-publish","format-standard","has-post-thumbnail","hentry","category-postgrado","tag-estudiantes","tag-magister","tag-magister-en-acustica-y-vibraciones","tag-matriculas","tag-postulaciones"],"_links":{"self":[{"href":"https:\/\/www.acusticauach.cl\/index.php?rest_route=\/wp\/v2\/posts\/14482","targetHints":{"allow":["GET"]}}],"collection":[{"href":"https:\/\/www.acusticauach.cl\/index.php?rest_route=\/wp\/v2\/posts"}],"about":[{"href":"https:\/\/www.acusticauach.cl\/index.php?rest_route=\/wp\/v2\/types\/post"}],"author":[{"embeddable":true,"href":"https:\/\/www.acusticauach.cl\/index.php?rest_route=\/wp\/v2\/users\/2"}],"replies":[{"embeddable":true,"href":"https:\/\/www.acusticauach.cl\/index.php?rest_route=%2Fwp%2Fv2%2Fcomments&post=14482"}],"version-history":[{"count":0,"href":"https:\/\/www.acusticauach.cl\/index.php?rest_route=\/wp\/v2\/posts\/14482\/revisions"}],"wp:featuredmedia":[{"embeddable":true,"href":"https:\/\/www.acusticauach.cl\/index.php?rest_route=\/wp\/v2\/media\/14483"}],"wp:attachment":[{"href":"https:\/\/www.acusticauach.cl\/index.php?rest_route=%2Fwp%2Fv2%2Fmedia&parent=14482"}],"wp:term":[{"taxonomy":"category","embeddable":true,"href":"https:\/\/www.acusticauach.cl\/index.php?rest_route=%2Fwp%2Fv2%2Fcategories&post=14482"},{"taxonomy":"post_tag","embeddable":true,"href":"https:\/\/www.acusticauach.cl\/index.php?rest_route=%2Fwp%2Fv2%2Ftags&post=14482"}],"curies":[{"name":"wp","href":"https:\/\/api.w.org\/{rel}","templated":true}]}}