{"id":14421,"date":"2021-06-11T11:21:48","date_gmt":"2021-06-11T15:21:48","guid":{"rendered":"http:\/\/www.acusticauach.cl\/?p=14421"},"modified":"2023-11-19T23:27:09","modified_gmt":"2023-11-20T02:27:09","slug":"invitan-a-2-simposio-de-acustica-arquitectonica","status":"publish","type":"post","link":"https:\/\/www.acusticauach.cl\/?p=14421","title":{"rendered":"Abiertas las inscripciones para 2\u00b0 Simposio de Ac\u00fastica Arquitect\u00f3nica"},"content":{"rendered":"\n<h4 class=\"wp-block-heading\"><strong>La actividad OnLine se enfocar\u00e1 en la exposici\u00f3n de aspectos pr\u00e1cticos y de investigaci\u00f3n en este \u00e1mbito.<\/strong><\/h4>\n\n\n\n<p><em>Escrito por PrensaFCI<\/em><\/p>\n\n\n\n<p>&nbsp;El 2\u00b0 Simposio de Ac\u00fastica Arquitect\u00f3nica \u2013 SAA 2021, que es organizado por el Instituto de Ac\u00fastica de la Universidad Austral de Chile se llevar\u00e1 a cabo el jueves 24 de junio entre las 9:50 y las 14:00 hrs.<\/p>\n\n\n\n<p>La actividad tiene por objetivo discutir aspectos pr\u00e1cticos y de investigaci\u00f3n en Ac\u00fastica Arquitect\u00f3nica.<\/p>\n\n\n\n<p>El simposio no tiene costo, y se llevar\u00e1 a cabo a trav\u00e9s de la plataforma zoom previa inscripci\u00f3n en el siguiente enlace&nbsp;<a href=\"https:\/\/www.eventbrite.co.uk\/e\/2o-simposio-sobre-acustica-arquitectonica-saa-2021-tickets-156448929961\">https:\/\/www.eventbrite.co.uk\/e\/2o-simposio-sobre-acustica-arquitectonica-saa-2021-tickets-156448929961<\/a><\/p>\n\n\n<div class=\"wp-block-image\">\n<figure class=\"aligncenter\"><img decoding=\"async\" width=\"700\" height=\"700\" src=\"https:\/\/www.acusticauach.cl\/wp-content\/uploads\/2021\/06\/SAA2021_1x1.jpg\" alt=\"\" class=\"wp-image-14422\" srcset=\"https:\/\/www.acusticauach.cl\/wp-content\/uploads\/2021\/06\/SAA2021_1x1.jpg 700w, https:\/\/www.acusticauach.cl\/wp-content\/uploads\/2021\/06\/SAA2021_1x1-150x150.jpg 150w, https:\/\/www.acusticauach.cl\/wp-content\/uploads\/2021\/06\/SAA2021_1x1-300x300.jpg 300w, https:\/\/www.acusticauach.cl\/wp-content\/uploads\/2021\/06\/SAA2021_1x1-125x125.jpg 125w, https:\/\/www.acusticauach.cl\/wp-content\/uploads\/2021\/06\/SAA2021_1x1-75x75.jpg 75w, https:\/\/www.acusticauach.cl\/wp-content\/uploads\/2021\/06\/SAA2021_1x1-540x540.jpg 540w\" sizes=\"(max-width: 700px) 100vw, 700px\" \/><figcaption class=\"wp-element-caption\"> <a href=\"https:\/\/www.eventbrite.co.uk\/e\/2o-simposio-sobre-acustica-arquitectonica-saa-2021-tickets-156448929961\">https:\/\/www.eventbrite.co.uk\/e\/2o-simposio-sobre-acustica-arquitectonica-saa-2021-tickets-156448929961<\/a> <\/figcaption><\/figure>\n<\/div>\n\n\n<h4 class=\"wp-block-heading\">Las tem\u00e1ticas y expositores de esta segunda versi\u00f3n son:<\/h4>\n\n\n\n<p><a href=\"https:\/\/youtu.be\/4tgIcrWUeDc?si=d0hRgr2seF8VEL7U\"><strong>Judica\u00ebl Picaut<\/strong>, \u00abI-Simpa: the short story of the first open source room acoustics software\u00bb, UMRAE, Universit\u00e9 Gustave Eiffel, IFSTTAR, CEREMA (Francia)<\/a><\/p>\n\n\n\n<p><a href=\"https:\/\/youtu.be\/SP2bn1E4phY?si=-mXgyZfhLs0ul1nM\"><strong>Eric Brand\u00e3o<\/strong>, \u00abOn the in situ measurement of sound absorbers\u00bb, Universidade Federal de Santa Maria (Brasil)<\/a><\/p>\n\n\n\n<p><a href=\"https:\/\/youtu.be\/bNbiBiV3CwA?si=9p8hVVZOYZ4diF3G\"><strong>No\u00e9 Jim\u00e9nez<\/strong>, \u00abAdvanced control of sound reflections: from twisting to holograms and subwavelength resonances\u00bb, Instituto de Instrumentaci\u00f3n para Imagen Molecular, CSIC &#8211; Universitat Polit\u00e8cnica de Val\u00e8ncia (Espa\u00f1a)<\/a><\/p>\n\n\n\n<p><a href=\"https:\/\/youtu.be\/Nxczi1PUrDk?si=WXcD0TZIFtM6x9wi\"><strong>Andr\u00e9s Alca\u00edno<\/strong>, \u00abDise\u00f1o ac\u00fastico de recintos polifuncionales\u00bb AADG SpA (Chile)<\/a><\/p>\n\n\n\n<p>El Dr. Rodolfo Venegas, organizador del Simposio y acad\u00e9mico de Acustica UACh destac\u00f3 que se trata de un evento online gratuito, abierto al p\u00fablico, con charlas en espa\u00f1ol e ingl\u00e9s dadas por especialistas con vasta trayectoria en investigaci\u00f3n en ac\u00fastica arquitect\u00f3nica y en dise\u00f1o de espacios ac\u00fasticos.<\/p>\n\n\n\n<p>Agreg\u00f3 que la actividad est\u00e1 orientada a estudiantes, consultores, acad\u00e9micos con intereses pr\u00e1cticos y de investigaci\u00f3n en ac\u00fastica arquitect\u00f3nica. Los cupos son limitados.<\/p>\n","protected":false},"excerpt":{"rendered":"<p>La actividad OnLine se enfocar\u00e1 en la exposici\u00f3n de aspectos pr\u00e1cticos y de investigaci\u00f3n en este \u00e1mbito. Escrito por PrensaFCI &nbsp;El 2\u00b0 Simposio de Ac\u00fastica Arquitect\u00f3nica \u2013 SAA 2021, que es organizado por el Instituto de Ac\u00fastica de la Universidad Austral de Chile se llevar\u00e1 a cabo el jueves 24 de junio entre las 9:50 [&hellip;]<\/p>\n","protected":false},"author":2,"featured_media":14423,"comment_status":"closed","ping_status":"closed","sticky":false,"template":"","format":"standard","meta":{"footnotes":""},"categories":[909],"tags":[976,175,172,84,220,915,20,195,748],"class_list":["post-14421","post","type-post","status-publish","format-standard","has-post-thumbnail","hentry","category-vinculacion","tag-acustica-arquitectonica","tag-acustico","tag-arquitectonica","tag-charla","tag-online","tag-portada","tag-seminario","tag-simposio","tag-venegas"],"_links":{"self":[{"href":"https:\/\/www.acusticauach.cl\/index.php?rest_route=\/wp\/v2\/posts\/14421","targetHints":{"allow":["GET"]}}],"collection":[{"href":"https:\/\/www.acusticauach.cl\/index.php?rest_route=\/wp\/v2\/posts"}],"about":[{"href":"https:\/\/www.acusticauach.cl\/index.php?rest_route=\/wp\/v2\/types\/post"}],"author":[{"embeddable":true,"href":"https:\/\/www.acusticauach.cl\/index.php?rest_route=\/wp\/v2\/users\/2"}],"replies":[{"embeddable":true,"href":"https:\/\/www.acusticauach.cl\/index.php?rest_route=%2Fwp%2Fv2%2Fcomments&post=14421"}],"version-history":[{"count":0,"href":"https:\/\/www.acusticauach.cl\/index.php?rest_route=\/wp\/v2\/posts\/14421\/revisions"}],"wp:featuredmedia":[{"embeddable":true,"href":"https:\/\/www.acusticauach.cl\/index.php?rest_route=\/wp\/v2\/media\/14423"}],"wp:attachment":[{"href":"https:\/\/www.acusticauach.cl\/index.php?rest_route=%2Fwp%2Fv2%2Fmedia&parent=14421"}],"wp:term":[{"taxonomy":"category","embeddable":true,"href":"https:\/\/www.acusticauach.cl\/index.php?rest_route=%2Fwp%2Fv2%2Fcategories&post=14421"},{"taxonomy":"post_tag","embeddable":true,"href":"https:\/\/www.acusticauach.cl\/index.php?rest_route=%2Fwp%2Fv2%2Ftags&post=14421"}],"curies":[{"name":"wp","href":"https:\/\/api.w.org\/{rel}","templated":true}]}}