{"id":14414,"date":"2021-06-07T19:11:21","date_gmt":"2021-06-07T23:11:21","guid":{"rendered":"http:\/\/www.acusticauach.cl\/?p=14414"},"modified":"2021-11-06T12:41:50","modified_gmt":"2021-11-06T15:41:50","slug":"academica-del-magister-en-acustica-y-vibraciones-dicto-charla-sobre-comparacion-forense-de-la-voz-en-chile","status":"publish","type":"post","link":"https:\/\/www.acusticauach.cl\/?p=14414","title":{"rendered":"Acad\u00e9mica del Mag\u00edster en Ac\u00fastica y Vibraciones dict\u00f3 charla sobre \u201cComparaci\u00f3n forense de la voz en Chile\u201d"},"content":{"rendered":"\n<h4 class=\"wp-block-heading\"><strong>La Dra. Claudia Rosas, acad\u00e9mica la Facultad de Filosof\u00eda y Humanidades y profesora del Mag\u00edster en Ac\u00fastica y Vibraciones (MAV) de la Universidad Austral de Chile, fue invitada por la Universidad de Concepci\u00f3n para dictar una charla sobre la especialidad forense del habla en que se ha especializado.<\/strong><\/h4>\n\n\n\n<p><em>Escrito por PrensaFCI<\/em><\/p>\n\n\n\n<p>La exposici\u00f3n titulada \u201cComparaci\u00f3n forense de la voz en Chile: Balance, proyecciones y desaf\u00edos\u201d se llev\u00f3 a cabo el pasado viernes 4 de junio invitada por Postgrados en Ling\u00fc\u00edstica UdeC.<\/p>\n\n\n\n<p>En la oportunidad, la acad\u00e9mica \u2013 quien dicta la asignatura de Ac\u00fastica Forense del MAV- abord\u00f3 la situaci\u00f3n actual y las proyecciones de la comparaci\u00f3n forense de la voz en Chile, a la luz de los est\u00e1ndares internacionales, enfocados en la producci\u00f3n de evidencia confiable, con el objeto de ser admisibles en los tribunales de justicia.<\/p>\n\n\n\n<p>La presentaci\u00f3n dio a conocer los fundamentos cient\u00edficos que caracterizan esta rama de las ciencias forenses y, luego, sobre esa base se analiz\u00f3 y coment\u00f3 la situaci\u00f3n de Chile y sus proyecciones, tanto en la pr\u00e1ctica como en la investigaci\u00f3n forense.&nbsp;<\/p>\n\n\n\n<p>El evento reuni\u00f3 a acad\u00e9micas y acad\u00e9micos, estudiantes de pre y postgrado, como asimismo un diverso grupo de personas de diferentes \u00e1reas de ocupaci\u00f3n, interesados en esta materia.<\/p>\n\n\n\n<figure class=\"wp-block-embed-youtube wp-block-embed is-type-video is-provider-youtube wp-embed-aspect-16-9 wp-has-aspect-ratio\"><div class=\"wp-block-embed__wrapper\">\n<iframe title=\"Comparaci\u00f3n forense de la voz en Chile: Balance, proyecciones y desaf\u00edos\" width=\"1200\" height=\"675\" src=\"https:\/\/www.youtube.com\/embed\/SMbRdW7X6sQ?feature=oembed\" frameborder=\"0\" allow=\"accelerometer; autoplay; clipboard-write; encrypted-media; gyroscope; picture-in-picture\" allowfullscreen><\/iframe>\n<\/div><figcaption>Comparaci\u00f3n forense de la voz en Chile: Balance, proyecciones y desaf\u00edos<\/figcaption><\/figure>\n\n\n\n<h4 class=\"wp-block-heading\"><strong>Antecedentes<\/strong><\/h4>\n\n\n\n<p>La Dra. Claudia Rosas, es investigadora adjunta del&nbsp;<em>Forensic Speech Science Laboratory (FSSL)<\/em>&nbsp;de la Aston University Birmingham Uk.<\/p>\n\n\n\n<p>Posee m\u00e1s de una d\u00e9cada de experiencia en investigaci\u00f3n y desarrollo en fon\u00e9tica y ac\u00fastica forense, as\u00ed como tambi\u00e9n experiencia en casos de trabajo.<\/p>\n\n\n\n<p>Actualmente, es coordinadora en Chile del proyecto internacional en ciencias forenses&nbsp;<em>Development of an Automatic Forensic Voice Comparison<\/em>&nbsp;System, Aston University Birmingham Uk, donde participa junto a la Polic\u00eda de Investigaciones de Chile (PDI).<\/p>\n","protected":false},"excerpt":{"rendered":"<p>La Dra. Claudia Rosas, acad\u00e9mica la Facultad de Filosof\u00eda y Humanidades y profesora del Mag\u00edster en Ac\u00fastica y Vibraciones (MAV) de la Universidad Austral de Chile, fue invitada por la Universidad de Concepci\u00f3n para dictar una charla sobre la especialidad forense del habla en que se ha especializado. Escrito por PrensaFCI La exposici\u00f3n titulada \u201cComparaci\u00f3n [&hellip;]<\/p>\n","protected":false},"author":2,"featured_media":14415,"comment_status":"closed","ping_status":"closed","sticky":false,"template":"","format":"standard","meta":{"footnotes":""},"categories":[908,907],"tags":[1030,84,154,153,780,915,354],"class_list":["post-14414","post","type-post","status-publish","format-standard","has-post-thumbnail","hentry","category-investigacion","category-postgrado","tag-boletin","tag-charla","tag-forense","tag-magister","tag-magister-en-acustica-y-vibraciones","tag-portada","tag-rosas"],"_links":{"self":[{"href":"https:\/\/www.acusticauach.cl\/index.php?rest_route=\/wp\/v2\/posts\/14414","targetHints":{"allow":["GET"]}}],"collection":[{"href":"https:\/\/www.acusticauach.cl\/index.php?rest_route=\/wp\/v2\/posts"}],"about":[{"href":"https:\/\/www.acusticauach.cl\/index.php?rest_route=\/wp\/v2\/types\/post"}],"author":[{"embeddable":true,"href":"https:\/\/www.acusticauach.cl\/index.php?rest_route=\/wp\/v2\/users\/2"}],"replies":[{"embeddable":true,"href":"https:\/\/www.acusticauach.cl\/index.php?rest_route=%2Fwp%2Fv2%2Fcomments&post=14414"}],"version-history":[{"count":0,"href":"https:\/\/www.acusticauach.cl\/index.php?rest_route=\/wp\/v2\/posts\/14414\/revisions"}],"wp:featuredmedia":[{"embeddable":true,"href":"https:\/\/www.acusticauach.cl\/index.php?rest_route=\/wp\/v2\/media\/14415"}],"wp:attachment":[{"href":"https:\/\/www.acusticauach.cl\/index.php?rest_route=%2Fwp%2Fv2%2Fmedia&parent=14414"}],"wp:term":[{"taxonomy":"category","embeddable":true,"href":"https:\/\/www.acusticauach.cl\/index.php?rest_route=%2Fwp%2Fv2%2Fcategories&post=14414"},{"taxonomy":"post_tag","embeddable":true,"href":"https:\/\/www.acusticauach.cl\/index.php?rest_route=%2Fwp%2Fv2%2Ftags&post=14414"}],"curies":[{"name":"wp","href":"https:\/\/api.w.org\/{rel}","templated":true}]}}