{"id":14390,"date":"2021-05-06T10:31:02","date_gmt":"2021-05-06T14:31:02","guid":{"rendered":"http:\/\/www.acusticauach.cl\/?p=14390"},"modified":"2021-11-06T12:53:15","modified_gmt":"2021-11-06T15:53:15","slug":"charla-sobre-ruido-ambiental-y-la-planificacion-de-las-ciudades-2-2","status":"publish","type":"post","link":"https:\/\/www.acusticauach.cl\/?p=14390","title":{"rendered":"Ac\u00fastica Marina: Tecnolog\u00eda y Desarrollo Sostenible"},"content":{"rendered":"\n<p> El seminario organizado por la Facultad de Ciencias de la Ingenier\u00eda realizado el mi\u00e9rcoles 5 de mayo un nuevo Ciclo de Seminarios de Investigaci\u00f3n de Postgrado abiertos a toda la comunidad.<\/p>\n\n\n\n<p>EXPOSITORES:<\/p>\n\n\n\n<ul class=\"wp-block-list\"><li>Marcela Ruiz (Directora Ejecutiva Ac\u00fastica Marina).<\/li><li>Roberto Flores (Desarrollador Tecnol\u00f3gico Ac\u00fastica Marina).<\/li><\/ul>\n\n\n\n<p>MODERA:<\/p>\n\n\n\n<ul class=\"wp-block-list\"><li>Dr. Enrique Su\u00e1rez (Acad\u00e9mico Instituto de Ac\u00fastica UACh).<\/li><\/ul>\n\n\n\n<p>La actividad es organizada conjuntamente entre la Oficina de Comunicaciones y Vinculaci\u00f3n con el Medio y la Escuela de Graduados de la Facultad de Ciencias de la Ingenier\u00eda UACh.<\/p>\n\n\n\n<p>M\u00e1s informaci\u00f3n en:  <a href=\"https:\/\/www.acusticauach.cl\/?p=14382\">https:\/\/www.acusticauach.cl\/?p=14382<\/a><\/p>\n","protected":false},"excerpt":{"rendered":"<p>El seminario organizado por la Facultad de Ciencias de la Ingenier\u00eda realizado el mi\u00e9rcoles 5 de mayo un nuevo Ciclo de Seminarios de Investigaci\u00f3n de Postgrado abiertos a toda la comunidad. EXPOSITORES: Marcela Ruiz (Directora Ejecutiva Ac\u00fastica Marina). Roberto Flores (Desarrollador Tecnol\u00f3gico Ac\u00fastica Marina). MODERA: Dr. Enrique Su\u00e1rez (Acad\u00e9mico Instituto de Ac\u00fastica UACh). La actividad [&hellip;]<\/p>\n","protected":false},"author":2,"featured_media":14383,"comment_status":"closed","ping_status":"closed","sticky":false,"template":"","format":"video","meta":{"footnotes":""},"categories":[929],"tags":[113,1030,84,372,153,780,975,198,88],"class_list":["post-14390","post","type-post","status-publish","format-video","has-post-thumbnail","hentry","category-videos","tag-acustica","tag-boletin","tag-charla","tag-fci","tag-magister","tag-magister-en-acustica-y-vibraciones","tag-planificacion","tag-submarina","tag-video","post_format-post-format-video"],"_links":{"self":[{"href":"https:\/\/www.acusticauach.cl\/index.php?rest_route=\/wp\/v2\/posts\/14390","targetHints":{"allow":["GET"]}}],"collection":[{"href":"https:\/\/www.acusticauach.cl\/index.php?rest_route=\/wp\/v2\/posts"}],"about":[{"href":"https:\/\/www.acusticauach.cl\/index.php?rest_route=\/wp\/v2\/types\/post"}],"author":[{"embeddable":true,"href":"https:\/\/www.acusticauach.cl\/index.php?rest_route=\/wp\/v2\/users\/2"}],"replies":[{"embeddable":true,"href":"https:\/\/www.acusticauach.cl\/index.php?rest_route=%2Fwp%2Fv2%2Fcomments&post=14390"}],"version-history":[{"count":0,"href":"https:\/\/www.acusticauach.cl\/index.php?rest_route=\/wp\/v2\/posts\/14390\/revisions"}],"wp:featuredmedia":[{"embeddable":true,"href":"https:\/\/www.acusticauach.cl\/index.php?rest_route=\/wp\/v2\/media\/14383"}],"wp:attachment":[{"href":"https:\/\/www.acusticauach.cl\/index.php?rest_route=%2Fwp%2Fv2%2Fmedia&parent=14390"}],"wp:term":[{"taxonomy":"category","embeddable":true,"href":"https:\/\/www.acusticauach.cl\/index.php?rest_route=%2Fwp%2Fv2%2Fcategories&post=14390"},{"taxonomy":"post_tag","embeddable":true,"href":"https:\/\/www.acusticauach.cl\/index.php?rest_route=%2Fwp%2Fv2%2Ftags&post=14390"}],"curies":[{"name":"wp","href":"https:\/\/api.w.org\/{rel}","templated":true}]}}