{"id":14330,"date":"2021-04-19T18:36:52","date_gmt":"2021-04-19T22:36:52","guid":{"rendered":"http:\/\/www.acusticauach.cl\/?p=14330"},"modified":"2021-04-19T18:37:28","modified_gmt":"2021-04-19T22:37:28","slug":"busqueda-del-concepto-de-calidad-sonora-mediante-la-comparacion-de-platillos-de-bateria-fue-tema-de-investigacion-de-nuevo-graduado-de-mav","status":"publish","type":"post","link":"https:\/\/www.acusticauach.cl\/?p=14330","title":{"rendered":"Calidad sonora mediante la comparaci\u00f3n de platillos de bater\u00eda fue tema de investigaci\u00f3n de nuevo graduado de MAV"},"content":{"rendered":"\n<h4 class=\"wp-block-heading\"><strong>El ingeniero ac\u00fastico Mario L\u00f3pez Mu\u00f1oz, rindi\u00f3\nrecientemente el examen de grado del Mag\u00edster en Ac\u00fastica y Vibraciones de la\nFacultad de Ciencias de la Ingenier\u00eda UACh.<\/strong><\/h4>\n\n\n\n<p><em>Escrito por PrensaFCI<\/em><\/p>\n\n\n\n<p>La b\u00fasqueda del concepto de calidad sonora mediante la comparaci\u00f3n de platillos de bater\u00eda, fue el tema de la reciente investigaci\u00f3n realizada por\u00a0<strong>Mario<\/strong>\u00a0<strong>Armando L\u00f3pez Mu\u00f1oz<\/strong>, nuevo graduado del\u00a0<a rel=\"noreferrer noopener\" href=\"http:\/\/www.ingenieria.uach.cl\/postgrado\/magister-en-acustica-y-vibraciones.html\" target=\"_blank\"><strong>Mag\u00edster en Ac\u00fastica y Vibraciones de la Facultad de Ciencias de la Ingenier\u00eda UACh<\/strong><\/a>.<\/p>\n\n\n\n<p>El reci\u00e9n graduado realiz\u00f3 el pasado jueves 15 de\nabril la defensa de tesis denominada&nbsp;<strong>\u201cCaracterizaci\u00f3n de Platillos de\nBater\u00eda Ride Mediante An\u00e1lisis Ac\u00fastico y Evaluaci\u00f3n Subjetiva de Calidad\nSonora\u201d<\/strong>, siendo&nbsp;<strong>calificado con nota 6.4 en su examen de grado y\ngradu\u00e1ndose del Magister en Ac\u00fastica y Vibraciones con nota final 6.2,\nequivalente a Graduado con DISTINCI\u00d3N<\/strong>.<\/p>\n\n\n\n<p>Seg\u00fan detall\u00f3 L\u00f3pez, quien tambi\u00e9n es&nbsp;<strong>Ingeniero\nAc\u00fastico egresado de la FCI UACh<\/strong>, las mediciones de radiaci\u00f3n sonora\ncorrespondientes a su investigaci\u00f3n se realizaron con un baterista entrenado de\nValdivia, en la Sala Anecoica del Instituto de Ac\u00fastica de la Facultad de\nCiencias de la Ingenier\u00eda, registros que fueron compartidos posteriormente con\n31 bateristas chilenos quienes evaluaron diferentes par\u00e1metros del sonido,\ncatalog\u00e1ndolos y calific\u00e1ndolos.<\/p>\n\n\n\n<blockquote class=\"wp-block-quote is-layout-flow wp-block-quote-is-layout-flow\"><p>\u201cEl fin de todo esto es llegar a una pista que nos acerque al concepto de calidad del sonido, que no est\u00e1 definido de manera formal, y que lo vemos a trav\u00e9s de instrumentos, en este caso, el platillo Ride, aunque el concepto puede servir tambi\u00e9n para otro tipo de instrumentos\u201d.<\/p><cite> <strong>Mario<\/strong>\u00a0<strong>L\u00f3pez <\/strong>, nuevo graduado del\u00a0<a rel=\"noreferrer noopener\" href=\"http:\/\/www.ingenieria.uach.cl\/postgrado\/magister-en-acustica-y-vibraciones.html\" target=\"_blank\"><strong>Mag\u00edster en Ac\u00fastica y Vibraciones de la Facultad de Ciencias de la Ingenier\u00eda UACh<\/strong><\/a>. <\/cite><\/blockquote>\n\n\n\n<p>El ingeniero ac\u00fastico, destac\u00f3 adem\u00e1s que lo\nrelevante de su investigaci\u00f3n se refiere a que \u201csi conocemos lo que el m\u00fasico\nconsidera como instrumento de calidad sonora, nos puede dar pistas de cu\u00e1les\nson los mejores dise\u00f1os o qu\u00e9 elementos tenemos que incorporar en el dise\u00f1o de\nnuestros instrumentos. Por ejemplo, si quiero fabricar un platillo y conozco\nlas caracter\u00edsticas deseadas por el usuario, podr\u00e9 hacer m\u00e1s eficiente mi\ndise\u00f1o y mucho m\u00e1s atractivo para efectos de comercializaci\u00f3n\u201d, precis\u00f3.<\/p>\n\n\n\n<figure class=\"wp-block-image\"><img decoding=\"async\" width=\"1000\" height=\"562\" src=\"https:\/\/www.acusticauach.cl\/wp-content\/uploads\/2021\/04\/20210415_Mario_Lopez_04.jpg\" alt=\"\" class=\"wp-image-14332\" srcset=\"https:\/\/www.acusticauach.cl\/wp-content\/uploads\/2021\/04\/20210415_Mario_Lopez_04.jpg 1000w, https:\/\/www.acusticauach.cl\/wp-content\/uploads\/2021\/04\/20210415_Mario_Lopez_04-300x169.jpg 300w, https:\/\/www.acusticauach.cl\/wp-content\/uploads\/2021\/04\/20210415_Mario_Lopez_04-768x432.jpg 768w, https:\/\/www.acusticauach.cl\/wp-content\/uploads\/2021\/04\/20210415_Mario_Lopez_04-125x70.jpg 125w, https:\/\/www.acusticauach.cl\/wp-content\/uploads\/2021\/04\/20210415_Mario_Lopez_04-75x42.jpg 75w\" sizes=\"(max-width: 1000px) 100vw, 1000px\" \/><figcaption>La tesis de magister se titul\u00f3  <strong>\u201cCaracterizaci\u00f3n de Platillos de Bater\u00eda Ride Mediante An\u00e1lisis Ac\u00fastico y Evaluaci\u00f3n Subjetiva de Calidad Sonora\u201d<\/strong>, <\/figcaption><\/figure>\n\n\n\n<p>Finalmente, y respecto a su paso por el programa de\npostgrado de la FCI UACh, L\u00f3pez, destac\u00f3 que \u201cel cuerpo acad\u00e9mico del Mag\u00edster\nes de primera l\u00ednea y muy conocedores de sus \u00e1reas. Por otro lado, valoro\nadem\u00e1s el encuentro con pares de distintos rangos de edad, ya que fue como un\nrefresco de cosas nuevas que quiz\u00e1s hab\u00eda dejado un poco atr\u00e1s\u201d.<\/p>\n\n\n\n<p>La&nbsp;<strong>comisi\u00f3n examinadora<\/strong>&nbsp;estuvo\ncompuesta por el Dr. Jos\u00e9 Luis Barros (Instituto de Ac\u00fastica UACh) como\nPatrocinante, el Dr. Mario Gonz\u00e1lez (Centro de Docencias de Ciencias B\u00e1sicas\npara Ingenier\u00eda UACh) como Co-Patrocinante, y el Dr. Felipe Otondo (Instituto\nde Ac\u00fastica UACh) como informante.<\/p>\n\n\n\n<p>Como Evaluador Externo particip\u00f3 el Dr. Pablo Kogan\n(Universidad de Chile), mientras que como Ministro de Fe actu\u00f3 el Dr. Enrique\nSu\u00e1rez (Director Escuela de Graduados FCI UACh).<\/p>\n","protected":false},"excerpt":{"rendered":"<p>El ingeniero ac\u00fastico Mario L\u00f3pez Mu\u00f1oz, rindi\u00f3 recientemente el examen de grado del Mag\u00edster en Ac\u00fastica y Vibraciones de la Facultad de Ciencias de la Ingenier\u00eda UACh. Escrito por PrensaFCI La b\u00fasqueda del concepto de calidad sonora mediante la comparaci\u00f3n de platillos de bater\u00eda, fue el tema de la reciente investigaci\u00f3n realizada por\u00a0Mario\u00a0Armando L\u00f3pez Mu\u00f1oz, [&hellip;]<\/p>\n","protected":false},"author":2,"featured_media":14331,"comment_status":"closed","ping_status":"closed","sticky":false,"template":"","format":"standard","meta":{"footnotes":""},"categories":[907],"tags":[58,695,153,780,915,81,119],"class_list":["post-14330","post","type-post","status-publish","format-standard","has-post-thumbnail","hentry","category-postgrado","tag-barros","tag-graduado","tag-magister","tag-magister-en-acustica-y-vibraciones","tag-portada","tag-tesis","tag-tesistas"],"_links":{"self":[{"href":"https:\/\/www.acusticauach.cl\/index.php?rest_route=\/wp\/v2\/posts\/14330","targetHints":{"allow":["GET"]}}],"collection":[{"href":"https:\/\/www.acusticauach.cl\/index.php?rest_route=\/wp\/v2\/posts"}],"about":[{"href":"https:\/\/www.acusticauach.cl\/index.php?rest_route=\/wp\/v2\/types\/post"}],"author":[{"embeddable":true,"href":"https:\/\/www.acusticauach.cl\/index.php?rest_route=\/wp\/v2\/users\/2"}],"replies":[{"embeddable":true,"href":"https:\/\/www.acusticauach.cl\/index.php?rest_route=%2Fwp%2Fv2%2Fcomments&post=14330"}],"version-history":[{"count":0,"href":"https:\/\/www.acusticauach.cl\/index.php?rest_route=\/wp\/v2\/posts\/14330\/revisions"}],"wp:featuredmedia":[{"embeddable":true,"href":"https:\/\/www.acusticauach.cl\/index.php?rest_route=\/wp\/v2\/media\/14331"}],"wp:attachment":[{"href":"https:\/\/www.acusticauach.cl\/index.php?rest_route=%2Fwp%2Fv2%2Fmedia&parent=14330"}],"wp:term":[{"taxonomy":"category","embeddable":true,"href":"https:\/\/www.acusticauach.cl\/index.php?rest_route=%2Fwp%2Fv2%2Fcategories&post=14330"},{"taxonomy":"post_tag","embeddable":true,"href":"https:\/\/www.acusticauach.cl\/index.php?rest_route=%2Fwp%2Fv2%2Ftags&post=14330"}],"curies":[{"name":"wp","href":"https:\/\/api.w.org\/{rel}","templated":true}]}}