{"id":14211,"date":"2021-01-25T17:57:18","date_gmt":"2021-01-25T20:57:18","guid":{"rendered":"http:\/\/www.acusticauach.cl\/?p=14211"},"modified":"2021-01-25T18:00:30","modified_gmt":"2021-01-25T21:00:30","slug":"10-nuevos-profesionales-y-3-magister-de-acusticauach-se-graduaron-durante-2020-en-la-facultad-de-ciencias-de-la-ingenieria","status":"publish","type":"post","link":"https:\/\/www.acusticauach.cl\/?p=14211","title":{"rendered":"10 nuevos ingenier@s y 3 magister de AcusticaUACh se graduaron en 2020"},"content":{"rendered":"\n<h4 class=\"wp-block-heading\"><strong>Los nuevos profesionales, en su gran mayor\u00eda, realizaron\u00a0 la\u00a0 defensa de tesis en modalidad virtual, lo que les permiti\u00f3 recibir sus diplomas de grado y t\u00edtulo en la Facultad de Ciencias de la Ingenier\u00eda UACh.<\/strong><\/h4>\n\n\n\n<p><em>Escrito por PrensaFCI<\/em><\/p>\n\n\n\n<p>A pesar de ser un a\u00f1o marcado por la crisis sanitaria provocada por el COVID-19, 161 egresados de las carreras de pregrado de la Facultad de Ciencias de la Ingenier\u00eda de la Universidad Austral de Chile se titularon entre enero y diciembre de 2020.<\/p>\n\n\n\n<p>Los nuevos titulados y tituladas pertenecen a las carreras de Ingenier\u00eda Naval, Ingenier\u00eda Civil Electr\u00f3nica, Ingenier\u00eda Civil Industrial, Ingenier\u00eda Civil en Inform\u00e1tica, Ingenier\u00eda Civil Mec\u00e1nica, Ingenier\u00eda Civil en Obras Civiles, Ingenier\u00eda en Construcci\u00f3n e Ingenier\u00eda Civil Ac\u00fastica. Adem\u00e1s del Programa de Prosecuci\u00f3n de Estudios para Ingenieros Mec\u00e1nicos a t\u00edtulo de Ingeniero Civil Mec\u00e1nico; Programa Especial de Ingenier\u00eda en Construcci\u00f3n; Programa Especial para Profesionales o Graduados conducente al t\u00edtulo de Ingeniero Civil Electr\u00f3nico.<\/p>\n\n\n\n<figure class=\"wp-block-image\"><img decoding=\"async\" width=\"900\" height=\"600\" src=\"https:\/\/www.acusticauach.cl\/wp-content\/uploads\/2021\/01\/titulados_2021-8d0aa833.png\" alt=\"\" class=\"wp-image-14214\" srcset=\"https:\/\/www.acusticauach.cl\/wp-content\/uploads\/2021\/01\/titulados_2021-8d0aa833.png 900w, https:\/\/www.acusticauach.cl\/wp-content\/uploads\/2021\/01\/titulados_2021-8d0aa833-300x200.png 300w, https:\/\/www.acusticauach.cl\/wp-content\/uploads\/2021\/01\/titulados_2021-8d0aa833-768x512.png 768w, https:\/\/www.acusticauach.cl\/wp-content\/uploads\/2021\/01\/titulados_2021-8d0aa833-125x83.png 125w, https:\/\/www.acusticauach.cl\/wp-content\/uploads\/2021\/01\/titulados_2021-8d0aa833-75x50.png 75w\" sizes=\"(max-width: 900px) 100vw, 900px\" \/><figcaption>Ver video en <a rel=\"noreferrer noopener\" aria-label=\"https:\/\/youtu.be\/ZZobCegxeDE (abre en una nueva pesta\u00f1a)\" href=\"https:\/\/youtu.be\/ZZobCegxeDE\" target=\"_blank\">https:\/\/youtu.be\/ZZobCegxeDE<\/a><\/figcaption><\/figure>\n\n\n\n<p>En cuanto a los programas de postgrado de la FCI, se graduaron 15 profesionales correspondientes a los Mag\u00edster en Inform\u00e1tica, Mag\u00edster en Ac\u00fastica y Vibraciones y al Diplomado en Eficiencia Energ\u00e9tica y Calidad Ambiental en la Construcci\u00f3n.<\/p>\n\n\n\n<p>\u201cDentro de los muchos desaf\u00edos que nos impuso la pandemia durante el 2020, tuvimos que adaptar no s\u00f3lo la modalidad de docencia, sino tambi\u00e9n&nbsp; continuar avanzando para que los y las tesistas no vieran retrasada su etapa de titulaci\u00f3n y es asi que a contar de 27 de marzo todos los ex\u00e1menes de grado se desarrollaron en modalidad virtual, donde destacamos el apoyo y disposici\u00f3n&nbsp; del equipo de Secretar\u00eda Acad\u00e9mica liderada por el Dr. Rogelio Moreno, asi como los acad\u00e9micos&nbsp; patrocinantes e informantes de nuestros egresados\u201d se\u00f1al\u00f3 el Decano de la Facultad de Ciencias de la Ingenier\u00eda, Dr. Richard Luco Salman.<\/p>\n\n\n\n<p>\u201cSi bien este a\u00f1o no se ha podido realizar la tradicional ceremonia de titulaci\u00f3n porque las condiciones sanitarias lo impiden, esperamos en alg\u00fan momento poder llevar a cabo esta actividad que constituye un hito simb\u00f3lico en la vida de todo profesional\u201d explica el Dr. Luco.<\/p>\n\n\n\n<blockquote class=\"wp-block-quote is-layout-flow wp-block-quote-is-layout-flow\"><p><strong>\u201cComo Facultad queremos felicitar a todos las y los nuevos profesionales que hoy se integran al mundo laboral, en un momento de grandes desaf\u00edos, pero que tambi\u00e9n involucra&nbsp; grandes oportunidades porque creemos que m\u00e1s que nunca la ingenier\u00eda y la tecnolog\u00eda ser\u00e1n&nbsp; necesarias para los nuevos escenarios que se vienen a futuro a nivel global\u201d<\/strong><\/p><cite>Dr. Richard Luco, Decano.<\/cite><\/blockquote>\n\n\n\n<figure class=\"wp-block-embed-youtube wp-block-embed is-type-video is-provider-youtube wp-embed-aspect-16-9 wp-has-aspect-ratio\"><div class=\"wp-block-embed__wrapper\">\n<iframe title=\"Titulados FCI-UACh 2020\" width=\"1200\" height=\"675\" src=\"https:\/\/www.youtube.com\/embed\/ZZobCegxeDE?feature=oembed\" frameborder=\"0\" allow=\"accelerometer; autoplay; clipboard-write; encrypted-media; gyroscope; picture-in-picture\" allowfullscreen><\/iframe>\n<\/div><\/figure>\n\n\n\n<h4 class=\"wp-block-heading\"><strong>N\u00d3MINA DE TITULADOS Y GRADUADOS ACUSTICAUACH A\u00d1O 2020<\/strong><\/h4>\n\n\n\n<p>Los titulados y graduados de AcusticaUACh fueron:<\/p>\n\n\n\n<p><strong>TITULO:   INGENIERO (A) CIVIL AC\u00daSTICO<br> GRADO:   LICENCIADO (A) EN CIENCIAS DE LA INGENIER\u00cdA<\/strong><br> JAVIERA ANTONELA ALARC\u00d3N SEP\u00daLVEDA<br> JORD\u00c1N ALEXIS CUEVAS CALFUQUIR<br> YETZABETH ANA\u00cdS GONZ\u00c1LEZ CEBALLOS<br> JUAN PATRICIO GONZ\u00c1LEZ G\u00d3MEZ<br> LUCAS GONZALO GRADO MU\u00d1OZ<br> KAREL PATRICIO KUNZ CONTRERAS<br> ALONSO RICARDO MATAMALA ROJAS<br> MAR\u00cdA JOS\u00c9 SALAZAR ROJAS<br> FERNANDO ESTEBAN SALINAS SOTO<br> LUIS FRANCO SEP\u00daLVEDA ZOBARZO<\/p>\n\n\n\n<p><strong>MAG\u00cdSTER EN AC\u00daSTICA Y VIBRACIONES<\/strong><br> ASTUDILLO MONTENEGRO ALEXANDRA LYSELOTT<br> ALVARADO PORTILLA LUIS BERNARDO<br> CIFUENTES MAR\u00cdN ROBERTO LEONEL<\/p>\n\n\n\n<h4 class=\"wp-block-heading\"><strong>N\u00d3MINA DE TITULADOS Y GRADUADOS FCI A\u00d1O 2020<\/strong><\/h4>\n\n\n\n<p><strong>TITULO:   INGENIERO (A) CIVIL ELECTR\u00d3NICO<br> GRADO:   LICENCIADO (A) EN CIENCIAS DE LA INGENIER\u00cdA<\/strong><\/p>\n\n\n\n<p>FELIPE ALEJANDRO ARREDONDO ESPINOZA (b)<br>\nELADIO ALEJANDRO BURGOS MEDINA<br>\nCRISTIAN ALBERTO ESTRADA FUENTES  (a)<br>\nPAULINA EUGENIA FIGUEROA SOL\u00cdS<br>\nPEDRO EUGENIO GALAZ M\u00c9NDEZ  (b)<br>\nF\u00c9LIX ALEJANDRO HERN\u00c1NDEZ MORA (b)<br>\nJUAN RA\u00daL JORQUERA MAULEN (b)<br>\nJAIME ANTONIO MADERO SANTIB\u00c1\u00d1EZ (b)<br>\nMAURICIO ANTONIO MEDEL PADILLA (b)<br>\nPEDRO ANTONIO MU\u00d1OZ MART\u00cdNEZ  (b)<br>\nPATRICIO GERM\u00c1N N\u00c1RVAEZ MU\u00d1OZ (b)<br>\nCLAUDIO MART\u00cdN ALEXIS PAREDES BUDON<br>\nDARIO FERNANDO RAM\u00cdREZ GONZ\u00c1LEZ (b)<br>\nCAMILO JUAN GABRIEL SEP\u00daLVEDA MARDONES<br>\nJOS\u00c9 EDGARDO SAAVEDRA DELGADO (b)<br>\nSEBASTI\u00c1N ALEJANDRO VILLARROEL KLICKMANN (b)<br>\n(a) Ingeniero Electr\u00f3nico<br>\n(b) Programa Especial para profesionales o graduados conducente al t\u00edtulo de Ingeniero Civil Electr\u00f3nico<\/p>\n\n\n\n<p><strong>TITULO:   INGENIERO (A) CIVIL EN INFORM\u00c1TICA<br> GRADO:   LICENCIADO (A) EN CIENCIAS DE LA INGENIER\u00cdA<\/strong><\/p>\n\n\n\n<p>CAMILO ALEXANDER ALARC\u00d3N ROMERO<br>\nDANIELA ANDREA AM\u00c9STICA OLMOS<br>\nLEONARDO DAMI\u00c1N CONCHA MELLA<br>\nFELIPE IV\u00c1N JARA MU\u00d1OZ<br>\nLUIS FRANCISCO LACAUX P\u00c9REZ<br>\nSEBASTI\u00c1N IGNACIO MATAMALA ABARZ\u00daA<br>\nROBERTO ENRIQUE MELITA HENR\u00cdQUEZ<br>\nFELIPE ALEJANDRO QUEZADA S\u00c1NCHEZ<br>\nJAVIER ARMANDO ROJAS HERRERA<br>\nPATRICIO DAGOBERTO SUAZO N\u00da\u00d1EZ<br>\nV\u00cdCTOR HUGO VARGAS SANDOVAL<br>\nDANIEL ALEJANDRO VIDAL MANSILLA<\/p>\n\n\n\n<p><strong>TITULO:   INGENIERO (A) CIVIL INDUSTRIAL<br> GRADO:   LICENCIADO (A) EN CIENCIAS DE LA INGENIER\u00cdA<\/strong><br> NICOL\u00c1S IGNACIO ALFESSI CALDER\u00d3N<br> \u00c1LVARO EXEQUIEL BARR\u00cdA MAYORGA<br> TOM\u00c1S ISA\u00cdAS BENTJERODT MARTINO<br> FELIPE EDUARDO BURGOS SEP\u00daLVEDA<br> FELIPE ANDR\u00c9S BUSTAMANTE ARTEAGA<br> KEVIN ANDR\u00c9S C\u00c1RCAMO VILLOUTA<br> CRISTIAN GONZALO CARRASCO OJEDA<br> FELIPE EDUARDO CASAS MEDINA<br> ALEXIS FABI\u00c1N GARC\u00cdA MACHMAR<br> PAULINA BEL\u00c9N GAYOSO GANNICA<br> NICOL\u00c1S DANIEL HITSCHFELD ROJAS<br> CLAUDIA ANDREA OBANDO CARIM\u00c1N<br> DAVID IGNACIO OJEDA PALMA<br> CATALINA ANDREA OJEDA TORRES<br> ISABELLA BEL\u00c9N PALMA VARGAS<br> ANDRE GUSTAVE PIFFAUT STAROCELSKY<br> ALEX EDGARDO PORFLIT FUENTES<br> V\u00cdCTOR HUGO QUEZADA AVIL\u00c9S<br> INGRID CONSTANZA ROSALES G\u00d3MEZ<br> MARCOS DANIEL SALAZAR TRONCOSO<br> PAULINA DEL PILAR SALAZAR MU\u00d1OZ<br> VANESSA DENISE SOLAR ORTIZ<br> VALERIA NICOL SOTO CASTRO<br> SEBASTI\u00c1N IGNACIO TOLEDO PINILLA<br> VIVIANA CAROLINA TRUJILLO VEJAR<br> NICOL\u00c1S ANDR\u00c9S VALDEBENITO SAN MART\u00cdN<br> BRUNO ARTURO VILLALOBOS MU\u00d1OZ<br> MANUEL ALEJANDRO ANTONIO VILLAR L\u00d3PEZ<br> IV\u00c1N EGNEN  ZEREN\u00c9 GACIT\u00daA<\/p>\n\n\n\n<p><strong>TITULO:   INGENIERO (A) CIVIL EN OBRAS CIVILES<br> GRADO:   LICENCIADO (A) EN CIENCIAS DE LA INGENIER\u00cd<\/strong>A<\/p>\n\n\n\n<p>CIRIANN ALEXIA ALMONACID OLATE<br>\nANGELICA JEANNETTE ANTILLANCA CABEZAS<br>\nFELIPE EDUARDO ARRIAGADA BARRIGA<br>\nSEBASTI\u00c1N CRIST\u00d3BAL PATRICIO BAEZ O\u00d1ATE<br>\nMAT\u00cdAS IGNACIO BARRIENTOS BARICHIVICH<br>\nANDREA RAQUEL BASTIDAS SEP\u00daLVEDA<br>\nPAULO FRANCO BELLO FERIS<br>\nALEXIS FELIPE BOZZO P\u00c9REZ<br>\nJAVIERA FERNANDA CATAL\u00c1N GALLEGOS<br>\nMAT\u00cdAS ANDR\u00c9S CAMUS MATURANA<br>\nGABRIELA NATALY CASTA\u00d1EDA REYES<br>\nGENESIS ANG\u00c9LICA CARRASCO CARRILLO<br>\nRODRIGO ANDR\u00c9S DE LA BARRA SOTO<br>\nMARIANA ISABEL FIGUEROA ECHEVERR\u00cdA<br>\nARMIN MARCELO FUENTES SEP\u00daLVEDA<br>\nJOS\u00c9 PABLO ALBERTO GACIT\u00daA RAM\u00cdREZ<br>\nALVARO BASTI\u00c1N GALARCE JEREZ<br>\nFELIPE ALEJANDRO GARC\u00c9S GARRIDO<br>\nJOSEFINA BEATRIZ GARC\u00cdA P\u00c9REZ<br>\nALLISON VICTORIA GAVILAN GUIDOTTI<br>\nJOS\u00c9 PATRICIO GUENEL MANCILLA<br>\nJULIO C\u00c9SAR HIDALGO URIBE<br>\nPAULA CONSUELO HUICHALAO MILLAR<br>\nJORGE ANDR\u00c9S ISLA BUSSE<br>\nHERN\u00c1N DIANNER MANQUEPILLAN P\u00c9REZ<br>\nPATRICIO ALEJANDRO MANSILLA VARGAS<br>\nMARIO NICOL\u00c1S MANSILLA VEGA<br>\nSEBASTI\u00c1N IGNACIO MALDONADO CARABANTES<br>\nMAR\u00cdA JOS\u00c9 MERA C\u00c1RDENAS<br>\nCONSTANZA BEL\u00c9N MONTT INOSTROZA<br>\nJUAN CARLOS MOYA BARRIENTOS<br>\nANDRES IGNACIO NU\u00d1EZ ARAVENA<br>\nMOIS\u00c9S ALEJANDRO OLATE FIGUEROA<br>\nGUSTAVO ENRIQUE OYARZO CONTRERAS<br>\nJUAN MARCELO P\u00c9REZ HURTADO<br>\nSEBASTI\u00c1N NICOL\u00c1S IGNACIO REYES JARAMILLO<br>\nRA\u00daL VICENTE ROBLEDO ALVARADO<br>\nNICOLE SOLANGE SANTIB\u00c1\u00d1EZ BARRIOS<br>\nPAULA ANDREA VALENZUELA MONTT<br>\nNICOL\u00c1S ALEJANDRO V\u00c1SQUEZ CAAMA\u00d1O<br>\n\u00c1LVARO ANDR\u00c9S VIDAL CURILL<\/p>\n\n\n\n<p><strong>TITULO:   INGENIERO (A) CIVIL MEC\u00c1NICO (A)<br> GRADO:   LICENCIADO (A) EN CIENCIAS DE LA INGENIER\u00cd<\/strong>A<br> DANIEL ALEXIS ALQUINTA CAVIERES<br> GUSTAVO ANDR\u00c9S ANUCH BOHLE<br> IGNACIO ANDR\u00c9S CASTA\u00d1EDA HUANQUILEF<br> FELIPE EDUARDO CIFUENTES CIFUENTES<br> JOS\u00c9 ALBERTO DUARTTE ROSAS<br> HERN\u00c1N FRANCISCO DUMENEZ QUEZADA<br> JAIME ARTURO FUENTES ALVEAR (<em>) YARKOVS PATRICIO GAETE PAREDES BASTI\u00c1N MAT\u00cdAS HENR\u00cdQUEZ \u00c1LVAREZ JOAQU\u00cdN ANDR\u00c9S LEAL VALLADARES ALEX FERNANDO MALDONADO SOTO LILI SOLEDAD MOYA BARRIENTOS LUIS ALEXIS ORTUYA LEIVA MANUEL ALFONSO POBLETE MU\u00d1OZ MARIO AGUST\u00cdN PUCHI GONZ\u00c1LEZ DIEGO IGNACIO ROSALES JARAMILLO ROBERTO NO\u00c9 SEGUEL RIQUELME HANS OTTMAR SCHULZ EGGERS VICENTE ORLANDO URIBE MU\u00d1OZ (<\/em>) Programa de Prosecuci\u00f3n de estudios para Ingenieros Mec\u00e1nicos a t\u00edtulo de Ingeniero Civil Mec\u00e1nico<\/p>\n\n\n\n<p><strong>TITULO:   INGENIERO (A) CONSTRUCTOR (A)<br> GRADO:   LICENCIADO (A) EN CIENCIAS DE LA CONSTRUCCI\u00d3N<\/strong><br> JOAQU\u00cdN EMILIO \u00c1GUILA JEREZ<br> OSCAR ALFONSO BARRERA LEAL<br> JOAQU\u00cdN FELIPE C\u00c1RDENAS MICKELSEN<br> ERNESTO BENJAM\u00cdN CARO CARRILLO<br> CONSTANZA VALERIA GARRIDO ACU\u00d1A<br> CARLOS EXZEQUIEL GONZ\u00c1LEZ BARRIGA<br> ORLANDO ANTONIO MANSILLA SANTANA<br> YONATHAN EDGARDO MART\u00cdNEZ SCHWALM<br> GUSTAVO ALEXIS NORAMBUENA NAHUELP\u00c1N<br> ELVIRA GRIMANESA DEL ROSA OLIVERA GATICA<br> IGNACIO EDUARDO PAREDES RIQUELME<br> CESAR AUGUSTO PREISLER PREISLER (<em>) DANIELA ANDREA QUIROZ BERNAL PABLA FRANCISCA RIQUELME BASSO VICTORIA ANDREA RESTOVICH OSORIO CARLA MARLENE SANHUEZA TABACCHI NICOL\u00c1S ANTONIO URRA  ZAPATA CAMILA ALEJANDRA VALDEBENITO BALLESTEROS DANIEL ORLANDO VEL\u00c1SQUEZ MELIPILL\u00c1N JAIME MAT\u00cdAS VERGARA GONZ\u00c1LEZ JUAN PAULO WESTPHAL DELGADO (<\/em>)Programa  Especial de Ingenier\u00eda en Construcci\u00f3n<\/p>\n\n\n\n<p><strong>TITULO: INGENIERO (A) NAVAL, MENCI\u00d3N EN: ARQUITECTURA NAVAL, M\u00c1QUINAS MARINAS Y TRANSPORTE MAR\u00cdTIMO.<br> GRADO: LICENCIADO (A) EN CIENCIAS DE LA INGENIER\u00cdA.<\/strong><br> CRISTIAN MARCELO \u00c1GUILA BARR\u00cdA<br> CAMILO FERNANDO ASTUDILLO VILUGR\u00d3N<br> JEZRAEL ABEL AGUAYO FAR\u00cdAS<br> BASTI\u00c1N DAVID CASTRO BAST\u00cdAS<br> DAR\u00cdO ANDR\u00c9S CO\u00d1ONIR REYES<br> DAVID IGNACIO CUETO COLLAO<br> CLAUDIO ERWIN MAYORGA CARRASCO<br> ANGEL DANILO JOHNNY MONJE CASANOVA<br> DOMI LUIS MONTENEGRO CASTILLO<br> JORGE ANDR\u00c9S SOTO RIVAS<br> YERKO LEANDRO VERA CASANOVA<br> DANIEL ALEJANDRO VILLARROEL DAMICO<br> VICTORIA FERNANDA VILLEGAS C\u00c1RCAMO<\/p>\n\n\n\n<p><strong>TITULADOS DE POSTGRADO A\u00d1O 2020<br> DIPLOMADO EN EFICIENCIA ENERG\u00c9TICA Y CALIDAD AMBIENTAL EN LA CONSTRUCCI\u00d3N, MODALIDAD DISTANCIA  <\/strong><br> BARROS ROJAS JOS\u00c9 LUIS<br> BELMAR PUENTE LUIS EMILIO<br> CURILEMO ALMONACID ANDR\u00c9S EMILIO<br> DURAN LEYTON LUIS RODRIGO<br> FERN\u00c1NDEZ TORRES MANUEL OCTAVIO<br> GATICA MENARES H\u00c9CTOR ENRIQUE<br> PERALTA CORT\u00c9S JORGE ISAIAS<br> SILVA JEREZ MAURICIO<\/p>\n\n\n\n<p>MAGISTER EN INFORM\u00c1TICA<br>\nCARRASCO CAVIERES ROBERTO ANDR\u00c9S<br>\nCHANGO PERUGUACHI JUAN FRANCISCO<br>\nGONZ\u00c1LEZ S\u00c1EZ GABRIELA NICOLE<br>\nRUIZ FLORES FABI\u00c1N ALEXIS<\/p>\n","protected":false},"excerpt":{"rendered":"<p>Los nuevos profesionales, en su gran mayor\u00eda, realizaron\u00a0 la\u00a0 defensa de tesis en modalidad virtual, lo que les permiti\u00f3 recibir sus diplomas de grado y t\u00edtulo en la Facultad de Ciencias de la Ingenier\u00eda UACh. Escrito por PrensaFCI A pesar de ser un a\u00f1o marcado por la crisis sanitaria provocada por el COVID-19, 161 egresados [&hellip;]<\/p>\n","protected":false},"author":2,"featured_media":14213,"comment_status":"closed","ping_status":"closed","sticky":false,"template":"","format":"standard","meta":{"footnotes":""},"categories":[906,907],"tags":[29,37,533,153,780,915,535,138],"class_list":["post-14211","post","type-post","status-publish","format-standard","has-post-thumbnail","hentry","category-pregrado","category-postgrado","tag-carrera","tag-estudiantes","tag-ingenieria-civil-acustica","tag-magister","tag-magister-en-acustica-y-vibraciones","tag-portada","tag-titulacion","tag-titulados-ceremonia"],"_links":{"self":[{"href":"https:\/\/www.acusticauach.cl\/index.php?rest_route=\/wp\/v2\/posts\/14211","targetHints":{"allow":["GET"]}}],"collection":[{"href":"https:\/\/www.acusticauach.cl\/index.php?rest_route=\/wp\/v2\/posts"}],"about":[{"href":"https:\/\/www.acusticauach.cl\/index.php?rest_route=\/wp\/v2\/types\/post"}],"author":[{"embeddable":true,"href":"https:\/\/www.acusticauach.cl\/index.php?rest_route=\/wp\/v2\/users\/2"}],"replies":[{"embeddable":true,"href":"https:\/\/www.acusticauach.cl\/index.php?rest_route=%2Fwp%2Fv2%2Fcomments&post=14211"}],"version-history":[{"count":0,"href":"https:\/\/www.acusticauach.cl\/index.php?rest_route=\/wp\/v2\/posts\/14211\/revisions"}],"wp:featuredmedia":[{"embeddable":true,"href":"https:\/\/www.acusticauach.cl\/index.php?rest_route=\/wp\/v2\/media\/14213"}],"wp:attachment":[{"href":"https:\/\/www.acusticauach.cl\/index.php?rest_route=%2Fwp%2Fv2%2Fmedia&parent=14211"}],"wp:term":[{"taxonomy":"category","embeddable":true,"href":"https:\/\/www.acusticauach.cl\/index.php?rest_route=%2Fwp%2Fv2%2Fcategories&post=14211"},{"taxonomy":"post_tag","embeddable":true,"href":"https:\/\/www.acusticauach.cl\/index.php?rest_route=%2Fwp%2Fv2%2Ftags&post=14211"}],"curies":[{"name":"wp","href":"https:\/\/api.w.org\/{rel}","templated":true}]}}