{"id":14190,"date":"2021-01-14T12:00:32","date_gmt":"2021-01-14T15:00:32","guid":{"rendered":"http:\/\/www.acusticauach.cl\/?p=14190"},"modified":"2021-01-15T12:14:00","modified_gmt":"2021-01-15T15:14:00","slug":"8636-3-4-3-2-4-2-2-2-2","status":"publish","type":"post","link":"https:\/\/www.acusticauach.cl\/?p=14190","title":{"rendered":"Radio Pauta:  \u00abLa m\u00fasica de los humedales\u00bb"},"content":{"rendered":"<h2><strong>Programa Plaza Pauta. Jueves 14 de enero de 2021.<\/strong><\/h2>\n<h4>El investigador de 14K Centro de Innovaci\u00f3n, Emprendimiento y Tecnolog\u00eda de la Universidad Austral de Chile, Felipe Otondo, se refiere a \u00abLa m\u00fasica de los humedales\u00bb. Adem\u00e1s, en el programa se convers\u00f3 sobre los avances y retrocesos en la gesti\u00f3n de residuos durante la pandemia, conversamos junto al gerente general de Kyklos, Javier Per\u00f3.<\/h4>\n<div><a href=\"https:\/\/www.pauta.cl\/programas\/plaza-pauta\/avances-y-retrocesos-en-la-gestion-de-residuos-en-pandemia\" target=\"_blank\" rel=\"noopener noreferrer\"><img decoding=\"async\" class=\"aligncenter wp-image-14191 size-full\" src=\"https:\/\/www.acusticauach.cl\/wp-content\/uploads\/2021\/01\/20210114_Pauta_Otondo_01.jpg\" alt=\"\" width=\"1600\" height=\"900\" srcset=\"https:\/\/www.acusticauach.cl\/wp-content\/uploads\/2021\/01\/20210114_Pauta_Otondo_01.jpg 1600w, https:\/\/www.acusticauach.cl\/wp-content\/uploads\/2021\/01\/20210114_Pauta_Otondo_01-300x169.jpg 300w, https:\/\/www.acusticauach.cl\/wp-content\/uploads\/2021\/01\/20210114_Pauta_Otondo_01-768x432.jpg 768w, https:\/\/www.acusticauach.cl\/wp-content\/uploads\/2021\/01\/20210114_Pauta_Otondo_01-1024x576.jpg 1024w, https:\/\/www.acusticauach.cl\/wp-content\/uploads\/2021\/01\/20210114_Pauta_Otondo_01-125x70.jpg 125w, https:\/\/www.acusticauach.cl\/wp-content\/uploads\/2021\/01\/20210114_Pauta_Otondo_01-75x42.jpg 75w\" sizes=\"(max-width: 1600px) 100vw, 1600px\" \/><\/a><\/div>\n<p>Ver noticia en Radio Pauta: <a href=\"https:\/\/www.pauta.cl\/programas\/plaza-pauta\/avances-y-retrocesos-en-la-gestion-de-residuos-en-pandemia\" target=\"_blank\" rel=\"noopener noreferrer\">https:\/\/www.pauta.cl\/programas\/plaza-pauta\/los-ruidos-inaceptables-y-sus-efectos-en-la-ciudad<\/a><\/p>\n<p>(Ver video desde el minuto 5.48)<\/p>\n","protected":false},"excerpt":{"rendered":"<p>Programa Plaza Pauta. Jueves 14 de enero de 2021. El investigador de 14K Centro de Innovaci\u00f3n, Emprendimiento y Tecnolog\u00eda de la Universidad Austral de Chile, Felipe Otondo, se refiere a \u00abLa m\u00fasica de los humedales\u00bb. Adem\u00e1s, en el programa se convers\u00f3 sobre los avances y retrocesos en la gesti\u00f3n de residuos durante la pandemia, conversamos [&hellip;]<\/p>\n","protected":false},"author":2,"featured_media":14192,"comment_status":"closed","ping_status":"closed","sticky":false,"template":"","format":"standard","meta":{"footnotes":""},"categories":[102],"tags":[105,589,240,1005,166,93],"class_list":["post-14190","post","type-post","status-publish","format-standard","has-post-thumbnail","hentry","category-acusticauach_medios","tag-fondecyt","tag-humedales","tag-otondo","tag-pauta","tag-proyecto","tag-radio"],"_links":{"self":[{"href":"https:\/\/www.acusticauach.cl\/index.php?rest_route=\/wp\/v2\/posts\/14190","targetHints":{"allow":["GET"]}}],"collection":[{"href":"https:\/\/www.acusticauach.cl\/index.php?rest_route=\/wp\/v2\/posts"}],"about":[{"href":"https:\/\/www.acusticauach.cl\/index.php?rest_route=\/wp\/v2\/types\/post"}],"author":[{"embeddable":true,"href":"https:\/\/www.acusticauach.cl\/index.php?rest_route=\/wp\/v2\/users\/2"}],"replies":[{"embeddable":true,"href":"https:\/\/www.acusticauach.cl\/index.php?rest_route=%2Fwp%2Fv2%2Fcomments&post=14190"}],"version-history":[{"count":0,"href":"https:\/\/www.acusticauach.cl\/index.php?rest_route=\/wp\/v2\/posts\/14190\/revisions"}],"wp:featuredmedia":[{"embeddable":true,"href":"https:\/\/www.acusticauach.cl\/index.php?rest_route=\/wp\/v2\/media\/14192"}],"wp:attachment":[{"href":"https:\/\/www.acusticauach.cl\/index.php?rest_route=%2Fwp%2Fv2%2Fmedia&parent=14190"}],"wp:term":[{"taxonomy":"category","embeddable":true,"href":"https:\/\/www.acusticauach.cl\/index.php?rest_route=%2Fwp%2Fv2%2Fcategories&post=14190"},{"taxonomy":"post_tag","embeddable":true,"href":"https:\/\/www.acusticauach.cl\/index.php?rest_route=%2Fwp%2Fv2%2Ftags&post=14190"}],"curies":[{"name":"wp","href":"https:\/\/api.w.org\/{rel}","templated":true}]}}