{"id":14050,"date":"2020-12-03T10:44:21","date_gmt":"2020-12-03T13:44:21","guid":{"rendered":"http:\/\/www.acusticauach.cl\/?p=14050"},"modified":"2020-12-16T16:18:55","modified_gmt":"2020-12-16T19:18:55","slug":"por-youtube-transmitiran-1-seminario-de-ruido-submarino-una-mirada-a-la-experiencia-internacional","status":"publish","type":"post","link":"https:\/\/www.acusticauach.cl\/?p=14050","title":{"rendered":"Por Youtube transmitir\u00e1n 1\u00b0 Seminario de Ruido Submarino, una mirada a la experiencia internacional"},"content":{"rendered":"\n<h4 class=\"wp-block-heading\">El seminario que se realizar\u00e1 el Jueves 10 de diciembre a las 10:00 hrs. a trav\u00e9s del Canal de Youtube Ministerio del Medio Ambiente. <\/h4>\n\n\n\n<p><em>Escrito por PrensaFCI<\/em><\/p>\n\n\n\n<p>El pr\u00f3ximo 10 de diciembre, el Comit\u00e9 Operativo para el Fortalecimiento de la Gesti\u00f3n del Control del Ruido  Submarino realizar\u00e1 1\u00ba Seminario de Ruido Submarino.<\/p>\n\n\n\n<p>En esta primera versi\u00f3n, el Seminario contar\u00e1 con expositores provenientes de Europa, Estados Unidos y Brasil,  quienes nos relatar\u00e1n su experiencia y trabajos realizados, a fin de conocer c\u00f3mo se est\u00e1 abordando esta  problem\u00e1tica a nivel internacional desde el \u00e1mbito de las pol\u00edticas p\u00fablicas, la industria y la ciencia. <\/p>\n\n\n\n<figure class=\"wp-block-image\"><img decoding=\"async\" width=\"1000\" height=\"412\" src=\"https:\/\/www.acusticauach.cl\/wp-content\/uploads\/2020\/12\/RUIDO-BANNER-2.png\" alt=\"\" class=\"wp-image-14053\" srcset=\"https:\/\/www.acusticauach.cl\/wp-content\/uploads\/2020\/12\/RUIDO-BANNER-2.png 1000w, https:\/\/www.acusticauach.cl\/wp-content\/uploads\/2020\/12\/RUIDO-BANNER-2-300x124.png 300w, https:\/\/www.acusticauach.cl\/wp-content\/uploads\/2020\/12\/RUIDO-BANNER-2-768x316.png 768w, https:\/\/www.acusticauach.cl\/wp-content\/uploads\/2020\/12\/RUIDO-BANNER-2-125x52.png 125w, https:\/\/www.acusticauach.cl\/wp-content\/uploads\/2020\/12\/RUIDO-BANNER-2-75x31.png 75w\" sizes=\"(max-width: 1000px) 100vw, 1000px\" \/><figcaption><a href=\"https:\/\/ruido.mma.gob.cl\/\">https:\/\/ruido.mma.gob.cl\/ <\/a><\/figcaption><\/figure>\n\n\n\n<p>De esta manera, se espera aportar en la generaci\u00f3n de antecedentes que permitan fortalecer la gesti\u00f3n para el control de ruido submarino a nivel nacional e impulsar nuevas acciones orientadas a la prevenci\u00f3n y control de sus impactos.<\/p>\n\n\n\n<p>El siguiente es el programa de exposiciones.<\/p>\n\n\n\n<div class=\"wp-block-image\"><figure class=\"aligncenter is-resized\"><img decoding=\"async\" src=\"https:\/\/www.acusticauach.cl\/wp-content\/uploads\/2020\/12\/image.png\" alt=\"\" class=\"wp-image-14051\" width=\"897\" height=\"680\" srcset=\"https:\/\/www.acusticauach.cl\/wp-content\/uploads\/2020\/12\/image.png 897w, https:\/\/www.acusticauach.cl\/wp-content\/uploads\/2020\/12\/image-300x227.png 300w, https:\/\/www.acusticauach.cl\/wp-content\/uploads\/2020\/12\/image-768x582.png 768w, https:\/\/www.acusticauach.cl\/wp-content\/uploads\/2020\/12\/image-125x95.png 125w, https:\/\/www.acusticauach.cl\/wp-content\/uploads\/2020\/12\/image-75x57.png 75w\" sizes=\"(max-width: 897px) 100vw, 897px\" \/><figcaption><a href=\"https:\/\/ruido.mma.gob.cl\/\">https:\/\/ruido.mma.gob.cl\/<\/a><\/figcaption><\/figure><\/div>\n","protected":false},"excerpt":{"rendered":"<p>El seminario que se realizar\u00e1 el Jueves 10 de diciembre a las 10:00 hrs. a trav\u00e9s del Canal de Youtube Ministerio del Medio Ambiente. Escrito por PrensaFCI El pr\u00f3ximo 10 de diciembre, el Comit\u00e9 Operativo para el Fortalecimiento de la Gesti\u00f3n del Control del Ruido Submarino realizar\u00e1 1\u00ba Seminario de Ruido Submarino. En esta primera [&hellip;]<\/p>\n","protected":false},"author":2,"featured_media":14052,"comment_status":"closed","ping_status":"closed","sticky":false,"template":"","format":"standard","meta":{"footnotes":""},"categories":[909],"tags":[35,34,32,20,872,364],"class_list":["post-14050","post","type-post","status-publish","format-standard","has-post-thumbnail","hentry","category-vinculacion","tag-medio-ambiente","tag-ministerio","tag-ruido","tag-seminario","tag-submarino","tag-yori"],"_links":{"self":[{"href":"https:\/\/www.acusticauach.cl\/index.php?rest_route=\/wp\/v2\/posts\/14050","targetHints":{"allow":["GET"]}}],"collection":[{"href":"https:\/\/www.acusticauach.cl\/index.php?rest_route=\/wp\/v2\/posts"}],"about":[{"href":"https:\/\/www.acusticauach.cl\/index.php?rest_route=\/wp\/v2\/types\/post"}],"author":[{"embeddable":true,"href":"https:\/\/www.acusticauach.cl\/index.php?rest_route=\/wp\/v2\/users\/2"}],"replies":[{"embeddable":true,"href":"https:\/\/www.acusticauach.cl\/index.php?rest_route=%2Fwp%2Fv2%2Fcomments&post=14050"}],"version-history":[{"count":0,"href":"https:\/\/www.acusticauach.cl\/index.php?rest_route=\/wp\/v2\/posts\/14050\/revisions"}],"wp:featuredmedia":[{"embeddable":true,"href":"https:\/\/www.acusticauach.cl\/index.php?rest_route=\/wp\/v2\/media\/14052"}],"wp:attachment":[{"href":"https:\/\/www.acusticauach.cl\/index.php?rest_route=%2Fwp%2Fv2%2Fmedia&parent=14050"}],"wp:term":[{"taxonomy":"category","embeddable":true,"href":"https:\/\/www.acusticauach.cl\/index.php?rest_route=%2Fwp%2Fv2%2Fcategories&post=14050"},{"taxonomy":"post_tag","embeddable":true,"href":"https:\/\/www.acusticauach.cl\/index.php?rest_route=%2Fwp%2Fv2%2Ftags&post=14050"}],"curies":[{"name":"wp","href":"https:\/\/api.w.org\/{rel}","templated":true}]}}