{"id":14013,"date":"2020-11-19T16:37:59","date_gmt":"2020-11-19T19:37:59","guid":{"rendered":"http:\/\/www.acusticauach.cl\/?p=14013"},"modified":"2020-12-03T10:44:15","modified_gmt":"2020-12-03T13:44:15","slug":"reconocimiento-automatico-de-acordes-es-parte-de-investigacion-de-nuevo-graduado-del-magister-en-acustica-y-vibraciones","status":"publish","type":"post","link":"https:\/\/www.acusticauach.cl\/?p=14013","title":{"rendered":"Reconocimiento autom\u00e1tico de acordes es parte de investigaci\u00f3n de nuevo graduado del Mag\u00edster en Ac\u00fastica y Vibraciones"},"content":{"rendered":"\n<h3 class=\"wp-block-heading\"><strong>Programa de Postgrado de la de Ciencias de la Ingenier\u00eda UACh sum\u00f3 nuevo titulado con Distinci\u00f3n M\u00e1xima.<\/strong><\/h3>\n\n\n\n<p><em>Escrito por PrensaFCI<\/em><\/p>\n\n\n\n<p>Con una calificaci\u00f3n de&nbsp;<strong>6,5, equivalente a\nDistinci\u00f3n M\u00e1xima<\/strong>, se gradu\u00f3 recientemente el profesional&nbsp;<strong>Luis\nBernardo Alvarado Portilla<\/strong>, Ingeniero Civil Ac\u00fastico quien recibi\u00f3 el&nbsp;<strong>grado\nacad\u00e9mico de&nbsp;<a href=\"http:\/\/www.ingenieria.uach.cl\/postgrado\/magister-en-acustica-y-vibraciones.html\" target=\"_blank\" rel=\"noreferrer noopener\">Mag\u00edster en Ac\u00fastica y Vibraciones<\/a>&nbsp;de\nla Facultad de Ciencias de la Ingenier\u00eda<\/strong>.<\/p>\n\n\n\n<p>El examen de grado se realiz\u00f3 el pasado viernes\n13&nbsp;de&nbsp;noviembre&nbsp;de&nbsp;2020, a las 9 horas, a\ntrav\u00e9s&nbsp;de&nbsp;videoconferencia por la plataforma ZOOM, instancia donde\nAlvarado present\u00f3 la tesis denominada&nbsp;<strong>\u00abAplicaci\u00f3n de redes\nneuronales profundas en reconocimiento autom\u00e1tico de acordes musicales\u00bb<\/strong>&nbsp;obteniendo\nla calificaci\u00f3n m\u00e1xima.<\/p>\n\n\n\n<p>La investigaci\u00f3n tuvo por objetivo utilizar\ntecnolog\u00eda Machine Learning para realizar reconocimiento de acordes musicales\ntomando como fuente una base de datos de canciones, y fue desarrollada en en\nel&nbsp;<strong>Laboratorio de Se\u00f1ales del Instituto de Ac\u00fastica de la FCI UACh<\/strong>.<\/p>\n\n\n\n<blockquote class=\"wp-block-quote is-layout-flow wp-block-quote-is-layout-flow\"><p>A m\u00ed, en lo particular, me gusta el trabajo relacionado con la M\u00fasica, tanto desde el punto de vista de m\u00fasico y como productor musical, y aprovechando que tambi\u00e9n empec\u00e9 a trabajar en programaci\u00f3n hicimos el nexo con el profesor Poblete, que estaba trabajando en ese tiempo en reconocimiento de voz\u201d.<\/p><cite>Luis Alvarado, Mag\u00edster en Ac\u00fastica y Vibraciones<\/cite><\/blockquote>\n\n\n\n<p>Respecto a las aplicaciones de su trabajo, el\nIngeniero Civil Ac\u00fastico precis\u00f3 que su funcionamiento se refiere \u201ca se\u00f1ales\nmusicales que t\u00fa ingresas al sistema, que puede ser una canci\u00f3n en Waw, por\nejemplo, y lo que hace es entregar un listado de los acordes musicales que son\nejecutados para cada tiempo. Por ahora est\u00e1 acotado a mayores y menores, pero\nse pretende ampliar tambi\u00e9n a no-acordes, como silencios u otras estructuras musicales\nque no son tan tradicionales\u201d, explic\u00f3.<\/p>\n\n\n\n<p>Finalmente Luis Alvarado, quien junto con agradecer\nla calidad humana y el apoyo recibido por los acad\u00e9micos V\u00edctor Poblete y Pablo\nHuijse, valor\u00f3 la posibilidad de haber desarrollado su investigaci\u00f3n como parte\ndel Mag\u00edster en Ac\u00fastica y Vibraciones, ya que \u201cnos abri\u00f3 la posibilidad de\ntrabajar con inteligencia artificial, siendo lo interesante que puede ser\naplicada a cualquier campo\u201d, precis\u00f3.<\/p>\n\n\n\n<p>La comisi\u00f3n evaluadora estuvo compuesta por los\nacad\u00e9micos de la Facultad de Ciencias de la Ingenier\u00eda,&nbsp; Dr. V\u00edctor\nPoblete (Instituto de Ac\u00fastica), como Patrocinante;&nbsp; Dr. Pablo Huijse\n(Instituto de Inform\u00e1tica), Co-Patrocinante y&nbsp; Dr. Jorge P. Arenas\n(Instituto de Ac\u00fastica) como Informante.<\/p>\n\n\n\n<p>Asimismo, fueron parte de la comisi\u00f3n en calidad de\nEvaluador Externo, el Dr. Fernando Huenup\u00e1n Quin\u00e1n (Departamento de Ingenier\u00eda\nEl\u00e9ctrica, Universidad de la Frontera) y como Ministro de F\u00e9, el Dr. Enrique\nSu\u00e1rez, Director de la Escuela de Graduados de la Facultad de Ciencias de la\nIngenier\u00eda.<\/p>\n","protected":false},"excerpt":{"rendered":"<p>Programa de Postgrado de la de Ciencias de la Ingenier\u00eda UACh sum\u00f3 nuevo titulado con Distinci\u00f3n M\u00e1xima. Escrito por PrensaFCI Con una calificaci\u00f3n de&nbsp;6,5, equivalente a Distinci\u00f3n M\u00e1xima, se gradu\u00f3 recientemente el profesional&nbsp;Luis Bernardo Alvarado Portilla, Ingeniero Civil Ac\u00fastico quien recibi\u00f3 el&nbsp;grado acad\u00e9mico de&nbsp;Mag\u00edster en Ac\u00fastica y Vibraciones&nbsp;de la Facultad de Ciencias de la Ingenier\u00eda. [&hellip;]<\/p>\n","protected":false},"author":2,"featured_media":14014,"comment_status":"closed","ping_status":"closed","sticky":false,"template":"","format":"standard","meta":{"footnotes":""},"categories":[907],"tags":[580,153,780,629,248,997],"class_list":["post-14013","post","type-post","status-publish","format-standard","has-post-thumbnail","hentry","category-postgrado","tag-laboratorio","tag-magister","tag-magister-en-acustica-y-vibraciones","tag-magister-vibraciones","tag-poblete","tag-redes-neuronales"],"_links":{"self":[{"href":"https:\/\/www.acusticauach.cl\/index.php?rest_route=\/wp\/v2\/posts\/14013","targetHints":{"allow":["GET"]}}],"collection":[{"href":"https:\/\/www.acusticauach.cl\/index.php?rest_route=\/wp\/v2\/posts"}],"about":[{"href":"https:\/\/www.acusticauach.cl\/index.php?rest_route=\/wp\/v2\/types\/post"}],"author":[{"embeddable":true,"href":"https:\/\/www.acusticauach.cl\/index.php?rest_route=\/wp\/v2\/users\/2"}],"replies":[{"embeddable":true,"href":"https:\/\/www.acusticauach.cl\/index.php?rest_route=%2Fwp%2Fv2%2Fcomments&post=14013"}],"version-history":[{"count":0,"href":"https:\/\/www.acusticauach.cl\/index.php?rest_route=\/wp\/v2\/posts\/14013\/revisions"}],"wp:featuredmedia":[{"embeddable":true,"href":"https:\/\/www.acusticauach.cl\/index.php?rest_route=\/wp\/v2\/media\/14014"}],"wp:attachment":[{"href":"https:\/\/www.acusticauach.cl\/index.php?rest_route=%2Fwp%2Fv2%2Fmedia&parent=14013"}],"wp:term":[{"taxonomy":"category","embeddable":true,"href":"https:\/\/www.acusticauach.cl\/index.php?rest_route=%2Fwp%2Fv2%2Fcategories&post=14013"},{"taxonomy":"post_tag","embeddable":true,"href":"https:\/\/www.acusticauach.cl\/index.php?rest_route=%2Fwp%2Fv2%2Ftags&post=14013"}],"curies":[{"name":"wp","href":"https:\/\/api.w.org\/{rel}","templated":true}]}}