{"id":13922,"date":"2020-10-23T17:37:51","date_gmt":"2020-10-23T20:37:51","guid":{"rendered":"http:\/\/www.acusticauach.cl\/?p=13922"},"modified":"2020-10-26T17:50:38","modified_gmt":"2020-10-26T20:50:38","slug":"diario-las-ultimas-noticias-ranking-las-comunas-con-mayor-porcentaje-de-habitantes-expuestos-a-ruido-en-la-noche-3","status":"publish","type":"post","link":"https:\/\/www.acusticauach.cl\/?p=13922","title":{"rendered":"DIARIO El Mercurio: Manifestaci\u00f3n del 18-O elev\u00f3 100% el ruido en Alameda comparado con domingos de 2020"},"content":{"rendered":"\n<h2 class=\"wp-block-heading\"><strong>Diario El Mercurio. Viernes 23 de octubre de 2020. <\/strong>Seg\u00fan los datos recolectados, los decibeles no superaron los niveles del mismo d\u00eda de 2019.<\/h2>\n\n\n\n<p>Fuente:  <a rel=\"noreferrer noopener\" aria-label=\"https:\/\/digital.elmercurio.com\/2020\/10\/23\/A\/BT3S88FT (abre en una nueva pesta\u00f1a)\" href=\"https:\/\/digital.elmercurio.com\/2020\/10\/23\/A\/BT3S88FT\" target=\"_blank\">https:\/\/digital.elmercurio.com\/2020\/10\/23\/A\/BT3S88FT<\/a><\/p>\n\n\n\n<div class=\"wp-block-image\"><figure class=\"aligncenter\"><img decoding=\"async\" width=\"534\" height=\"712\" src=\"https:\/\/www.acusticauach.cl\/wp-content\/uploads\/2020\/10\/ElMercurio_20201023_C01b.jpg\" alt=\"\" class=\"wp-image-13927\" srcset=\"https:\/\/www.acusticauach.cl\/wp-content\/uploads\/2020\/10\/ElMercurio_20201023_C01b.jpg 534w, https:\/\/www.acusticauach.cl\/wp-content\/uploads\/2020\/10\/ElMercurio_20201023_C01b-225x300.jpg 225w, https:\/\/www.acusticauach.cl\/wp-content\/uploads\/2020\/10\/ElMercurio_20201023_C01b-94x125.jpg 94w, https:\/\/www.acusticauach.cl\/wp-content\/uploads\/2020\/10\/ElMercurio_20201023_C01b-56x75.jpg 56w\" sizes=\"(max-width: 534px) 100vw, 534px\" \/><figcaption><br><a rel=\"noreferrer noopener\" aria-label=\"https:\/\/digital.elmercurio.com\/2020\/10\/23\/A\/BT3S88FT (abre en una nueva pesta\u00f1a)\" href=\"https:\/\/digital.elmercurio.com\/2020\/10\/23\/A\/BT3S88FT\" target=\"_blank\">https:\/\/digital.elmercurio.com\/2020\/10\/23\/A\/BT3S88FT<\/a><\/figcaption><\/figure><\/div>\n\n\n\n<p>Para el ingeniero ac\u00fastico de la Universidad Austral, Enrique Su\u00e1rez, se trata de registros \u00abesperables\u00bb, pues si se produce una manifestaci\u00f3n \u00abeso va a quedar reflejado\u00bb. Recuerda, eso s\u00ed, que la concentraci\u00f3n de 2019 fue un d\u00eda viernes, \u00abcuando hay m\u00e1s ruido\u00bb en la ciudad.<\/p>\n\n\n\n<div class=\"wp-block-image\"><figure class=\"aligncenter\"><img decoding=\"async\" width=\"334\" height=\"942\" src=\"https:\/\/www.acusticauach.cl\/wp-content\/uploads\/2020\/10\/ElMercurio_20201023_C01.jpg\" alt=\"\" class=\"wp-image-13926\" srcset=\"https:\/\/www.acusticauach.cl\/wp-content\/uploads\/2020\/10\/ElMercurio_20201023_C01.jpg 334w, https:\/\/www.acusticauach.cl\/wp-content\/uploads\/2020\/10\/ElMercurio_20201023_C01-106x300.jpg 106w, https:\/\/www.acusticauach.cl\/wp-content\/uploads\/2020\/10\/ElMercurio_20201023_C01-44x125.jpg 44w, https:\/\/www.acusticauach.cl\/wp-content\/uploads\/2020\/10\/ElMercurio_20201023_C01-27x75.jpg 27w\" sizes=\"(max-width: 334px) 100vw, 334px\" \/><\/figure><\/div>\n\n\n\n<p><\/p>\n","protected":false},"excerpt":{"rendered":"<p>Diario El Mercurio. Viernes 23 de octubre de 2020. Seg\u00fan los datos recolectados, los decibeles no superaron los niveles del mismo d\u00eda de 2019. Fuente: https:\/\/digital.elmercurio.com\/2020\/10\/23\/A\/BT3S88FT Para el ingeniero ac\u00fastico de la Universidad Austral, Enrique Su\u00e1rez, se trata de registros \u00abesperables\u00bb, pues si se produce una manifestaci\u00f3n \u00abeso va a quedar reflejado\u00bb. Recuerda, eso s\u00ed, [&hellip;]<\/p>\n","protected":false},"author":2,"featured_media":13924,"comment_status":"closed","ping_status":"closed","sticky":false,"template":"","format":"standard","meta":{"footnotes":""},"categories":[102,984],"tags":[106,953,89,982,968,17,177,32,936,73],"class_list":["post-13922","post","type-post","status-publish","format-standard","has-post-thumbnail","hentry","category-acusticauach_medios","category-labacam","tag-diario","tag-elmercurio","tag-entrevista","tag-labacam","tag-las-ultimas-noticias","tag-mapa-de-ruido","tag-mapas-de-ruido","tag-ruido","tag-ruido-ambiental","tag-suarez"],"_links":{"self":[{"href":"https:\/\/www.acusticauach.cl\/index.php?rest_route=\/wp\/v2\/posts\/13922","targetHints":{"allow":["GET"]}}],"collection":[{"href":"https:\/\/www.acusticauach.cl\/index.php?rest_route=\/wp\/v2\/posts"}],"about":[{"href":"https:\/\/www.acusticauach.cl\/index.php?rest_route=\/wp\/v2\/types\/post"}],"author":[{"embeddable":true,"href":"https:\/\/www.acusticauach.cl\/index.php?rest_route=\/wp\/v2\/users\/2"}],"replies":[{"embeddable":true,"href":"https:\/\/www.acusticauach.cl\/index.php?rest_route=%2Fwp%2Fv2%2Fcomments&post=13922"}],"version-history":[{"count":0,"href":"https:\/\/www.acusticauach.cl\/index.php?rest_route=\/wp\/v2\/posts\/13922\/revisions"}],"wp:featuredmedia":[{"embeddable":true,"href":"https:\/\/www.acusticauach.cl\/index.php?rest_route=\/wp\/v2\/media\/13924"}],"wp:attachment":[{"href":"https:\/\/www.acusticauach.cl\/index.php?rest_route=%2Fwp%2Fv2%2Fmedia&parent=13922"}],"wp:term":[{"taxonomy":"category","embeddable":true,"href":"https:\/\/www.acusticauach.cl\/index.php?rest_route=%2Fwp%2Fv2%2Fcategories&post=13922"},{"taxonomy":"post_tag","embeddable":true,"href":"https:\/\/www.acusticauach.cl\/index.php?rest_route=%2Fwp%2Fv2%2Ftags&post=13922"}],"curies":[{"name":"wp","href":"https:\/\/api.w.org\/{rel}","templated":true}]}}