{"id":13897,"date":"2020-09-04T16:40:36","date_gmt":"2020-09-04T20:40:36","guid":{"rendered":"http:\/\/www.acusticauach.cl\/?p=13897"},"modified":"2020-10-26T16:55:37","modified_gmt":"2020-10-26T19:55:37","slug":"8636-3-4-3-2-4","status":"publish","type":"post","link":"https:\/\/www.acusticauach.cl\/?p=13897","title":{"rendered":"Glabmedia: El 32,6% de la poblaci\u00f3n del Gran Santiago se expone a niveles de ruido inaceptables durante el d\u00eda"},"content":{"rendered":"<h2><strong>Glabmedia. Viernes 04 de septiembre de 2020.<\/strong><\/h2>\n<h2 class=\"page-note-title\">Noticia: Reportaje sobre Los estudios de mapas de ruido desarrollados por la Universidad Austral de Chile para el Ministerio del Medio Ambiente han sido incluidos en el Sistema de Indicadores y Est\u00e1ndares de Calidad de Vida y Desarrollo Urbano (SIEDU). Entrevista a Enrique Su\u00e1rez.<\/h2>\n<p>Los estudios de mapas de ruido desarrollados por la Universidad Austral de Chile para el Ministerio del Medio Ambiente han sido incluidos en el Sistema de Indicadores y Est\u00e1ndares de Calidad de Vida y Desarrollo Urbano (SIEDU), sistema que tiene por objetivo identificar la desigualdad territorial en calidad de vida urbana dentro y entre las ciudades chilenas; mediante la medici\u00f3n de aquellos atributos urbanos relacionados con la calidad de vida urbana.<\/p>\n<p>El aporte de los estudios de la U. Austral a este sistema es para orientar los esfuerzos para hacer de las ciudades, lugares inclusivos, donde las personas est\u00e9n y se sientan protegidas e incorporadas a los beneficios urbanos.<\/p>\n<p>Justamente estos datos del SIEDU \u2013 obtenidos a partir de los estudios de la U. Austral- revelan que en el Gran Santiago Urbano el 32,6 % de la poblaci\u00f3n se encuentra potencialmente expuesta a niveles de ruido inaceptables durante el d\u00eda -equivalente a 2 millones de personas- \u00a0y el 23,4% de la poblaci\u00f3n, es decir 1 mill\u00f3n 440 mil personas, se encuentran expuesta a niveles de ruido inaceptables durante el periodo de la noche. Si bien es una situaci\u00f3n que se repite en grandes ciudades en otros pa\u00edses; hay una diferencia importante respecto a otras ciudades m\u00e1s peque\u00f1as y con condiciones m\u00e1s saludables, como es el caso de Valdivia, donde s\u00f3lo el 2,36% de la poblaci\u00f3n se encuentra potencialmente expuesta durante la noche a niveles de ruido inaceptables.<\/p>\n<p>Estos antecedentes demuestran un grave problema de salud ambiental que debe priorizarse indica el investigador de la U. Austral Enrique Su\u00e1rez, ya que \u201clas medidas deben ser colaborativas e integrales, pues no existe solo una medida de control de ruido que garantice un ambiente ac\u00fastico m\u00e1s saludable. Las principales medidas son tres: normas de emisi\u00f3n y calidad ambiental; informaci\u00f3n y educaci\u00f3n ambiental: y una planificaci\u00f3n urban\u00edstica que incorpore a la ac\u00fastica ambiental en el dise\u00f1o y crecimiento de las ciudades\u201d.<\/p>\n<p>En Chile hay una norma para fuentes fijas de ruido como las industrias, talleres, discotecas, actividades de construcci\u00f3n, etc. Esa norma fija los l\u00edmites m\u00e1ximos permisibles por tipo de uso de suelo del receptor o afectado por el ruido. La norma, adem\u00e1s, diferencia horarios y l\u00edmites diurnos y nocturnos. Por ejemplo, para una zona residencial, el l\u00edmite de ruido diurno es 55 dBA y el l\u00edmite nocturno es 45 dBA.<\/p>\n<p>Tambi\u00e9n existen normas chilenas que regulan la emisi\u00f3n de ruido de veh\u00edculos y buses sin embargo, \u201cno existe a\u00fan una norma de calidad ac\u00fastica que regule la exposici\u00f3n al ruido del conjunto de las fuentes de ruido ambiental precisa\u201d Su\u00e1rez.<\/p>\n<blockquote><p>\u201cFalta desarrollar e implementar una norma de calidad, que al igual que la norma de calidad de aire, proteja a las personas de los niveles de ruido generados por todas las fuentes, en especial, del ruido generado por los medios de transporte (tr\u00e1nsito vehicular). Para implementar este tipo de normativa se est\u00e1n realizando los estudios previos a trav\u00e9s de mapas de ruido de las principales ciudades, y la implementaci\u00f3n de redes de monitoreo de ruido ambiental\u201d, explic\u00f3 el experto en contaminaci\u00f3n ambiental de la U. Austral.<\/p><\/blockquote>\n<p>Respecto a la planificaci\u00f3n de las ciudades, Su\u00e1rez se\u00f1ala que \u201cse deben priorizar dos cosas: lo primero es garantizar t\u00e9cnicas constructivas m\u00ednimas que protejan a habitantes de los ruidos exteriores, y que las actividades vecinas no se entorpezcan con las actividades interiores. Por ejemplo, que las viviendas y departamentos cuenten con aislamiento ac\u00fastico suficiente para garantizar, desde la privacidad con los vecinos, hasta el cuidado del sue\u00f1o respecto al ruido exterior. Y en el otro sentido, que actividades como las que se desarrollan en colegios, iglesias, restaurantes, etc., no afecten el ambiente ac\u00fastico de sus vecinos\u201d.<\/p>\n<p>Asimismo, el investigador de la U. Austral, concluy\u00f3 que otro aspecto importante a priorizar es el dise\u00f1o ac\u00fastico de las ciudades, \u201cdesde la ubicaci\u00f3n de las posibles fuentes de ruido y los lugares sensibles como es la ubicaci\u00f3n de escuelas, colegios, respecto a carreteras y grandes avenidas, hasta la calidad sonora de espacios p\u00fablicos y comunes como plazas, parques, \u00e1reas verdes, etc. En este \u00faltimo caso, estos aspectos son fundamentales de cuidar, pues las \u00e1reas p\u00fablicas cumplen un importante papel en las ciudades y la salud de quienes las habitan y frecuentan\u201d, concluye el acad\u00e9mico.<\/p>\n<p><img decoding=\"async\" src=\"http:\/\/45.56.121.188\/vistas\/3\/162729.gif\" \/>Ver noticia en Glabmedia. <a href=\"https:\/\/glabmedia.house\/el-326-de-la-poblacion-del-gran-santiago-se-expone-a-niveles-de-ruido-inaceptables-durante-el-dia\/#:~:text=Austral%2D%20revelan%20que%20en%20el,a%20niveles%20de%20ruido%20inaceptables\" target=\"_blank\" rel=\"noopener noreferrer\">https:\/\/glabmedia.house\/el-326-de-la-poblacion-del-gran-santiago-se-expone-a-niveles-de-ruido-inaceptables-durante-el-dia\/#:~:text=Austral%2D%20revelan%20que%20en%20el,a%20niveles%20de%20ruido%20inaceptables<\/a><\/p>\n","protected":false},"excerpt":{"rendered":"<p>Glabmedia. Viernes 04 de septiembre de 2020. Noticia: Reportaje sobre Los estudios de mapas de ruido desarrollados por la Universidad Austral de Chile para el Ministerio del Medio Ambiente han sido incluidos en el Sistema de Indicadores y Est\u00e1ndares de Calidad de Vida y Desarrollo Urbano (SIEDU). Entrevista a Enrique Su\u00e1rez. Los estudios de mapas [&hellip;]<\/p>\n","protected":false},"author":2,"featured_media":13898,"comment_status":"closed","ping_status":"closed","sticky":false,"template":"","format":"standard","meta":{"footnotes":""},"categories":[102,984],"tags":[106,982,35,34,166,33,73],"class_list":["post-13897","post","type-post","status-publish","format-standard","has-post-thumbnail","hentry","category-acusticauach_medios","category-labacam","tag-diario","tag-labacam","tag-medio-ambiente","tag-ministerio","tag-proyecto","tag-santiago","tag-suarez"],"_links":{"self":[{"href":"https:\/\/www.acusticauach.cl\/index.php?rest_route=\/wp\/v2\/posts\/13897","targetHints":{"allow":["GET"]}}],"collection":[{"href":"https:\/\/www.acusticauach.cl\/index.php?rest_route=\/wp\/v2\/posts"}],"about":[{"href":"https:\/\/www.acusticauach.cl\/index.php?rest_route=\/wp\/v2\/types\/post"}],"author":[{"embeddable":true,"href":"https:\/\/www.acusticauach.cl\/index.php?rest_route=\/wp\/v2\/users\/2"}],"replies":[{"embeddable":true,"href":"https:\/\/www.acusticauach.cl\/index.php?rest_route=%2Fwp%2Fv2%2Fcomments&post=13897"}],"version-history":[{"count":0,"href":"https:\/\/www.acusticauach.cl\/index.php?rest_route=\/wp\/v2\/posts\/13897\/revisions"}],"wp:featuredmedia":[{"embeddable":true,"href":"https:\/\/www.acusticauach.cl\/index.php?rest_route=\/wp\/v2\/media\/13898"}],"wp:attachment":[{"href":"https:\/\/www.acusticauach.cl\/index.php?rest_route=%2Fwp%2Fv2%2Fmedia&parent=13897"}],"wp:term":[{"taxonomy":"category","embeddable":true,"href":"https:\/\/www.acusticauach.cl\/index.php?rest_route=%2Fwp%2Fv2%2Fcategories&post=13897"},{"taxonomy":"post_tag","embeddable":true,"href":"https:\/\/www.acusticauach.cl\/index.php?rest_route=%2Fwp%2Fv2%2Ftags&post=13897"}],"curies":[{"name":"wp","href":"https:\/\/api.w.org\/{rel}","templated":true}]}}