{"id":13652,"date":"2020-09-07T23:48:55","date_gmt":"2020-09-08T02:48:55","guid":{"rendered":"http:\/\/www.acusticauach.cl\/?p=13652"},"modified":"2020-09-07T23:49:30","modified_gmt":"2020-09-08T02:49:30","slug":"charla-presento-el-desarrollo-de-software-para-la-traduccion-del-espanol-a-lengua-de-senas-chilena-3-3","status":"publish","type":"post","link":"https:\/\/www.acusticauach.cl\/?p=13652","title":{"rendered":"Herramientas pr\u00e1cticas en ac\u00fastica arquitect\u00f3nica"},"content":{"rendered":"\n<h2 class=\"wp-block-heading\"> 1er Simposio de Ac\u00fastica Arquitect\u00f3nica \u2013 SAA 2020 <\/h2>\n\n\n\n<p>El 1er Simposio de Ac\u00fastica Arquitect\u00f3nica \u2013 SAA 2020, fue organizado por el Instituto de Ac\u00fastica de la Universidad Austral de Chile. El objetivo del evento fue discutir aspectos pr\u00e1cticos y de investigaci\u00f3n en Ac\u00fastica Arquitect\u00f3nica. El programa incluy\u00f3 charlas en espa\u00f1ol de invitados nacionales e internacionales.<\/p>\n\n\n\n<p><em>Escrito por PrensaFCI<\/em><\/p>\n\n\n\n<p>El simposio no tuvo costo, y se llev\u00f3 a cabo a trav\u00e9s de la plataforma Zoom, el 20 de agosto entre las 09:50 y 13:30 horas<\/p>\n\n\n\n<p><strong>El panel de expositores estuvo compuesto por:<\/strong><\/p>\n\n\n\n<ul class=\"wp-block-list\"><li>Serafino di Rosario en su charla denominada \u00abOptimising reflections, the story of the ReS acoustic shell\u00bb, cont\u00f3 la historia detr\u00e1s del dise\u00f1o del escenario que fue utilizado en el festival Villa Pennisi in Musica. <\/li><\/ul>\n\n\n\n<ul class=\"wp-block-list\"><li> Gonzalo Sep\u00falveda present\u00f3 una revisi\u00f3n y an\u00e1lisis del dise\u00f1o ac\u00fastico de espacios art\u00edsticos, con particular \u00e9nfasis en proyectos de dise\u00f1o de estudios de grabaci\u00f3n.<\/li><\/ul>\n\n\n\n<ul class=\"wp-block-list\"><li><strong> La charla de Alexis Campos abordar\u00f3 flujos de trabajo para proyectos de ac\u00fastica arquitect\u00f3nica, junto con revisar herramientas pr\u00e1cticas para el dise\u00f1o de estudios de grabaci\u00f3n desde el contacto inicial con el cliente hasta la entrega del proyecto.  [VIDEO] <\/strong><\/li><\/ul>\n\n\n\n<ul class=\"wp-block-list\"><li>Ernesto Accolti abord\u00f3 de manera general los desaf\u00edos ingenieriles referidos al dise\u00f1o, medici\u00f3n y evaluaci\u00f3n de las condiciones ac\u00fasticas de salas para m\u00fasica no amplificada y present\u00f3 resultados preliminares de su investigaci\u00f3n sobre descriptores ac\u00fasticos para dicho tipo de salas.<\/li><\/ul>\n\n\n\n<p>M\u00e1s informaci\u00f3n en  <a href=\"https:\/\/www.acusticauach.cl\/?p=13529\">https:\/\/www.acusticauach.cl\/?p=13635<\/a> <\/p>\n","protected":false},"excerpt":{"rendered":"<p>1er Simposio de Ac\u00fastica Arquitect\u00f3nica \u2013 SAA 2020 El 1er Simposio de Ac\u00fastica Arquitect\u00f3nica \u2013 SAA 2020, fue organizado por el Instituto de Ac\u00fastica de la Universidad Austral de Chile. El objetivo del evento fue discutir aspectos pr\u00e1cticos y de investigaci\u00f3n en Ac\u00fastica Arquitect\u00f3nica. El programa incluy\u00f3 charlas en espa\u00f1ol de invitados nacionales e internacionales. [&hellip;]<\/p>\n","protected":false},"author":2,"featured_media":13653,"comment_status":"closed","ping_status":"closed","sticky":false,"template":"","format":"video","meta":{"footnotes":""},"categories":[929],"tags":[976,84,608,37,372,195,980,748,88],"class_list":["post-13652","post","type-post","status-publish","format-video","has-post-thumbnail","hentry","category-videos","tag-acustica-arquitectonica","tag-charla","tag-estudiante","tag-estudiantes","tag-fci","tag-simposio","tag-ssa","tag-venegas","tag-video","post_format-post-format-video"],"_links":{"self":[{"href":"https:\/\/www.acusticauach.cl\/index.php?rest_route=\/wp\/v2\/posts\/13652","targetHints":{"allow":["GET"]}}],"collection":[{"href":"https:\/\/www.acusticauach.cl\/index.php?rest_route=\/wp\/v2\/posts"}],"about":[{"href":"https:\/\/www.acusticauach.cl\/index.php?rest_route=\/wp\/v2\/types\/post"}],"author":[{"embeddable":true,"href":"https:\/\/www.acusticauach.cl\/index.php?rest_route=\/wp\/v2\/users\/2"}],"replies":[{"embeddable":true,"href":"https:\/\/www.acusticauach.cl\/index.php?rest_route=%2Fwp%2Fv2%2Fcomments&post=13652"}],"version-history":[{"count":0,"href":"https:\/\/www.acusticauach.cl\/index.php?rest_route=\/wp\/v2\/posts\/13652\/revisions"}],"wp:featuredmedia":[{"embeddable":true,"href":"https:\/\/www.acusticauach.cl\/index.php?rest_route=\/wp\/v2\/media\/13653"}],"wp:attachment":[{"href":"https:\/\/www.acusticauach.cl\/index.php?rest_route=%2Fwp%2Fv2%2Fmedia&parent=13652"}],"wp:term":[{"taxonomy":"category","embeddable":true,"href":"https:\/\/www.acusticauach.cl\/index.php?rest_route=%2Fwp%2Fv2%2Fcategories&post=13652"},{"taxonomy":"post_tag","embeddable":true,"href":"https:\/\/www.acusticauach.cl\/index.php?rest_route=%2Fwp%2Fv2%2Ftags&post=13652"}],"curies":[{"name":"wp","href":"https:\/\/api.w.org\/{rel}","templated":true}]}}