{"id":13630,"date":"2020-09-06T23:21:58","date_gmt":"2020-09-07T02:21:58","guid":{"rendered":"http:\/\/www.acusticauach.cl\/?p=13630"},"modified":"2020-10-09T11:09:13","modified_gmt":"2020-10-09T14:09:13","slug":"don-victor-cumian-es-reconocido-por-anos-de-servicios-en-el-marco-del-aniversario-n66-de-la-uach","status":"publish","type":"post","link":"https:\/\/www.acusticauach.cl\/?p=13630","title":{"rendered":"Don V\u00edctor Cumi\u00e1n es reconocido por a\u00f1os de servicios en el marco del Aniversario N\u00b066 de la UACh"},"content":{"rendered":"\n<h2 class=\"wp-block-heading\">40 a\u00f1os de servicio cumple este a\u00f1o V\u00edctor en el Instituto de Ac\u00fastica de la Facultad de Ciencias de la Ingenier\u00eda <\/h2>\n\n\n\n<p><em>Escrito por PrensaFCI<\/em><\/p>\n\n\n\n<p>Reconocido y querido por estudiantes y acad\u00e9micos, el funcionario enfatiza en lo bueno que ha sido trabajar en la UACh por las buenas relaciones humanas y por la oportunidad que ha tenido de conocer a generaciones de estudiantes de la carrera de Ac\u00fastica de todo Chile y de quienes guarda muy buenos recuerdos.<\/p>\n\n\n\n<p>V\u00edctor Cumi\u00e1n ingres\u00f3 a la Universidad Austral de Chile en 1980 al Instituto de Ac\u00fastica que dictaba asignaturas para la carrera de Ingenier\u00eda en Sonido cuando la carrera se impart\u00eda en el Campus Isla Teja y depend\u00eda de la Facultad de Ciencias F\u00edsico Matem\u00e1ticas, y que&nbsp; luego&nbsp; pas\u00f3 a depender de&nbsp; la Facultad de Ciencias. En el a\u00f1o 1990 con la incorporaci\u00f3n del Ex IPV a la UACh, la carrera se traslad\u00f3 al Campus Miraflores y desde esa fecha es parte de la Facultad de Ciencias de la Ingenier\u00eda.<\/p>\n\n\n\n<div class=\"wp-block-image\"><figure class=\"aligncenter\"><img decoding=\"async\" width=\"800\" height=\"450\" src=\"https:\/\/www.acusticauach.cl\/wp-content\/uploads\/2020\/09\/victor_cumian_16x9.jpg\" alt=\"\" class=\"wp-image-13631\" srcset=\"https:\/\/www.acusticauach.cl\/wp-content\/uploads\/2020\/09\/victor_cumian_16x9.jpg 800w, https:\/\/www.acusticauach.cl\/wp-content\/uploads\/2020\/09\/victor_cumian_16x9-300x169.jpg 300w, https:\/\/www.acusticauach.cl\/wp-content\/uploads\/2020\/09\/victor_cumian_16x9-768x432.jpg 768w, https:\/\/www.acusticauach.cl\/wp-content\/uploads\/2020\/09\/victor_cumian_16x9-125x70.jpg 125w, https:\/\/www.acusticauach.cl\/wp-content\/uploads\/2020\/09\/victor_cumian_16x9-75x42.jpg 75w\" sizes=\"(max-width: 800px) 100vw, 800px\" \/><figcaption>V\u00edctor Cumi\u00e1n<\/figcaption><\/figure><\/div>\n\n\n\n<p>De su labor como auxiliar de laboratorio, agrega que su rol\nes de apoyo docente en pre y postgrado, trabajando en la confecci\u00f3n de\nmateriales de ensayo y colaborando con los acad\u00e9micos en el desarrollo de sus\nproyectos.<\/p>\n\n\n\n<p>Sobre el desarrollo del Instituto y Escuela de Ac\u00fastica, V\u00edctor ha sido testigo de la evoluci\u00f3n de la carrera que comenz\u00f3 como Ingeniero en Sonido, luego se convirti\u00f3 en Ingenier\u00eda Ac\u00fastica, hoy es Ingenier\u00eda Civil Ac\u00fastica y cuenta tambi\u00e9n con un Mag\u00edster en Ac\u00fastica y Vibraciones.<\/p>\n\n\n\n<blockquote class=\"wp-block-quote is-layout-flow wp-block-quote-is-layout-flow\"><p> \u201cHa habido un crecimiento en el instituto. Nuestro instituto no es de pizarr\u00f3n y plum\u00f3n, nosotros hacemos cosas, porque la teor\u00eda hay que ponerla en pr\u00e1ctica\u201d.<\/p><cite>V\u00edctor Cumi\u00e1n, Instituto de Ac\u00fastica UACh.<\/cite><\/blockquote>\n\n\n\n<p>De su experiencia laboral destaca la buena convivencia \u201cme\ngusta cuando todos aportamos ideas, acad\u00e9micos, funcionarios y estudiantes,\nsiempre ha sido as\u00ed, hay muy buenas relaciones con todos\u201d <\/p>\n\n\n\n<p>V\u00edctor Cumi\u00e1n es valdiviano, egres\u00f3 del Liceo Industrial y\nla UACh ha sido su primer y \u00fanico lugar de trabajo. De hecho agrega que hasta\nel a\u00f1o 2015 se desempe\u00f1\u00f3 adem\u00e1s,&nbsp; cada\nfin de semana, como operador de m\u00e1quinas de proyecci\u00f3n de cine en el Cine Club\nde la UACh, lugar del cual&nbsp; guarda\ngratos&nbsp; recuerdos de los inicios del Festival\nde Cine y de la ex directora Lucy Berkhoff.<\/p>\n\n\n\n<p>Para el director del Instituto de Ac\u00fastica Prof. Jorge\nC\u00e1rdenas, \u00abel se\u00f1or V\u00edctor Cumi\u00e1n ha sido y es&nbsp; una persona esencial en las labores docentes\nde vinculaci\u00f3n&nbsp; e investigaci\u00f3n del\nInstituto de Ac\u00fastica. En el plano laboral, destaco su inagotable capacidad de\ntrabajo, habilidad para el manejo de herramientas y sobretodo creatividad para\nayudarnos a resolver los problemas t\u00e9cnicos con que habitualmente nos\nenfrentamos en nuestras labores acad\u00e9micas. Sin embargo, son sus cualidades\npersonales tales como paciencia, responsabilidad, buen humor, amabilidad, buen\ntrato, entre otras, las que lo han llevado a ser reconocido y apreciado por\ntodos quienes han tenido y tenemos el privilegio de compartir las labores\nuniversitarias junto a \u00e9l.\u00bb<\/p>\n","protected":false},"excerpt":{"rendered":"<p>40 a\u00f1os de servicio cumple este a\u00f1o V\u00edctor en el Instituto de Ac\u00fastica de la Facultad de Ciencias de la Ingenier\u00eda Escrito por PrensaFCI Reconocido y querido por estudiantes y acad\u00e9micos, el funcionario enfatiza en lo bueno que ha sido trabajar en la UACh por las buenas relaciones humanas y por la oportunidad que ha [&hellip;]<\/p>\n","protected":false},"author":2,"featured_media":13631,"comment_status":"closed","ping_status":"closed","sticky":false,"template":"","format":"standard","meta":{"footnotes":""},"categories":[906],"tags":[264,979,37,701,145,580],"class_list":["post-13630","post","type-post","status-publish","format-standard","has-post-thumbnail","hentry","category-pregrado","tag-aniversario","tag-cumian","tag-estudiantes","tag-historia","tag-instituto","tag-laboratorio"],"_links":{"self":[{"href":"https:\/\/www.acusticauach.cl\/index.php?rest_route=\/wp\/v2\/posts\/13630","targetHints":{"allow":["GET"]}}],"collection":[{"href":"https:\/\/www.acusticauach.cl\/index.php?rest_route=\/wp\/v2\/posts"}],"about":[{"href":"https:\/\/www.acusticauach.cl\/index.php?rest_route=\/wp\/v2\/types\/post"}],"author":[{"embeddable":true,"href":"https:\/\/www.acusticauach.cl\/index.php?rest_route=\/wp\/v2\/users\/2"}],"replies":[{"embeddable":true,"href":"https:\/\/www.acusticauach.cl\/index.php?rest_route=%2Fwp%2Fv2%2Fcomments&post=13630"}],"version-history":[{"count":0,"href":"https:\/\/www.acusticauach.cl\/index.php?rest_route=\/wp\/v2\/posts\/13630\/revisions"}],"wp:featuredmedia":[{"embeddable":true,"href":"https:\/\/www.acusticauach.cl\/index.php?rest_route=\/wp\/v2\/media\/13631"}],"wp:attachment":[{"href":"https:\/\/www.acusticauach.cl\/index.php?rest_route=%2Fwp%2Fv2%2Fmedia&parent=13630"}],"wp:term":[{"taxonomy":"category","embeddable":true,"href":"https:\/\/www.acusticauach.cl\/index.php?rest_route=%2Fwp%2Fv2%2Fcategories&post=13630"},{"taxonomy":"post_tag","embeddable":true,"href":"https:\/\/www.acusticauach.cl\/index.php?rest_route=%2Fwp%2Fv2%2Ftags&post=13630"}],"curies":[{"name":"wp","href":"https:\/\/api.w.org\/{rel}","templated":true}]}}