{"id":13623,"date":"2020-08-24T17:09:36","date_gmt":"2020-08-24T21:09:36","guid":{"rendered":"http:\/\/www.acusticauach.cl\/?p=13623"},"modified":"2020-09-06T23:24:38","modified_gmt":"2020-09-07T02:24:38","slug":"academico-de-acustica-uach-participo-de-seminario-online-escuchas-sumergidas-sobre-el-sonido-bajo-el-mar","status":"publish","type":"post","link":"https:\/\/www.acusticauach.cl\/?p=13623","title":{"rendered":"Acad\u00e9mico de Ac\u00fastica UACh particip\u00f3 de seminario online \u201cEscuchas Sumergidas\u201d sobre el sonido bajo el mar"},"content":{"rendered":"\n<p>Escrito por&nbsp;<a>Maritza Uribe Higuera &#8211; Periodista Facultad De Ciencias De La Ingenier\u00eda<\/a><\/p>\n\n\n\n<p>La actividad se enmarc\u00f3 en la Semana de la Escucha 2020 con actividades en l\u00ednea que organiz\u00f3 tsonami.cl con la colaboraci\u00f3n del Centro de Extensi\u00f3n del Ministerio de las Culturas, las Artes y el Patrimonio y el Museo de Historia Natural de Valpara\u00edso.<\/p>\n\n\n\n<p>El acad\u00e9mico Dr. Alfio Yori, del Instituto de Ac\u00fastica de la Universidad Austral de Chile, fue parte del panel de expertos que particip\u00f3 en el seminario online \u201cEscuchas Sumergidas\u201d organizado por Tsonami.cl, una plataforma dedicada al fomento y la difusi\u00f3n de pr\u00e1cticas sonoras contempor\u00e1neas, que en esta ocasi\u00f3n se centr\u00f3 en las problem\u00e1ticas del sonido bajo el mar y los efectos antropog\u00e9nicos en el paisaje sonoro submarino.<\/p>\n\n\n\n<p>La actividad se llev\u00f3 a cabo durante los d\u00edas 17 y 18 de julio. El Dr. Yori present\u00f3 la exposici\u00f3n \u201cCaracterizaci\u00f3n de fuentes de ruido subacu\u00e1tico y evaluaci\u00f3n de su impacto en la fauna marina\u201d.<\/p>\n\n\n\n<p>\u201cHabl\u00e9 sobre la contaminaci\u00f3n ac\u00fastica bajo el agua y sobre una metodolog\u00eda para evaluar su impacto sobre los seres vivos marinos. Adem\u00e1s, habl\u00e9 de las diferencias entre el comportamiento del sonido sobre y bajo el agua\u201d, se\u00f1al\u00f3 el acad\u00e9mico.<\/p>\n\n\n\n<p>El seminario es un espacio para reflexionar sobre el universo sonoro de los oc\u00e9anos y sus problem\u00e1ticas vinculadas a la acci\u00f3n antropoc\u00e9ntrica. Participaron cient\u00edficos y expertos en la comunicaci\u00f3n sonora de mam\u00edferos marinos y el ruido en los oc\u00e9anos, como tambi\u00e9n artistas que investigan y resignifican el sonido bajo el mar y las ecolog\u00edas oce\u00e1nicas, y fue abierto a artistas sonoros, m\u00fasicos y p\u00fablico en general.<\/p>\n\n\n\n<figure class=\"wp-block-embed-youtube wp-block-embed is-type-video is-provider-youtube wp-embed-aspect-16-9 wp-has-aspect-ratio\"><div class=\"wp-block-embed__wrapper\">\n<iframe title=\"SEMINARIO ESCUCHAS SUMERGIDAS - 18 de Julio 2020\" width=\"1200\" height=\"675\" src=\"https:\/\/www.youtube.com\/embed\/Dfvenrh9jcg?start=7143&#038;feature=oembed\" frameborder=\"0\" allow=\"accelerometer; autoplay; encrypted-media; gyroscope; picture-in-picture\" allowfullscreen><\/iframe>\n<\/div><figcaption>Disponible directamente en: <a href=\"https:\/\/youtu.be\/Dfvenrh9jcg?t=7143\" target=\"_blank\" rel=\"noreferrer noopener\" aria-label=\"https:\/\/youtu.be\/Dfvenrh9jcg?t=7143 (abre en una nueva pesta\u00f1a)\">https:\/\/youtu.be\/Dfvenrh9jcg?t=7143<\/a><\/figcaption><\/figure>\n","protected":false},"excerpt":{"rendered":"<p>Escrito por&nbsp;Maritza Uribe Higuera &#8211; Periodista Facultad De Ciencias De La Ingenier\u00eda La actividad se enmarc\u00f3 en la Semana de la Escucha 2020 con actividades en l\u00ednea que organiz\u00f3 tsonami.cl con la colaboraci\u00f3n del Centro de Extensi\u00f3n del Ministerio de las Culturas, las Artes y el Patrimonio y el Museo de Historia Natural de Valpara\u00edso. [&hellip;]<\/p>\n","protected":false},"author":2,"featured_media":13625,"comment_status":"closed","ping_status":"closed","sticky":false,"template":"","format":"standard","meta":{"footnotes":""},"categories":[908],"tags":[883,308,198,872,364],"class_list":["post-13623","post","type-post","status-publish","format-standard","has-post-thumbnail","hentry","category-investigacion","tag-alfioyori","tag-escucha","tag-submarina","tag-submarino","tag-yori"],"_links":{"self":[{"href":"https:\/\/www.acusticauach.cl\/index.php?rest_route=\/wp\/v2\/posts\/13623","targetHints":{"allow":["GET"]}}],"collection":[{"href":"https:\/\/www.acusticauach.cl\/index.php?rest_route=\/wp\/v2\/posts"}],"about":[{"href":"https:\/\/www.acusticauach.cl\/index.php?rest_route=\/wp\/v2\/types\/post"}],"author":[{"embeddable":true,"href":"https:\/\/www.acusticauach.cl\/index.php?rest_route=\/wp\/v2\/users\/2"}],"replies":[{"embeddable":true,"href":"https:\/\/www.acusticauach.cl\/index.php?rest_route=%2Fwp%2Fv2%2Fcomments&post=13623"}],"version-history":[{"count":0,"href":"https:\/\/www.acusticauach.cl\/index.php?rest_route=\/wp\/v2\/posts\/13623\/revisions"}],"wp:featuredmedia":[{"embeddable":true,"href":"https:\/\/www.acusticauach.cl\/index.php?rest_route=\/wp\/v2\/media\/13625"}],"wp:attachment":[{"href":"https:\/\/www.acusticauach.cl\/index.php?rest_route=%2Fwp%2Fv2%2Fmedia&parent=13623"}],"wp:term":[{"taxonomy":"category","embeddable":true,"href":"https:\/\/www.acusticauach.cl\/index.php?rest_route=%2Fwp%2Fv2%2Fcategories&post=13623"},{"taxonomy":"post_tag","embeddable":true,"href":"https:\/\/www.acusticauach.cl\/index.php?rest_route=%2Fwp%2Fv2%2Ftags&post=13623"}],"curies":[{"name":"wp","href":"https:\/\/api.w.org\/{rel}","templated":true}]}}