{"id":13534,"date":"2020-07-26T17:46:47","date_gmt":"2020-07-26T21:46:47","guid":{"rendered":"http:\/\/www.acusticauach.cl\/?p=13534"},"modified":"2020-09-25T11:40:52","modified_gmt":"2020-09-25T14:40:52","slug":"el-ruido-ambiental-y-su-importancia-en-la-planificacion-de-las-ciudades-sera-abordado-en-ciclo-de-charlas-online-de-la-fci-uach","status":"publish","type":"post","link":"https:\/\/www.acusticauach.cl\/?p=13534","title":{"rendered":"El ruido ambiental y su importancia en la planificaci\u00f3n de las ciudades ser\u00e1 abordado en ciclo de charlas online de la FCI UACh"},"content":{"rendered":"\n<h1 class=\"wp-block-heading\"><strong>\u201cEl ruido ambiental y la planificaci\u00f3n de las ciudades\u201d se titula la charla online que se llevar\u00e1 a cabo el pr\u00f3ximo jueves 30 de julio a las 16:00 hrs. en el marco del Ciclo de Charlas Online de Divulgaci\u00f3n sobre Ingenier\u00eda y Sociedad.<\/strong> <\/h1>\n\n\n\n<p><em>Escrito por PrensaFCI<\/em><\/p>\n\n\n\n<p>La quinta versi\u00f3n de este ciclo abordar\u00e1 la tem\u00e1tica de&nbsp;<strong>Ingenier\u00eda y Medio Ambiente<\/strong>, mostrando el trabajo conjunto desarrollado por acad\u00e9micos del&nbsp;<strong>Instituto de Ac\u00fastica de la Facultad de Ciencias de la Ingenier\u00eda UACh<\/strong>, &nbsp;junto a una&nbsp; estudiante tesista del Mag\u00edster en Ac\u00fastica y Vibraciones, investigadores de&nbsp; otras casas de estudios superiores &nbsp;y el Ministerio de Medio Ambiente.<\/p>\n\n\n\n<p>La charla ser\u00e1 transmitida a trav\u00e9s de la plataforma zoom con inscripci\u00f3n previa en el formulario disponible en&nbsp;<a href=\"http:\/\/www.ingenieria.uach.cl\/seminarios\" target=\"_blank\" rel=\"noreferrer noopener\"><strong>ingenieria.uach.cl\/seminarios<\/strong>&nbsp;<\/a>y simult\u00e1neamente se transmitir\u00e1 por las redes sociales&nbsp;<a href=\"https:\/\/www.facebook.com\/fciuach\" target=\"_blank\" rel=\"noreferrer noopener\">Facebook<\/a>&nbsp;y&nbsp;<a href=\"https:\/\/www.youtube.com\/channel\/UCZz5fGRjWHzv9lvpBCG8KQQ\/featured\">Youtube<\/a>&nbsp;de la Facultad de Ciencias de la Ingenier\u00eda UACh.<\/p>\n\n\n\n<p>El panel de expositores est\u00e1 compuesto por el&nbsp;<strong>Dr. Enrique Su\u00e1rez<\/strong>, acad\u00e9mico del Instituto de Ac\u00fastica UACh,&nbsp;<strong>Igor Valdebenito<\/strong>,&nbsp; jefe del Departamento de ruido, lum\u00ednica y olores del Ministerio de Medio Ambiente,&nbsp;<strong>Dr.<\/strong>&nbsp;<strong>Guillermo Rey<\/strong>, investigador de la Universidad Aut\u00f3noma de Chile y de la Universidad de Extremadura Espa\u00f1a y director del proyecto &nbsp; FONDECYT N\u00ba 1180547 y&nbsp;<strong>Alexandra L. Montenegro<\/strong>, tesista del Mag\u00edster en Ac\u00fastica y Vibraciones UACh, e  Ingeniera de Proyectos en Ac\u00fastica Austral.<\/p>\n\n\n\n<div class=\"wp-block-image\"><figure class=\"aligncenter\"><img decoding=\"async\" width=\"900\" height=\"600\" src=\"https:\/\/www.acusticauach.cl\/wp-content\/uploads\/2020\/07\/ing_sociedad-300720_Noticia-3ab7fe17.png\" alt=\"\" class=\"wp-image-13537\" srcset=\"https:\/\/www.acusticauach.cl\/wp-content\/uploads\/2020\/07\/ing_sociedad-300720_Noticia-3ab7fe17.png 900w, https:\/\/www.acusticauach.cl\/wp-content\/uploads\/2020\/07\/ing_sociedad-300720_Noticia-3ab7fe17-300x200.png 300w, https:\/\/www.acusticauach.cl\/wp-content\/uploads\/2020\/07\/ing_sociedad-300720_Noticia-3ab7fe17-768x512.png 768w, https:\/\/www.acusticauach.cl\/wp-content\/uploads\/2020\/07\/ing_sociedad-300720_Noticia-3ab7fe17-125x83.png 125w, https:\/\/www.acusticauach.cl\/wp-content\/uploads\/2020\/07\/ing_sociedad-300720_Noticia-3ab7fe17-75x50.png 75w\" sizes=\"(max-width: 900px) 100vw, 900px\" \/><figcaption> VIDEO: disponible la charla completa.<a href=\"https:\/\/youtu.be\/shzxeS5fwCM\" target=\"_blank\" rel=\"noreferrer noopener\" aria-label=\" https:\/\/youtu.be\/shzxeS5fwCM (abre en una nueva pesta\u00f1a)\"> https:\/\/youtu.be\/shzxeS5fwCM<\/a><\/figcaption><\/figure><\/div>\n\n\n\n<p>Durante la charla se abordar\u00e1n tem\u00e1ticas tales como &nbsp;la regulaci\u00f3n del ruido ambiental y la planificaci\u00f3n urbana; &nbsp;evaluaci\u00f3n del ruido ambiental por mapas de ruido y redes de monitoreo; las variables urban\u00edsticas y la influencia en el ruido y la din\u00e1mica del transporte en la ciudad y su consecuencia ac\u00fastica.<\/p>\n\n\n\n<p>Cabe destacar que los estudios de mapas de ruido desarrollados por la Universidad Austral de Chile para el Ministerio del Medio Ambiente han estimado que en el Gran Santiago Urbano el 29% de la poblaci\u00f3n se encuentra potencialmente expuesta durante noche a niveles de ruido inaceptables. Si bien es una situaci\u00f3n que se repite en grandes ciudades en otros pa\u00edses, hay una diferencia importante respecto a otras ciudades con condiciones m\u00e1s saludables. En ciudades m\u00e1s peque\u00f1as, como Valdivia, s\u00f3lo el 3,9% de la poblaci\u00f3n se encuentra potencialmente expuesta durante noche a niveles de ruido inaceptables.<\/p>\n\n\n\n<p>El Dr. Enrique Su\u00e1rez, explica que estos antecedentes demuestran un grave problema de salud ambiental que debe priorizarse, particularmente en el dise\u00f1o de nuestras ciudades. \u201cLas medidas deben ser colaborativas e integrales, pues no existe solo una medida de control de ruido que garantice un ambiente ac\u00fastico m\u00e1s saludable. Las principales medidas son tres: normas de emisi\u00f3n y calidad ambiental; informaci\u00f3n y educaci\u00f3n ambiental: y una planificaci\u00f3n urban\u00edstica que incorpore a la ac\u00fastica ambiental en el dise\u00f1o y crecimiento de las ciudades\u201d concluye el acad\u00e9mico.<\/p>\n\n\n\n<figure class=\"wp-block-embed-youtube wp-block-embed is-type-video is-provider-youtube wp-embed-aspect-16-9 wp-has-aspect-ratio\"><div class=\"wp-block-embed__wrapper\">\n<iframe title=\"El ruido ambiental y la planificaci\u00f3n de las ciudades FCI\" width=\"1200\" height=\"675\" src=\"https:\/\/www.youtube.com\/embed\/shzxeS5fwCM?feature=oembed\" frameborder=\"0\" allow=\"accelerometer; autoplay; encrypted-media; gyroscope; picture-in-picture\" allowfullscreen><\/iframe>\n<\/div><figcaption>Video disponible en: <a href=\"https:\/\/youtu.be\/shzxeS5fwCM\" target=\"_blank\" rel=\"noreferrer noopener\" aria-label=\"https:\/\/youtu.be\/shzxeS5fwCM (abre en una nueva pesta\u00f1a)\">https:\/\/youtu.be\/shzxeS5fwCM<\/a><\/figcaption><\/figure>\n","protected":false},"excerpt":{"rendered":"<p>\u201cEl ruido ambiental y la planificaci\u00f3n de las ciudades\u201d se titula la charla online que se llevar\u00e1 a cabo el pr\u00f3ximo jueves 30 de julio a las 16:00 hrs. en el marco del Ciclo de Charlas Online de Divulgaci\u00f3n sobre Ingenier\u00eda y Sociedad. Escrito por PrensaFCI La quinta versi\u00f3n de este ciclo abordar\u00e1 la tem\u00e1tica [&hellip;]<\/p>\n","protected":false},"author":2,"featured_media":13558,"comment_status":"closed","ping_status":"closed","sticky":false,"template":"","format":"standard","meta":{"footnotes":""},"categories":[908,984,907],"tags":[973,84,105,971,972,982,35,34,32,936,73],"class_list":["post-13534","post","type-post","status-publish","format-standard","has-post-thumbnail","hentry","category-investigacion","category-labacam","category-postgrado","tag-alexandra-l-montenegro","tag-charla","tag-fondecyt","tag-guillermo-rey","tag-igor-valdebenito","tag-labacam","tag-medio-ambiente","tag-ministerio","tag-ruido","tag-ruido-ambiental","tag-suarez"],"_links":{"self":[{"href":"https:\/\/www.acusticauach.cl\/index.php?rest_route=\/wp\/v2\/posts\/13534","targetHints":{"allow":["GET"]}}],"collection":[{"href":"https:\/\/www.acusticauach.cl\/index.php?rest_route=\/wp\/v2\/posts"}],"about":[{"href":"https:\/\/www.acusticauach.cl\/index.php?rest_route=\/wp\/v2\/types\/post"}],"author":[{"embeddable":true,"href":"https:\/\/www.acusticauach.cl\/index.php?rest_route=\/wp\/v2\/users\/2"}],"replies":[{"embeddable":true,"href":"https:\/\/www.acusticauach.cl\/index.php?rest_route=%2Fwp%2Fv2%2Fcomments&post=13534"}],"version-history":[{"count":0,"href":"https:\/\/www.acusticauach.cl\/index.php?rest_route=\/wp\/v2\/posts\/13534\/revisions"}],"wp:featuredmedia":[{"embeddable":true,"href":"https:\/\/www.acusticauach.cl\/index.php?rest_route=\/wp\/v2\/media\/13558"}],"wp:attachment":[{"href":"https:\/\/www.acusticauach.cl\/index.php?rest_route=%2Fwp%2Fv2%2Fmedia&parent=13534"}],"wp:term":[{"taxonomy":"category","embeddable":true,"href":"https:\/\/www.acusticauach.cl\/index.php?rest_route=%2Fwp%2Fv2%2Fcategories&post=13534"},{"taxonomy":"post_tag","embeddable":true,"href":"https:\/\/www.acusticauach.cl\/index.php?rest_route=%2Fwp%2Fv2%2Ftags&post=13534"}],"curies":[{"name":"wp","href":"https:\/\/api.w.org\/{rel}","templated":true}]}}