{"id":13417,"date":"2020-06-02T18:46:58","date_gmt":"2020-06-02T22:46:58","guid":{"rendered":"http:\/\/www.acusticauach.cl\/?p=13417"},"modified":"2020-06-02T18:52:23","modified_gmt":"2020-06-02T22:52:23","slug":"pagina-web-de-proyecto-time-lapse-sonoro-pone-en-valor-el-patrimonio-de-los-humedales-urbanos","status":"publish","type":"post","link":"https:\/\/www.acusticauach.cl\/?p=13417","title":{"rendered":"P\u00e1gina web de proyecto time-lapse sonoro pone en valor el patrimonio de los humedales urbanos"},"content":{"rendered":"\n<p> <strong>En el marco del proyecto FONDECYT regular 119 0722 de 2019 \u201cM\u00e9todo de time-lapse sonoro para la puesta en valor del patrimonio sonoro de humedales urbanos\u201d liderado por el acad\u00e9mico del Instituto de Ac\u00fastica, Dr. Felipe Otondo se lanz\u00f3 la p\u00e1gina web&nbsp;<a href=\"https:\/\/soundlapse.net\/\">soundlapse.net<\/a><\/strong> <\/p>\n\n\n\n<p><em>Escrito por PrensaFCI<\/em><\/p>\n\n\n\n<p>El proyecto busca visibilizar el patrimonio sonoro de humedales urbanos de Valdivia a trav\u00e9s de un novedoso m\u00e9todo de escucha sonoro tipo time-lapse.<\/p>\n\n\n\n<blockquote class=\"wp-block-quote is-layout-flow wp-block-quote-is-layout-flow\"><p>La p\u00e1gina tiene como objetivo proporcionar una vitrina a las actividades de investigaci\u00f3n y difusi\u00f3n del proyecto. &nbsp;Est\u00e1 pensada en p\u00fablico general y algunas secciones un poco m\u00e1s t\u00e9cnicas para un p\u00fablico acad\u00e9mico\u201d <\/p><cite>Dr. Felipe Otondo, Investigador Principal del proyecto.<\/cite><\/blockquote>\n\n\n\n<p>La iniciativa se inspir\u00f3 en un estudio piloto realizado en la Universidad de Lancaster en Inglaterra en colaboraci\u00f3n con el artista sonoro Chris Watson, donde se desarrollaron las bases de un novedoso m\u00e9todo de time-lapse sonoro para presentar de forma expedita la evoluci\u00f3n temporal del paisaje sonoro de entornos naturales urbanos. El m\u00e9todo dise\u00f1ado se basa en la toma de breves muestras de audio de cada hora, registradas durante 24 horas en un humedal. Dichas muestras de audio son luego combinadas usando un m\u00e9todo de montaje sonoro concebido para generar transiciones entre muestras graduales e imperceptibles auditivamente.<\/p>\n\n\n\n<p>El proyecto busca optimizar e implementar el m\u00e9todo de time-lapse sonoro dise\u00f1ado en las l\u00edneas de desarrollo que se detallan en las secciones de la p\u00e1gina: grabaciones de paisaje sonoro, optimizaci\u00f3n del m\u00e9todo de time-lapse sonoro, educaci\u00f3n ambiental, tecnolog\u00eda interactiva y aplicaciones art\u00edsticas.<\/p>\n\n\n\n<p>A trav\u00e9s de la p\u00e1gina se puede escuchar el paisaje sonoro de tres humedales urbanos de la ciudad de Valdivia en Chile: Parque Urbano El Bosque, Miraflores Angachilla.<\/p>\n\n\n\n<p>Victor Poblete, acad\u00e9mico del Instituto de Ac\u00fastica y co investigador del proyecto tiene como tarea el procesamiento y an\u00e1lisis de los datos que finalmente se traducen &nbsp;en el audio representativo del sonido de un humedal. Su trabajo consiste en procesar las se\u00f1ales recibidas y &nbsp;extraer &nbsp;informaci\u00f3n que sea representativa del lugar donde se grab\u00f3\u201d seg\u00fan lo explica en el siguiente video.<\/p>\n\n\n\n<figure class=\"wp-block-embed-youtube wp-block-embed is-type-video is-provider-youtube wp-embed-aspect-16-9 wp-has-aspect-ratio\"><div class=\"wp-block-embed__wrapper\">\n<iframe title=\"Algoritmo de time lapse sonoro, Victor Poblete   Proyecto Soundlapse\" width=\"1200\" height=\"675\" src=\"https:\/\/www.youtube.com\/embed\/HZjoq7g9wyc?feature=oembed\" frameborder=\"0\" allow=\"accelerometer; autoplay; encrypted-media; gyroscope; picture-in-picture\" allowfullscreen><\/iframe>\n<\/div><figcaption>Descripci\u00f3n del proceso de programaci\u00f3n del algor\u00edtmo de time-lapse sonoro para el proyecto FONDECYT 1190722. Profesor del Instituto de Ac\u00fastica de la Universidad Austral, V\u00edctor Poblete.<\/figcaption><\/figure>\n\n\n\n<p>Otro de los integrantes del proyecto es el ingeniero ac\u00fastico Rodrigo Torres quien se\u00f1ala que su&nbsp; \u00e1rea de trabajo es el &nbsp;registro sonoro como material base para la creaci\u00f3n de los time lapse a trav\u00e9s de estaciones de monitoreo instaladas en los 3 humedales valdivianos.<\/p>\n\n\n\n<figure class=\"wp-block-embed-youtube wp-block-embed is-type-video is-provider-youtube wp-embed-aspect-16-9 wp-has-aspect-ratio\"><div class=\"wp-block-embed__wrapper\">\n<iframe title=\"Grabaciones Paisaje Sonoro, Rodrigo Torres  - Proyecto Soundlapse\" width=\"1200\" height=\"675\" src=\"https:\/\/www.youtube.com\/embed\/JtWe2kUwR7E?feature=oembed\" frameborder=\"0\" allow=\"accelerometer; autoplay; encrypted-media; gyroscope; picture-in-picture\" allowfullscreen><\/iframe>\n<\/div><figcaption>Descripci\u00f3n del proceso de registro sonoro en humedales para el proyecto Fondecyt 1190722. Profesor Rodrigo Torres del Instituto de Ac\u00fastica de la Universidad Austral de Chile.<\/figcaption><\/figure>\n\n\n\n<p>De esta manera el proyecto permitir\u00e1 generar una especie de &nbsp;fotograf\u00eda sonora de los humedales de Valdivia de tal manera &nbsp;que las &nbsp;pr\u00f3ximas generaciones puedan escuchar lo que ocurr\u00eda en ellos en cierta \u00e9poca del a\u00f1o, como tambi\u00e9n se convertir\u00e1 en material disponible para personas que por diversas razones no est\u00e1n en la ciudad, pero podr\u00e1n acceder a este registro sonoro.<\/p>\n\n\n\n<p><strong>Visite:<\/strong><\/p>\n\n\n\n<div class=\"wp-block-image\"><figure class=\"aligncenter\"><img decoding=\"async\" width=\"1000\" height=\"200\" src=\"https:\/\/www.acusticauach.cl\/wp-content\/uploads\/2019\/11\/banner_soundlapse_01_1000x200.jpg\" alt=\"\" class=\"wp-image-12690\" srcset=\"https:\/\/www.acusticauach.cl\/wp-content\/uploads\/2019\/11\/banner_soundlapse_01_1000x200.jpg 1000w, https:\/\/www.acusticauach.cl\/wp-content\/uploads\/2019\/11\/banner_soundlapse_01_1000x200-300x60.jpg 300w, https:\/\/www.acusticauach.cl\/wp-content\/uploads\/2019\/11\/banner_soundlapse_01_1000x200-768x154.jpg 768w, https:\/\/www.acusticauach.cl\/wp-content\/uploads\/2019\/11\/banner_soundlapse_01_1000x200-125x25.jpg 125w, https:\/\/www.acusticauach.cl\/wp-content\/uploads\/2019\/11\/banner_soundlapse_01_1000x200-75x15.jpg 75w\" sizes=\"(max-width: 1000px) 100vw, 1000px\" \/><figcaption> <a href=\"https:\/\/soundlapse.net\/\" target=\"_blank\" rel=\"noreferrer noopener\" aria-label=\" (abre en una nueva pesta\u00f1a)\">https:\/\/soundlapse.net\/<\/a> <\/figcaption><\/figure><\/div>\n","protected":false},"excerpt":{"rendered":"<p>En el marco del proyecto FONDECYT regular 119 0722 de 2019 \u201cM\u00e9todo de time-lapse sonoro para la puesta en valor del patrimonio sonoro de humedales urbanos\u201d liderado por el acad\u00e9mico del Instituto de Ac\u00fastica, Dr. Felipe Otondo se lanz\u00f3 la p\u00e1gina web&nbsp;soundlapse.net Escrito por PrensaFCI El proyecto busca visibilizar el patrimonio sonoro de humedales urbanos [&hellip;]<\/p>\n","protected":false},"author":2,"featured_media":13420,"comment_status":"closed","ping_status":"closed","sticky":false,"template":"","format":"standard","meta":{"footnotes":""},"categories":[908],"tags":[642,105,589,240,248,915,886,186],"class_list":["post-13417","post","type-post","status-publish","format-standard","has-post-thumbnail","hentry","category-investigacion","tag-felipeotondo","tag-fondecyt","tag-humedales","tag-otondo","tag-poblete","tag-portada","tag-rodrigotorres","tag-torres"],"_links":{"self":[{"href":"https:\/\/www.acusticauach.cl\/index.php?rest_route=\/wp\/v2\/posts\/13417","targetHints":{"allow":["GET"]}}],"collection":[{"href":"https:\/\/www.acusticauach.cl\/index.php?rest_route=\/wp\/v2\/posts"}],"about":[{"href":"https:\/\/www.acusticauach.cl\/index.php?rest_route=\/wp\/v2\/types\/post"}],"author":[{"embeddable":true,"href":"https:\/\/www.acusticauach.cl\/index.php?rest_route=\/wp\/v2\/users\/2"}],"replies":[{"embeddable":true,"href":"https:\/\/www.acusticauach.cl\/index.php?rest_route=%2Fwp%2Fv2%2Fcomments&post=13417"}],"version-history":[{"count":0,"href":"https:\/\/www.acusticauach.cl\/index.php?rest_route=\/wp\/v2\/posts\/13417\/revisions"}],"wp:featuredmedia":[{"embeddable":true,"href":"https:\/\/www.acusticauach.cl\/index.php?rest_route=\/wp\/v2\/media\/13420"}],"wp:attachment":[{"href":"https:\/\/www.acusticauach.cl\/index.php?rest_route=%2Fwp%2Fv2%2Fmedia&parent=13417"}],"wp:term":[{"taxonomy":"category","embeddable":true,"href":"https:\/\/www.acusticauach.cl\/index.php?rest_route=%2Fwp%2Fv2%2Fcategories&post=13417"},{"taxonomy":"post_tag","embeddable":true,"href":"https:\/\/www.acusticauach.cl\/index.php?rest_route=%2Fwp%2Fv2%2Ftags&post=13417"}],"curies":[{"name":"wp","href":"https:\/\/api.w.org\/{rel}","templated":true}]}}