{"id":13408,"date":"2020-06-02T18:13:48","date_gmt":"2020-06-02T22:13:48","guid":{"rendered":"http:\/\/www.acusticauach.cl\/?p=13408"},"modified":"2020-06-02T18:17:12","modified_gmt":"2020-06-02T22:17:12","slug":"proyecto-soundlapse-algoritmo-de-time-lapse-sonoro","status":"publish","type":"post","link":"https:\/\/www.acusticauach.cl\/?p=13408","title":{"rendered":"Proyecto Soundlapse &#8211; Algoritmo time lapse sonoro"},"content":{"rendered":"\n<p> Descripci\u00f3n del proceso de programaci\u00f3n del algor\u00edtmo de time-lapse  sonoro para el proyecto FONDECYT 1190722 del profesor del Instituto de  Ac\u00fastica de la Universidad Austral, V\u00edctor Poblete. Colaboradores:  Victor Vargas y Diego Espejo. M\u00e1s informaci\u00f3n en  <a href=\"https:\/\/soundlapse.net\/\" target=\"_blank\" rel=\"noreferrer noopener\" aria-label=\" (abre en una nueva pesta\u00f1a)\">https:\/\/soundlapse.net\/<\/a> <\/p>\n","protected":false},"excerpt":{"rendered":"<p>Descripci\u00f3n del proceso de programaci\u00f3n del algor\u00edtmo de time-lapse sonoro para el proyecto FONDECYT 1190722 del profesor del Instituto de Ac\u00fastica de la Universidad Austral, V\u00edctor Poblete. Colaboradores: Victor Vargas y Diego Espejo. M\u00e1s informaci\u00f3n en https:\/\/soundlapse.net\/<\/p>\n","protected":false},"author":2,"featured_media":13409,"comment_status":"closed","ping_status":"closed","sticky":false,"template":"","format":"video","meta":{"footnotes":""},"categories":[929],"tags":[113,274,105,707,961,629,30,963,248,25,880,213,22],"class_list":["post-13408","post","type-post","status-publish","format-video","has-post-thumbnail","hentry","category-videos","tag-acustica","tag-acusticauach","tag-fondecyt","tag-ingenieria-acustica","tag-magister-magister-acustica","tag-magister-vibraciones","tag-paisaje","tag-pasiaje-sonoro","tag-poblete","tag-sonido","tag-sonoro","tag-uach","tag-valdivia","post_format-post-format-video"],"_links":{"self":[{"href":"https:\/\/www.acusticauach.cl\/index.php?rest_route=\/wp\/v2\/posts\/13408","targetHints":{"allow":["GET"]}}],"collection":[{"href":"https:\/\/www.acusticauach.cl\/index.php?rest_route=\/wp\/v2\/posts"}],"about":[{"href":"https:\/\/www.acusticauach.cl\/index.php?rest_route=\/wp\/v2\/types\/post"}],"author":[{"embeddable":true,"href":"https:\/\/www.acusticauach.cl\/index.php?rest_route=\/wp\/v2\/users\/2"}],"replies":[{"embeddable":true,"href":"https:\/\/www.acusticauach.cl\/index.php?rest_route=%2Fwp%2Fv2%2Fcomments&post=13408"}],"version-history":[{"count":0,"href":"https:\/\/www.acusticauach.cl\/index.php?rest_route=\/wp\/v2\/posts\/13408\/revisions"}],"wp:featuredmedia":[{"embeddable":true,"href":"https:\/\/www.acusticauach.cl\/index.php?rest_route=\/wp\/v2\/media\/13409"}],"wp:attachment":[{"href":"https:\/\/www.acusticauach.cl\/index.php?rest_route=%2Fwp%2Fv2%2Fmedia&parent=13408"}],"wp:term":[{"taxonomy":"category","embeddable":true,"href":"https:\/\/www.acusticauach.cl\/index.php?rest_route=%2Fwp%2Fv2%2Fcategories&post=13408"},{"taxonomy":"post_tag","embeddable":true,"href":"https:\/\/www.acusticauach.cl\/index.php?rest_route=%2Fwp%2Fv2%2Ftags&post=13408"}],"curies":[{"name":"wp","href":"https:\/\/api.w.org\/{rel}","templated":true}]}}