{"id":13324,"date":"2020-04-06T23:44:44","date_gmt":"2020-04-07T03:44:44","guid":{"rendered":"http:\/\/www.acusticauach.cl\/?p=13324"},"modified":"2020-05-05T23:03:04","modified_gmt":"2020-05-06T03:03:04","slug":"estudiantes-de-primer-ano-de-ingenieria-uach-iniciaran-aula-virtual-cero","status":"publish","type":"post","link":"https:\/\/www.acusticauach.cl\/?p=13324","title":{"rendered":"Estudiantes de primer a\u00f1o de Ingenier\u00eda UACh iniciar\u00e1n \u201cAula Virtual Cero\u201d"},"content":{"rendered":"\n<p><strong>A &nbsp;partir &nbsp;del lunes 6 y hasta el 17 de\nabril la Facultad de Ciencias de la Ingenier\u00eda de la Universidad Austral de\nChile, (FCI-UACh) llevar\u00e1 a cabo el \u201cAula Virtual Cero\u201d dirigida a estudiantes\nde la promoci\u00f3n 2020<\/strong><\/p>\n\n\n\n<p><em>Escrito por PrensaFCI<\/em><\/p>\n\n\n\n<div class=\"wp-block-image\"><figure class=\"aligncenter\"><a href=\"https:\/\/www.acusticauach.cl\/wp-content\/uploads\/2020\/04\/Aula_Cero_noticia2-8e1f5735.png\"><img decoding=\"async\" width=\"900\" height=\"600\" src=\"https:\/\/www.acusticauach.cl\/wp-content\/uploads\/2020\/04\/Aula_Cero_noticia2-8e1f5735.png\" alt=\"\" class=\"wp-image-13325\" srcset=\"https:\/\/www.acusticauach.cl\/wp-content\/uploads\/2020\/04\/Aula_Cero_noticia2-8e1f5735.png 900w, https:\/\/www.acusticauach.cl\/wp-content\/uploads\/2020\/04\/Aula_Cero_noticia2-8e1f5735-300x200.png 300w, https:\/\/www.acusticauach.cl\/wp-content\/uploads\/2020\/04\/Aula_Cero_noticia2-8e1f5735-768x512.png 768w, https:\/\/www.acusticauach.cl\/wp-content\/uploads\/2020\/04\/Aula_Cero_noticia2-8e1f5735-125x83.png 125w, https:\/\/www.acusticauach.cl\/wp-content\/uploads\/2020\/04\/Aula_Cero_noticia2-8e1f5735-75x50.png 75w\" sizes=\"(max-width: 900px) 100vw, 900px\" \/><\/a><\/figure><\/div>\n\n\n\n<p>Se trata de actividades de inducci\u00f3n on line que se\nllevar\u00e1n a cabo a trav\u00e9s de la plataforma zoom y que se han organizado en\ndiferentes &nbsp;horarios para las carreras de Ingenier\u00eda Civil Ac\u00fastica,\nIngenier\u00eda Civil Electr\u00f3nica, Ingenier\u00eda Civil en Inform\u00e1tica, Ingenier\u00eda Civil\nMec\u00e1nica, Ingenier\u00eda Civil en Obras Civiles, Ingenier\u00eda Civil Industrial,\nIngenier\u00eda en Construcci\u00f3n, Ingenier\u00eda Naval y Bachillerato en Cs. de la\nIngenier\u00eda del Campus Miraflores.<\/p>\n\n\n\n<p>Las actividades programadas son m\u00f3dulos de\nintroducci\u00f3n a contenidos de<strong>&nbsp;matem\u00e1ticas, comunicaci\u00f3n de idioma\ningl\u00e9s, comunicaci\u00f3n de idioma espa\u00f1ol, materias que son parte del plan de\nestudios de primer a\u00f1o y, &nbsp;a ello se suman m\u00f3dulos sobre\n&nbsp;emprendimiento en ingenier\u00eda.<\/strong><\/p>\n\n\n\n<p>El programa comienza el lunes 6 de abril a las 9:00\nhrs., donde estudiantes de cada carrera recibir\u00e1n la bienvenida &nbsp;a cargo\nde su director o directora de escuela. El mismo d\u00eda lunes los estudiantes se\ndividir\u00e1n en 2 grupos para participar del m\u00f3dulo \u201cAtr\u00e9vete a emprender\u201d.<\/p>\n\n\n\n<p>La Prodecana de la FCI UACh &nbsp;Dra. Diana\nMovilla, hizo un llamado a los y las estudiantes de primer a\u00f1o a informarse a\ntrav\u00e9s del correo institucional sobre el calendario de d\u00edas y horas en que se\nllevar\u00e1 a cabo cada m\u00f3dulo, informaci\u00f3n que cada director de escuela ha estado\ncomunicando por ese medio.<\/p>\n\n\n\n<p>Es importantes resaltar que estas actividades est\u00e1n\ndise\u00f1adas con el fin de que los nuevos estudiantes tengan una introducci\u00f3n\ngeneral a los contenidos que cursar\u00e1n durante el presente a\u00f1o.<\/p>\n\n\n\n<p><strong>Asimismo, se han incorporado m\u00f3dulos sobre\nemprendimiento en ingenier\u00eda, con el fin de que los y las estudiantes conozcan\nel trabajo en materia de innovaci\u00f3n y emprendimiento que ha estado\ndesarrollando el Laboratorio de Innovaci\u00f3n Tecnol\u00f3gica Leuf\u00fcLab de la FCI para\ncombatir el COVID-19, lo que permite demostrar que desde la ingenier\u00eda se puede\naportar con soluciones a distintas problem\u00e1ticas que afectan al mundo.<\/strong><\/p>\n\n\n\n<p>Asimismo record\u00f3 que mientras la contingencia no\npermita las clases presenciales, todas las actividades lectivas se realizar\u00e1n\nde modo on line y que es fundamental mantener la comunicaci\u00f3n con sus\nrespectivas escuelas.<\/p>\n\n\n\n<p>Cabe mencionar que el Aula Virtual Cero, estar\u00e1 a\ncargo de docentes del Centro de Docencia en Ciencias B\u00e1sicas para Ingenier\u00eda en\nel \u00e1rea de matem\u00e1ticas, y docentes del Centro de Idiomas de la Facultad de\nFilosof\u00eda y Humanidades; mientras que los contenidos sobre emprendimiento ser\u00e1n\nimpartidos por profesionales de la oficina de innovaci\u00f3n y emprendimiento de la\nFacultad de Ciencias de la Ingenier\u00eda.<\/p>\n","protected":false},"excerpt":{"rendered":"<p>A &nbsp;partir &nbsp;del lunes 6 y hasta el 17 de abril la Facultad de Ciencias de la Ingenier\u00eda de la Universidad Austral de Chile, (FCI-UACh) llevar\u00e1 a cabo el \u201cAula Virtual Cero\u201d dirigida a estudiantes de la promoci\u00f3n 2020 Escrito por PrensaFCI Se trata de actividades de inducci\u00f3n on line que se llevar\u00e1n a cabo [&hellip;]<\/p>\n","protected":false},"author":2,"featured_media":13327,"comment_status":"closed","ping_status":"closed","sticky":false,"template":"","format":"standard","meta":{"footnotes":""},"categories":[906],"tags":[944,37,459,294,950],"class_list":["post-13324","post","type-post","status-publish","format-standard","has-post-thumbnail","hentry","category-pregrado","tag-944","tag-estudiantes","tag-facultad-de-ciencias-de-la-ingenieria","tag-nuevos","tag-promocion2020"],"_links":{"self":[{"href":"https:\/\/www.acusticauach.cl\/index.php?rest_route=\/wp\/v2\/posts\/13324","targetHints":{"allow":["GET"]}}],"collection":[{"href":"https:\/\/www.acusticauach.cl\/index.php?rest_route=\/wp\/v2\/posts"}],"about":[{"href":"https:\/\/www.acusticauach.cl\/index.php?rest_route=\/wp\/v2\/types\/post"}],"author":[{"embeddable":true,"href":"https:\/\/www.acusticauach.cl\/index.php?rest_route=\/wp\/v2\/users\/2"}],"replies":[{"embeddable":true,"href":"https:\/\/www.acusticauach.cl\/index.php?rest_route=%2Fwp%2Fv2%2Fcomments&post=13324"}],"version-history":[{"count":0,"href":"https:\/\/www.acusticauach.cl\/index.php?rest_route=\/wp\/v2\/posts\/13324\/revisions"}],"wp:featuredmedia":[{"embeddable":true,"href":"https:\/\/www.acusticauach.cl\/index.php?rest_route=\/wp\/v2\/media\/13327"}],"wp:attachment":[{"href":"https:\/\/www.acusticauach.cl\/index.php?rest_route=%2Fwp%2Fv2%2Fmedia&parent=13324"}],"wp:term":[{"taxonomy":"category","embeddable":true,"href":"https:\/\/www.acusticauach.cl\/index.php?rest_route=%2Fwp%2Fv2%2Fcategories&post=13324"},{"taxonomy":"post_tag","embeddable":true,"href":"https:\/\/www.acusticauach.cl\/index.php?rest_route=%2Fwp%2Fv2%2Ftags&post=13324"}],"curies":[{"name":"wp","href":"https:\/\/api.w.org\/{rel}","templated":true}]}}