{"id":13281,"date":"2020-03-25T12:47:18","date_gmt":"2020-03-25T15:47:18","guid":{"rendered":"http:\/\/www.acusticauach.cl\/?p=13281"},"modified":"2020-03-27T18:25:17","modified_gmt":"2020-03-27T21:25:17","slug":"actividades-no-presenciales-para-nuevos-estudiantes-2020","status":"publish","type":"post","link":"https:\/\/www.acusticauach.cl\/?p=13281","title":{"rendered":"Actividades no presenciales para nuevos estudiantes 2020"},"content":{"rendered":"\n<p><strong>La Universidad Austral de Chile da la bienvenida a los nuevos estudiantes ingreso 2020 por medio de una serie de actividades virtuales a partir del 25 de marzo de 2020.<\/strong><\/p>\n\n\n\n<div class=\"wp-block-image\"><figure class=\"aligncenter\"><img decoding=\"async\" width=\"1024\" height=\"775\" src=\"https:\/\/www.acusticauach.cl\/wp-content\/uploads\/2020\/03\/rector-UACh-18dic2018-1024x775.jpg\" alt=\"\" class=\"wp-image-13284\" srcset=\"https:\/\/www.acusticauach.cl\/wp-content\/uploads\/2020\/03\/rector-UACh-18dic2018-1024x775.jpg 1024w, https:\/\/www.acusticauach.cl\/wp-content\/uploads\/2020\/03\/rector-UACh-18dic2018-300x227.jpg 300w, https:\/\/www.acusticauach.cl\/wp-content\/uploads\/2020\/03\/rector-UACh-18dic2018-768x581.jpg 768w, https:\/\/www.acusticauach.cl\/wp-content\/uploads\/2020\/03\/rector-UACh-18dic2018-125x95.jpg 125w, https:\/\/www.acusticauach.cl\/wp-content\/uploads\/2020\/03\/rector-UACh-18dic2018-75x57.jpg 75w, https:\/\/www.acusticauach.cl\/wp-content\/uploads\/2020\/03\/rector-UACh-18dic2018.jpg 1334w\" sizes=\"(max-width: 1024px) 100vw, 1024px\" \/><figcaption>Dr. Oscar Galindo, Rector Universidad Austral de Chile, Valdivia.<\/figcaption><\/figure><\/div>\n\n\n\n<p>En su discurso de bienvenia, el Rector de la UACh Dr. \u00d3scar galindo destaca:<\/p>\n\n\n\n<blockquote class=\"wp-block-quote is-layout-flow wp-block-quote-is-layout-flow\"><p> Te invitamos a prepararte para el inicio de un a\u00f1o acad\u00e9mico no presencial. Para ello hemos dispuesto las mejores herramientas digitales para que tus profesoras y profesores puedan impartir adecuadamente sus clases. Con esta finalidad es muy importante que respondas las consultas y encuestas que haremos en los pr\u00f3ximos d\u00edas, para saber si podemos comunicarnos con facilidad.<\/p><cite>Rector Universidad Austral de Chile, Dr.  \u00d3scar Galindo V. <\/cite><\/blockquote>\n\n\n\n<p>Para m\u00e1s informaci\u00f3n, te invitamos a visitar la web de bienvenida en<a href=\"https:\/\/bienvenida.uach.cl\/\"> https:\/\/bienvenida.uach.cl\/<\/a><\/p>\n\n\n\n<div class=\"wp-block-image\"><figure class=\"aligncenter\"><img decoding=\"async\" width=\"800\" height=\"450\" src=\"https:\/\/www.acusticauach.cl\/wp-content\/uploads\/2020\/03\/bienvenida2020b.jpg\" alt=\"\" class=\"wp-image-13286\" srcset=\"https:\/\/www.acusticauach.cl\/wp-content\/uploads\/2020\/03\/bienvenida2020b.jpg 800w, https:\/\/www.acusticauach.cl\/wp-content\/uploads\/2020\/03\/bienvenida2020b-300x169.jpg 300w, https:\/\/www.acusticauach.cl\/wp-content\/uploads\/2020\/03\/bienvenida2020b-768x432.jpg 768w, https:\/\/www.acusticauach.cl\/wp-content\/uploads\/2020\/03\/bienvenida2020b-125x70.jpg 125w, https:\/\/www.acusticauach.cl\/wp-content\/uploads\/2020\/03\/bienvenida2020b-75x42.jpg 75w\" sizes=\"(max-width: 800px) 100vw, 800px\" \/><figcaption> <a href=\"https:\/\/bienvenida.uach.cl\/\">https:\/\/bienvenida.uach.cl\/<\/a> <\/figcaption><\/figure><\/div>\n","protected":false},"excerpt":{"rendered":"<p>La Universidad Austral de Chile da la bienvenida a los nuevos estudiantes ingreso 2020 por medio de una serie de actividades virtuales a partir del 25 de marzo de 2020. En su discurso de bienvenia, el Rector de la UACh Dr. \u00d3scar galindo destaca: Te invitamos a prepararte para el inicio de un a\u00f1o acad\u00e9mico [&hellip;]<\/p>\n","protected":false},"author":2,"featured_media":13282,"comment_status":"closed","ping_status":"closed","sticky":false,"template":"","format":"standard","meta":{"footnotes":""},"categories":[906],"tags":[944,230,37,533,231],"class_list":["post-13281","post","type-post","status-publish","format-standard","has-post-thumbnail","hentry","category-pregrado","tag-944","tag-bienvenida","tag-estudiantes","tag-ingenieria-civil-acustica","tag-mechones"],"_links":{"self":[{"href":"https:\/\/www.acusticauach.cl\/index.php?rest_route=\/wp\/v2\/posts\/13281","targetHints":{"allow":["GET"]}}],"collection":[{"href":"https:\/\/www.acusticauach.cl\/index.php?rest_route=\/wp\/v2\/posts"}],"about":[{"href":"https:\/\/www.acusticauach.cl\/index.php?rest_route=\/wp\/v2\/types\/post"}],"author":[{"embeddable":true,"href":"https:\/\/www.acusticauach.cl\/index.php?rest_route=\/wp\/v2\/users\/2"}],"replies":[{"embeddable":true,"href":"https:\/\/www.acusticauach.cl\/index.php?rest_route=%2Fwp%2Fv2%2Fcomments&post=13281"}],"version-history":[{"count":0,"href":"https:\/\/www.acusticauach.cl\/index.php?rest_route=\/wp\/v2\/posts\/13281\/revisions"}],"wp:featuredmedia":[{"embeddable":true,"href":"https:\/\/www.acusticauach.cl\/index.php?rest_route=\/wp\/v2\/media\/13282"}],"wp:attachment":[{"href":"https:\/\/www.acusticauach.cl\/index.php?rest_route=%2Fwp%2Fv2%2Fmedia&parent=13281"}],"wp:term":[{"taxonomy":"category","embeddable":true,"href":"https:\/\/www.acusticauach.cl\/index.php?rest_route=%2Fwp%2Fv2%2Fcategories&post=13281"},{"taxonomy":"post_tag","embeddable":true,"href":"https:\/\/www.acusticauach.cl\/index.php?rest_route=%2Fwp%2Fv2%2Ftags&post=13281"}],"curies":[{"name":"wp","href":"https:\/\/api.w.org\/{rel}","templated":true}]}}