{"id":13230,"date":"2020-01-22T19:32:51","date_gmt":"2020-01-22T22:32:51","guid":{"rendered":"http:\/\/www.acusticauach.cl\/?p=13230"},"modified":"2020-01-22T19:36:03","modified_gmt":"2020-01-22T22:36:03","slug":"8636-3-4-3-2-3-2-2-2","status":"publish","type":"post","link":"https:\/\/www.acusticauach.cl\/?p=13230","title":{"rendered":"Diario Austral: \u00abLatitud 53\u00bb y registros de plazas reciben recursos del Fondo de la M\u00fasica."},"content":{"rendered":"\n<h2 class=\"wp-block-heading\"><strong>Diario Austral. Mi\u00e9rcoles 22 de enero de 2020.<\/strong><\/h2>\n\n\n\n<p><strong>Dos acad\u00e9micos de UACh son responsables de iniciativas en el \u00e1rea del paisaje sonoro, en lugares de Chile y el extranjero.<\/strong><\/p>\n\n\n\n<p class=\"has-drop-cap\">Conocer una plaza p\u00fablica, pero desde la audici\u00f3n. Esta es la propuesta de Rodrigo Torres, ingeniero ac\u00fastico que logr\u00f3 recursos del Fondo de la M\u00fasica para \u00abRegistro sonoro y soundlapse\u00bb. <\/p>\n\n\n\n<div class=\"wp-block-image\"><figure class=\"aligncenter\"><a href=\"https:\/\/www.acusticauach.cl\/wp-content\/uploads\/2020\/01\/www.australvaldivia.cl_220120pag19.jpg\" target=\"_blank\" rel=\"noreferrer noopener\"><img decoding=\"async\" width=\"619\" height=\"1024\" src=\"https:\/\/www.acusticauach.cl\/wp-content\/uploads\/2020\/01\/www.australvaldivia.cl_220120pag19-619x1024.jpg\" alt=\"\" class=\"wp-image-13231\" srcset=\"https:\/\/www.acusticauach.cl\/wp-content\/uploads\/2020\/01\/www.australvaldivia.cl_220120pag19-619x1024.jpg 619w, https:\/\/www.acusticauach.cl\/wp-content\/uploads\/2020\/01\/www.australvaldivia.cl_220120pag19-181x300.jpg 181w, https:\/\/www.acusticauach.cl\/wp-content\/uploads\/2020\/01\/www.australvaldivia.cl_220120pag19-768x1270.jpg 768w, https:\/\/www.acusticauach.cl\/wp-content\/uploads\/2020\/01\/www.australvaldivia.cl_220120pag19-76x125.jpg 76w, https:\/\/www.acusticauach.cl\/wp-content\/uploads\/2020\/01\/www.australvaldivia.cl_220120pag19-45x75.jpg 45w, https:\/\/www.acusticauach.cl\/wp-content\/uploads\/2020\/01\/www.australvaldivia.cl_220120pag19.jpg 872w\" sizes=\"(max-width: 619px) 100vw, 619px\" \/><\/a><figcaption>Diario Austral de Valdivia, mi\u00e9rcoles 22 de enero de 2020.<\/figcaption><\/figure><\/div>\n\n\n\n<div class=\"wp-block-file\"><a href=\"https:\/\/www.acusticauach.cl\/wp-content\/uploads\/2020\/01\/www.australvaldivia.cl462220120pag19-1440-effb0c.jpg\">[www.australvaldivia.cl][462]220120pag19-1440-effb0c<\/a><a href=\"https:\/\/www.acusticauach.cl\/wp-content\/uploads\/2020\/01\/www.australvaldivia.cl462220120pag19-1440-effb0c.jpg\" class=\"wp-block-file__button\" download>Descarga<\/a><\/div>\n\n\n\n<p>Ver noticia en Diario Austral:   <a href=\"https:\/\/www.australvaldivia.cl\/impresa\/2020\/01\/22\/full\/cuerpo-principal\/19\/\" target=\"_blank\" rel=\"noreferrer noopener\" aria-label=\" (abre en una nueva pesta\u00f1a)\">https:\/\/www.australvaldivia.cl\/impresa\/2020\/01\/22\/full\/cuerpo-principal\/19\/<\/a> <\/p>\n\n\n\n<p><\/p>\n","protected":false},"excerpt":{"rendered":"<p>Diario Austral. Mi\u00e9rcoles 22 de enero de 2020. Dos acad\u00e9micos de UACh son responsables de iniciativas en el \u00e1rea del paisaje sonoro, en lugares de Chile y el extranjero. Conocer una plaza p\u00fablica, pero desde la audici\u00f3n. Esta es la propuesta de Rodrigo Torres, ingeniero ac\u00fastico que logr\u00f3 recursos del Fondo de la M\u00fasica para [&hellip;]<\/p>\n","protected":false},"author":2,"featured_media":13234,"comment_status":"closed","ping_status":"closed","sticky":false,"template":"","format":"standard","meta":{"footnotes":""},"categories":[102],"tags":[106,560,589,809,166,886,939,186],"class_list":["post-13230","post","type-post","status-publish","format-standard","has-post-thumbnail","hentry","category-acusticauach_medios","tag-diario","tag-diario-austral","tag-humedales","tag-mestre","tag-proyecto","tag-rodrigotorres","tag-timelapse","tag-torres"],"_links":{"self":[{"href":"https:\/\/www.acusticauach.cl\/index.php?rest_route=\/wp\/v2\/posts\/13230","targetHints":{"allow":["GET"]}}],"collection":[{"href":"https:\/\/www.acusticauach.cl\/index.php?rest_route=\/wp\/v2\/posts"}],"about":[{"href":"https:\/\/www.acusticauach.cl\/index.php?rest_route=\/wp\/v2\/types\/post"}],"author":[{"embeddable":true,"href":"https:\/\/www.acusticauach.cl\/index.php?rest_route=\/wp\/v2\/users\/2"}],"replies":[{"embeddable":true,"href":"https:\/\/www.acusticauach.cl\/index.php?rest_route=%2Fwp%2Fv2%2Fcomments&post=13230"}],"version-history":[{"count":0,"href":"https:\/\/www.acusticauach.cl\/index.php?rest_route=\/wp\/v2\/posts\/13230\/revisions"}],"wp:featuredmedia":[{"embeddable":true,"href":"https:\/\/www.acusticauach.cl\/index.php?rest_route=\/wp\/v2\/media\/13234"}],"wp:attachment":[{"href":"https:\/\/www.acusticauach.cl\/index.php?rest_route=%2Fwp%2Fv2%2Fmedia&parent=13230"}],"wp:term":[{"taxonomy":"category","embeddable":true,"href":"https:\/\/www.acusticauach.cl\/index.php?rest_route=%2Fwp%2Fv2%2Fcategories&post=13230"},{"taxonomy":"post_tag","embeddable":true,"href":"https:\/\/www.acusticauach.cl\/index.php?rest_route=%2Fwp%2Fv2%2Ftags&post=13230"}],"curies":[{"name":"wp","href":"https:\/\/api.w.org\/{rel}","templated":true}]}}