{"id":13142,"date":"2019-12-24T12:52:11","date_gmt":"2019-12-24T15:52:11","guid":{"rendered":"http:\/\/www.acusticauach.cl\/?p=13142"},"modified":"2019-12-24T12:55:05","modified_gmt":"2019-12-24T15:55:05","slug":"jornada-de-metodos-numericos-reune-a-academicos-y-estudiantes-de-la-fci-uach","status":"publish","type":"post","link":"https:\/\/www.acusticauach.cl\/?p=13142","title":{"rendered":"Jornada de M\u00e9todos Num\u00e9ricos re\u00fane a acad\u00e9micos y estudiantes de la FCI UACh"},"content":{"rendered":"\n<p><strong>Actividad busc\u00f3 fortalecer el trabajo en equipo y\nla cooperaci\u00f3n entre miembros de los distintos Centros e Institutos de la\nFacultad de Ciencias de la Ingenier\u00eda, a trav\u00e9s de la difusi\u00f3n interna de los\ndistintos saberes en el \u00e1rea de m\u00e9todos num\u00e9ricos aplicados a la ingenier\u00eda.<\/strong><\/p>\n\n\n\n<p><em>Escrito por PrensaFCI<\/em><\/p>\n\n\n\n<p>Reflexionar en torno a la&nbsp;<strong>aplicaci\u00f3n de\nm\u00e9todos num\u00e9ricos en actividades de docencia, investigaci\u00f3n y vinculaci\u00f3n en el\n\u00e1rea de ingenier\u00eda<\/strong>, fue el principal objetivo de la&nbsp;<strong>Primera Jornada\nde M\u00e9todos Num\u00e9ricos en Ingenier\u00eda MNI I<\/strong>, realizada recientemente en la\nFacultad de Ciencias de la Ingenier\u00eda de la Universidad Austral de Chile.<\/p>\n\n\n\n<p>La actividad, que se desarroll\u00f3 este viernes 20 de\ndiciembre en el auditorio del Pabell\u00f3n Docente del Campus Miraflores,\nestuvo&nbsp;<strong>dirigida a acad\u00e9micos y estudiantes y fue coordinada por el Dr.\nRodolfo Venegas y el Dr. Armando Blanco, acad\u00e9micos del Instituto de Ac\u00fastica y\ndel Instituto de Materiales y Procesos Termomec\u00e1nicos<\/strong>, respectivamente.<\/p>\n\n\n\n<div class=\"wp-block-image\"><figure class=\"aligncenter\"><img decoding=\"async\" width=\"800\" height=\"450\" src=\"https:\/\/www.acusticauach.cl\/wp-content\/uploads\/2019\/12\/Jornadas_MNI_03.jpeg\" alt=\"\" class=\"wp-image-13144\" srcset=\"https:\/\/www.acusticauach.cl\/wp-content\/uploads\/2019\/12\/Jornadas_MNI_03.jpeg 800w, https:\/\/www.acusticauach.cl\/wp-content\/uploads\/2019\/12\/Jornadas_MNI_03-300x169.jpeg 300w, https:\/\/www.acusticauach.cl\/wp-content\/uploads\/2019\/12\/Jornadas_MNI_03-768x432.jpeg 768w, https:\/\/www.acusticauach.cl\/wp-content\/uploads\/2019\/12\/Jornadas_MNI_03-125x70.jpeg 125w, https:\/\/www.acusticauach.cl\/wp-content\/uploads\/2019\/12\/Jornadas_MNI_03-75x42.jpeg 75w\" sizes=\"(max-width: 800px) 100vw, 800px\" \/><figcaption>Jornada\u00a0M\u00e9todos Num\u00e9ricos en Ingenier\u00eda \u2013 MNI I 2019<\/figcaption><\/figure><\/div>\n\n\n\n<p>Seg\u00fan explic\u00f3 el&nbsp;<strong>Dr. Armando Blanco<\/strong>, la\nidea de realizar esta actividad en conjunto \u201csurge por la&nbsp;<strong>necesidad de\npropiciar la interacci\u00f3n y potencial colaboraci\u00f3n entre los acad\u00e9micos y\ndocentes<\/strong>&nbsp;de la Facultad de Ciencias de la Ingenier\u00eda, as\u00ed como con\nestudiantes y otros interesados en la aplicaci\u00f3n de m\u00e9todos num\u00e9ricos en\nactividades de docencia, investigaci\u00f3n y vinculaci\u00f3n en el \u00e1rea de ingenier\u00eda\u201d.<\/p>\n\n\n\n<p>El acad\u00e9mico precis\u00f3 que \u201cdicha necesidad fue\nidentificada por un grupo de Acad\u00e9micos de la FCI que se ha venido reuniendo\ncon el fin de discutir sobre programas computacionales que se utilizan en\ndiversas \u00e1reas de la Ingenier\u00eda y que son cada d\u00eda m\u00e1s relevantes para los\nprofesionales de la ingenier\u00eda. En las reuniones se ha identificado, en funci\u00f3n\nde las necesidades espec\u00edficas de cada Instituto y Centro, algunos&nbsp;<strong>softwares\nde inter\u00e9s com\u00fan y cuyo uso en el dictado de nuestras asignaturas, realizaci\u00f3n\nde trabajos de grado (pregrado y postgrado), y en actividades de investigaci\u00f3n<\/strong>&nbsp;ser\u00eda\naltamente deseable\u201d.<\/p>\n\n\n\n<div class=\"wp-block-image\"><figure class=\"aligncenter\"><img decoding=\"async\" width=\"800\" height=\"450\" src=\"https:\/\/www.acusticauach.cl\/wp-content\/uploads\/2019\/12\/Jornadas_MNI_02.jpeg\" alt=\"\" class=\"wp-image-13145\" srcset=\"https:\/\/www.acusticauach.cl\/wp-content\/uploads\/2019\/12\/Jornadas_MNI_02.jpeg 800w, https:\/\/www.acusticauach.cl\/wp-content\/uploads\/2019\/12\/Jornadas_MNI_02-300x169.jpeg 300w, https:\/\/www.acusticauach.cl\/wp-content\/uploads\/2019\/12\/Jornadas_MNI_02-768x432.jpeg 768w, https:\/\/www.acusticauach.cl\/wp-content\/uploads\/2019\/12\/Jornadas_MNI_02-125x70.jpeg 125w, https:\/\/www.acusticauach.cl\/wp-content\/uploads\/2019\/12\/Jornadas_MNI_02-75x42.jpeg 75w\" sizes=\"(max-width: 800px) 100vw, 800px\" \/><figcaption> Jornada\u00a0M\u00e9todos Num\u00e9ricos en Ingenier\u00eda \u2013 MNI I 2019 <\/figcaption><\/figure><\/div>\n\n\n\n<p>Finalmente, el\u00a0<strong>Dr. Blanco<\/strong>, destac\u00f3 que durante la jornada se trataron temas \u201cque van desde aplicaciones en docencia del uso de software especializado en c\u00e1lculo num\u00e9rico en general (MATLAB y Octave), as\u00ed como la aplicaci\u00f3n de m\u00e9todos num\u00e9ricos y el uso de software con aplicaciones espec\u00edficas (ANSYS, CREO, Comsol, etc.) en Ingenier\u00eda Ac\u00fastica, Ingenier\u00eda Naval, Ingenier\u00eda Mec\u00e1nica, Ingenier\u00eda Civil y Construcci\u00f3n. As\u00ed mismo, se trat\u00f3 el apalancamiento de la innovaci\u00f3n en nuestra regi\u00f3n y las posibilidades que se abren al disponer de hardware de alta eficiencia en el Instituto de Inform\u00e1tica de nuestra Facultad\u201d.<\/p>\n\n\n\n<div class=\"wp-block-image\"><figure class=\"aligncenter\"><img decoding=\"async\" width=\"589\" height=\"589\" src=\"https:\/\/www.acusticauach.cl\/wp-content\/uploads\/2019\/12\/MNI.jpg\" alt=\"\" class=\"wp-image-13086\" srcset=\"https:\/\/www.acusticauach.cl\/wp-content\/uploads\/2019\/12\/MNI.jpg 589w, https:\/\/www.acusticauach.cl\/wp-content\/uploads\/2019\/12\/MNI-150x150.jpg 150w, https:\/\/www.acusticauach.cl\/wp-content\/uploads\/2019\/12\/MNI-300x300.jpg 300w, https:\/\/www.acusticauach.cl\/wp-content\/uploads\/2019\/12\/MNI-125x125.jpg 125w, https:\/\/www.acusticauach.cl\/wp-content\/uploads\/2019\/12\/MNI-75x75.jpg 75w, https:\/\/www.acusticauach.cl\/wp-content\/uploads\/2019\/12\/MNI-540x540.jpg 540w\" sizes=\"(max-width: 589px) 100vw, 589px\" \/><\/figure><\/div>\n","protected":false},"excerpt":{"rendered":"<p>Actividad busc\u00f3 fortalecer el trabajo en equipo y la cooperaci\u00f3n entre miembros de los distintos Centros e Institutos de la Facultad de Ciencias de la Ingenier\u00eda, a trav\u00e9s de la difusi\u00f3n interna de los distintos saberes en el \u00e1rea de m\u00e9todos num\u00e9ricos aplicados a la ingenier\u00eda. Escrito por PrensaFCI Reflexionar en torno a la&nbsp;aplicaci\u00f3n de [&hellip;]<\/p>\n","protected":false},"author":2,"featured_media":13143,"comment_status":"closed","ping_status":"closed","sticky":false,"template":"","format":"standard","meta":{"footnotes":""},"categories":[906],"tags":[113,372,110,707,206,859,945,748],"class_list":["post-13142","post","type-post","status-publish","format-standard","has-post-thumbnail","hentry","category-pregrado","tag-acustica","tag-fci","tag-ingenieria","tag-ingenieria-acustica","tag-jornadas","tag-matematicas","tag-numericos","tag-venegas"],"_links":{"self":[{"href":"https:\/\/www.acusticauach.cl\/index.php?rest_route=\/wp\/v2\/posts\/13142","targetHints":{"allow":["GET"]}}],"collection":[{"href":"https:\/\/www.acusticauach.cl\/index.php?rest_route=\/wp\/v2\/posts"}],"about":[{"href":"https:\/\/www.acusticauach.cl\/index.php?rest_route=\/wp\/v2\/types\/post"}],"author":[{"embeddable":true,"href":"https:\/\/www.acusticauach.cl\/index.php?rest_route=\/wp\/v2\/users\/2"}],"replies":[{"embeddable":true,"href":"https:\/\/www.acusticauach.cl\/index.php?rest_route=%2Fwp%2Fv2%2Fcomments&post=13142"}],"version-history":[{"count":0,"href":"https:\/\/www.acusticauach.cl\/index.php?rest_route=\/wp\/v2\/posts\/13142\/revisions"}],"wp:featuredmedia":[{"embeddable":true,"href":"https:\/\/www.acusticauach.cl\/index.php?rest_route=\/wp\/v2\/media\/13143"}],"wp:attachment":[{"href":"https:\/\/www.acusticauach.cl\/index.php?rest_route=%2Fwp%2Fv2%2Fmedia&parent=13142"}],"wp:term":[{"taxonomy":"category","embeddable":true,"href":"https:\/\/www.acusticauach.cl\/index.php?rest_route=%2Fwp%2Fv2%2Fcategories&post=13142"},{"taxonomy":"post_tag","embeddable":true,"href":"https:\/\/www.acusticauach.cl\/index.php?rest_route=%2Fwp%2Fv2%2Ftags&post=13142"}],"curies":[{"name":"wp","href":"https:\/\/api.w.org\/{rel}","templated":true}]}}