{"id":13108,"date":"2019-12-18T20:35:07","date_gmt":"2019-12-18T23:35:07","guid":{"rendered":"http:\/\/www.acusticauach.cl\/?p=13108"},"modified":"2019-12-27T19:58:07","modified_gmt":"2019-12-27T22:58:07","slug":"concurso-bandas-escolares-de-acustica-uach-ya-tiene-sus-finalistas","status":"publish","type":"post","link":"https:\/\/www.acusticauach.cl\/?p=13108","title":{"rendered":"Concurso Bandas Escolares de Acustica UACh 2019 ya tiene sus finalistas"},"content":{"rendered":"\n<p>10 Bandas Escolares son las finalistas del concurso organizado por el Instituto de Ac\u00fastica de la Universidad Austral de Chile. <\/p>\n\n\n\n<p>Un\njurado con amplia experiencia en producci\u00f3n musical y grabaci\u00f3n ser\u00e1 el\nencargado de decidir que banda llegar\u00e1 al primer lugar del concurso en su\nnovena versi\u00f3n. <\/p>\n\n\n\n<p>Durante el proceso de elecci\u00f3n el jurado deber\u00e1 elegir las tres mejores bandas de las finalistas, mientras que los resultados ser\u00e1n dados a conocer el lunes 30 de diciembre en la web <a href=\"https:\/\/www.acusticauach.cl\/\">www.acusticauach.cl<\/a>.<br> <br> \u201cPresentar una composici\u00f3n original representa, justamente el esp\u00edritu creador y art\u00edstico que siempre nos complace apoyar, como organizadores estamos satisfechos del nivel de las bandas participantes\u201d, indic\u00f3 Jorge C\u00e1rdenas, Director del Instituto de Ac\u00fastica.<\/p>\n\n\n\n<p>  <strong>Las bandas finalistas son:<\/strong> <\/p>\n\n\n\n<ul class=\"wp-block-list\"><li>\u201cSEN-LUP\u201d&nbsp; (Liceo Santa Cruz de Larqui) de Bulnes.<\/li><li>\u201c4:10\u201d (Colegio el Bosque) de Puente Alto<\/li><li>\u201cLos Eduardos\u00bb (Colegio Alem\u00e1n S.T. Morus) de Providencia<\/li><li>\u201cCENTELLA\u201d (Colegio Internacional Alba) de Maip\u00fa<\/li><li>\u201cDESCONEXION\u201d (Liceo 1 Javiera Carrera) de Santiago<\/li><li>\u201cLOS DISTENDIDOS\u201d (Instituto Gracia y Paz) de Valdivia<\/li><li>\u201cDISTORSION\u201d (Jos\u00e9 Abelardo Nu\u00f1ez) de Huechuraba<\/li><li>\u201cLOS IMPOSTORES\u201d (Colegio Preciosa) de Purranque<\/li><li>\u201cQUIMERICO\u201d (Colegio Pedro de Valdivia Agustinas) de Santiago<\/li><li>\u201cROCKN&#8217;CHILE\u201d (Colegio El Tabo) de El Tabo<\/li><\/ul>\n\n\n\n<p>&nbsp;<strong>Premios<\/strong><\/p>\n\n\n\n<p><strong>El\nprimer lugar,<\/strong> dar\u00e1 la oportunidad para grabar en\nel estudio profesional del Instituto de Ac\u00fastica de la Universidad Austral de\nChile, el total de horas de estudio para 2 canciones originales. <\/p>\n\n\n\n<p>En\ncaso que la banda no resida en Valdivia, el premio incluir\u00e1 el traslado desde\nla ciudad de origen a Valdivia, adem\u00e1s de alojamiento para los integrantes de\nla banda, seg\u00fan bases previamente publicadas. <\/p>\n\n\n\n<p>En tanto, e<strong>l segundo lugar <\/strong>recibir\u00e1 como premio, el software ProTools Avid con Licencia Perpetua, (<a rel=\"noreferrer noopener\" aria-label=\"https:\/\/www.mediatekis.cl\/protools-licencia-perpetua.html (abre en una nueva pesta\u00f1a)\" href=\"https:\/\/www.mediatekis.cl\/protools-licencia-perpetua.html\" target=\"_blank\">https:\/\/www.mediatekis.cl\/protools-licencia-perpetua.html<\/a> link de Octubre 2019), gentileza de VGL. <\/p>\n\n\n\n<p>Finalmente,\n<strong>el tercer lugar <\/strong>recibir\u00e1 como premio una interfaz de audio Tascam US1X2,\ngentileza de CROMA Ltda.<\/p>\n\n\n\n<p><strong>Composici\u00f3n\njurado <\/strong><\/p>\n\n\n\n<p>El jurado estar\u00e1 integrado por <strong>Francisco Castro<\/strong> quien ha trabajado como ingeniero en grabaci\u00f3n y mezcla de artistas como Carlos Vives, Jorge Celedon, Fonseca, Sinf\u00f3nica de Colombia, Filarmonica de Colombia, Toto La Momposina, entre otros. Ha estado nominado a Latin Grammys en m\u00e1s de 20 oportunidades y en 4 oportunidades Anglo Grammys. En la actualidad posee 10 Latin Grammys de discos en los que ha tenido la oportunidad de trabajar<\/p>\n\n\n\n<p><strong>Gonzalo \u201cChalo\u201d Gonz\u00e1lez <\/strong>es ingeniero de grabaci\u00f3n y mastering con vasta experiencia en producci\u00f3n musical quien ha trabajado en m\u00e1s de mil grabaciones de discos con artistas tales como Chancho en Piedra, Los Prisioneros, Mama Funk de Los Tetas, Javiera Mena, Gepe, Chico Trujillo, Teleradio Donoso, Francisca Valenzuela, Mon Laferte, entre muchos otros. <\/p>\n\n\n\n<p>Y\npor \u00faltimo, <strong>Jorge C\u00e1rdenas, <\/strong>Director\ndel Instituto de Ac\u00fastica de la Universidad Austral de Chile, quien ha\nrealizado docencia de pregrado en grabaci\u00f3n y refuerzo sonoro. Responsable de\nnumerosas grabaciones y mezclas de producciones musicales de car\u00e1cter regional\ny nacional. <\/p>\n","protected":false},"excerpt":{"rendered":"<p>10 Bandas Escolares son las finalistas del concurso organizado por el Instituto de Ac\u00fastica de la Universidad Austral de Chile. Un jurado con amplia experiencia en producci\u00f3n musical y grabaci\u00f3n ser\u00e1 el encargado de decidir que banda llegar\u00e1 al primer lugar del concurso en su novena versi\u00f3n. Durante el proceso de elecci\u00f3n el jurado deber\u00e1 [&hellip;]<\/p>\n","protected":false},"author":2,"featured_media":5005,"comment_status":"closed","ping_status":"closed","sticky":false,"template":"","format":"standard","meta":{"footnotes":""},"categories":[909],"tags":[828,94,272,200,37,201],"class_list":["post-13108","post","type-post","status-publish","format-standard","has-post-thumbnail","hentry","category-vinculacion","tag-828","tag-concurso","tag-concurso-de-bandas","tag-escolares","tag-estudiantes","tag-jurado"],"_links":{"self":[{"href":"https:\/\/www.acusticauach.cl\/index.php?rest_route=\/wp\/v2\/posts\/13108","targetHints":{"allow":["GET"]}}],"collection":[{"href":"https:\/\/www.acusticauach.cl\/index.php?rest_route=\/wp\/v2\/posts"}],"about":[{"href":"https:\/\/www.acusticauach.cl\/index.php?rest_route=\/wp\/v2\/types\/post"}],"author":[{"embeddable":true,"href":"https:\/\/www.acusticauach.cl\/index.php?rest_route=\/wp\/v2\/users\/2"}],"replies":[{"embeddable":true,"href":"https:\/\/www.acusticauach.cl\/index.php?rest_route=%2Fwp%2Fv2%2Fcomments&post=13108"}],"version-history":[{"count":0,"href":"https:\/\/www.acusticauach.cl\/index.php?rest_route=\/wp\/v2\/posts\/13108\/revisions"}],"wp:featuredmedia":[{"embeddable":true,"href":"https:\/\/www.acusticauach.cl\/index.php?rest_route=\/wp\/v2\/media\/5005"}],"wp:attachment":[{"href":"https:\/\/www.acusticauach.cl\/index.php?rest_route=%2Fwp%2Fv2%2Fmedia&parent=13108"}],"wp:term":[{"taxonomy":"category","embeddable":true,"href":"https:\/\/www.acusticauach.cl\/index.php?rest_route=%2Fwp%2Fv2%2Fcategories&post=13108"},{"taxonomy":"post_tag","embeddable":true,"href":"https:\/\/www.acusticauach.cl\/index.php?rest_route=%2Fwp%2Fv2%2Ftags&post=13108"}],"curies":[{"name":"wp","href":"https:\/\/api.w.org\/{rel}","templated":true}]}}