{"id":13050,"date":"2019-12-05T18:51:55","date_gmt":"2019-12-05T21:51:55","guid":{"rendered":"http:\/\/www.acusticauach.cl\/?p=13050"},"modified":"2019-12-09T17:12:49","modified_gmt":"2019-12-09T20:12:49","slug":"8636-3-4-3-2-3-2","status":"publish","type":"post","link":"https:\/\/www.acusticauach.cl\/?p=13050","title":{"rendered":"Diario El Mercurio: Premio Avonni 2019. Proyectos que est\u00e1n transformando a Chile desde 12 \u00e1reas estrat\u00e9gicas."},"content":{"rendered":"\n<h2 class=\"wp-block-heading\"><strong>Diario El Mercurio &#8211; Innovaci\u00f3n. Jueves 05 de diciembre de 2019.<\/strong><\/h2>\n\n\n\n<p><strong>Avonni Patagonia: Time-Lapse Sonoro de Humedales de Valdivia: Al Arte de Generar Conciencia Medioambiental.<\/strong><\/p>\n\n\n\n<blockquote class=\"wp-block-quote is-layout-flow wp-block-quote-is-layout-flow\"><p>Mis colegas arquitectos ten\u00edan la idea de trabajar con los humedales. Yo conoc\u00eda muy bien esta problem\u00e1tica y, adem\u00e1s, ven\u00eda del mundo art\u00edstico\u00bb<\/p><cite>Doctor en Composici\u00f3n Musical e investigador principal, Felipe Otondo<\/cite><\/blockquote>\n\n\n\n<p>Cada d\u00eda son mayores las exigencias de una sociedad en desarrollo, que demanda soluciones creativas y sustentables ante los crecientes desaf\u00edos vinculados a la ac\u00fastica. En este sentido, el Instituto lidera el desarrollo de la especialidad a trav\u00e9s de proyectos de fondos concursables, investigaci\u00f3n y asistencia t\u00e9cnica. Nuestro trabajo se desenvuelve en colaboraci\u00f3n con universidades latinoamericanas y europeas, en vinculaci\u00f3n con la empresa, y generando nuevo conocimiento e innovaci\u00f3n. M\u00e1s informaci\u00f3n: <a href=\"https:\/\/www.acusticauach.cl\">www.acusticauach.cl<\/a><\/p>\n\n\n\n<div class=\"wp-block-image\"><figure class=\"aligncenter\"><img decoding=\"async\" width=\"731\" height=\"743\" src=\"https:\/\/www.acusticauach.cl\/wp-content\/uploads\/2019\/12\/2019_12_05_Premios_Avonni_01.jpg\" alt=\"\" class=\"wp-image-13054\" srcset=\"https:\/\/www.acusticauach.cl\/wp-content\/uploads\/2019\/12\/2019_12_05_Premios_Avonni_01.jpg 731w, https:\/\/www.acusticauach.cl\/wp-content\/uploads\/2019\/12\/2019_12_05_Premios_Avonni_01-295x300.jpg 295w, https:\/\/www.acusticauach.cl\/wp-content\/uploads\/2019\/12\/2019_12_05_Premios_Avonni_01-123x125.jpg 123w, https:\/\/www.acusticauach.cl\/wp-content\/uploads\/2019\/12\/2019_12_05_Premios_Avonni_01-75x75.jpg 75w\" sizes=\"(max-width: 731px) 100vw, 731px\" \/><\/figure><\/div>\n\n\n\n<div class=\"wp-block-file\"><a href=\"https:\/\/www.acusticauach.cl\/wp-content\/uploads\/2019\/12\/2019_12_05_Premios_Avonni.pdf\">2019_12_05_Premios_Avonni<\/a><a href=\"https:\/\/www.acusticauach.cl\/wp-content\/uploads\/2019\/12\/2019_12_05_Premios_Avonni.pdf\" class=\"wp-block-file__button\" download>Descarga<\/a><\/div>\n\n\n\n<p>Ver noticia en El Mercurio: <a href=\"https:\/\/digital.elmercurio.com\/2019\/12\/05\/ME-I\/BK3NLFM3#zoom=page-width\" target=\"_blank\" rel=\"noreferrer noopener\" aria-label=\"https:\/\/digital.elmercurio.com\/2019\/12\/05\/ME-I\/BK3NLFM3#zoom=page-width (abre en una nueva pesta\u00f1a)\">https:\/\/digital.elmercurio.com\/2019\/12\/05\/ME-I\/BK3NLFM3#zoom=page-width<\/a><\/p>\n\n\n\n<p><\/p>\n","protected":false},"excerpt":{"rendered":"<p>Diario El Mercurio &#8211; Innovaci\u00f3n. Jueves 05 de diciembre de 2019. Avonni Patagonia: Time-Lapse Sonoro de Humedales de Valdivia: Al Arte de Generar Conciencia Medioambiental. Mis colegas arquitectos ten\u00edan la idea de trabajar con los humedales. Yo conoc\u00eda muy bien esta problem\u00e1tica y, adem\u00e1s, ven\u00eda del mundo art\u00edstico\u00bb Doctor en Composici\u00f3n Musical e investigador principal, [&hellip;]<\/p>\n","protected":false},"author":2,"featured_media":13053,"comment_status":"closed","ping_status":"closed","sticky":false,"template":"","format":"standard","meta":{"footnotes":""},"categories":[102],"tags":[940,106,642,589,240,248,197,166,886,73,939,186],"class_list":["post-13050","post","type-post","status-publish","format-standard","has-post-thumbnail","hentry","category-acusticauach_medios","tag-avonni","tag-diario","tag-felipeotondo","tag-humedales","tag-otondo","tag-poblete","tag-premio","tag-proyecto","tag-rodrigotorres","tag-suarez","tag-timelapse","tag-torres"],"_links":{"self":[{"href":"https:\/\/www.acusticauach.cl\/index.php?rest_route=\/wp\/v2\/posts\/13050","targetHints":{"allow":["GET"]}}],"collection":[{"href":"https:\/\/www.acusticauach.cl\/index.php?rest_route=\/wp\/v2\/posts"}],"about":[{"href":"https:\/\/www.acusticauach.cl\/index.php?rest_route=\/wp\/v2\/types\/post"}],"author":[{"embeddable":true,"href":"https:\/\/www.acusticauach.cl\/index.php?rest_route=\/wp\/v2\/users\/2"}],"replies":[{"embeddable":true,"href":"https:\/\/www.acusticauach.cl\/index.php?rest_route=%2Fwp%2Fv2%2Fcomments&post=13050"}],"version-history":[{"count":0,"href":"https:\/\/www.acusticauach.cl\/index.php?rest_route=\/wp\/v2\/posts\/13050\/revisions"}],"wp:featuredmedia":[{"embeddable":true,"href":"https:\/\/www.acusticauach.cl\/index.php?rest_route=\/wp\/v2\/media\/13053"}],"wp:attachment":[{"href":"https:\/\/www.acusticauach.cl\/index.php?rest_route=%2Fwp%2Fv2%2Fmedia&parent=13050"}],"wp:term":[{"taxonomy":"category","embeddable":true,"href":"https:\/\/www.acusticauach.cl\/index.php?rest_route=%2Fwp%2Fv2%2Fcategories&post=13050"},{"taxonomy":"post_tag","embeddable":true,"href":"https:\/\/www.acusticauach.cl\/index.php?rest_route=%2Fwp%2Fv2%2Ftags&post=13050"}],"curies":[{"name":"wp","href":"https:\/\/api.w.org\/{rel}","templated":true}]}}