{"id":12864,"date":"2016-04-19T16:27:31","date_gmt":"2016-04-19T19:27:31","guid":{"rendered":"http:\/\/www.acusticauach.cl\/?p=12864"},"modified":"2019-11-12T11:10:23","modified_gmt":"2019-11-12T14:10:23","slug":"investigacion-en-acustica-ambiental-2-2-2-2-2","status":"publish","type":"post","link":"https:\/\/www.acusticauach.cl\/?p=12864","title":{"rendered":"Universo del Sonido: Feria del Sonido 2016"},"content":{"rendered":"\n<p>Proyecto educativo www.UniversodelSonido.cl.<br>  El jueves 27 de octubre en el Instituto Alem\u00e1n Carlos Anwandter de Valdivia se realiz\u00f3 la Feria del Sonido, actividad piloto del proyecto \u00abUniverso del Sonido\u00bb de AcustcaUACh. M\u00fasica Cristi\u00e1n Barr\u00eda <a href=\"https:\/\/www.youtube.com\/user\/Cristianteddy\">https:\/\/www.youtube.com\/user\/Cristian&#8230;<\/a> <\/p>\n\n\n\n<p><strong><a href=\"http:\/\/www.universodelsonido.cl\/\">M\u00e1s informaci\u00f3n.<\/a><\/strong><\/p>\n","protected":false},"excerpt":{"rendered":"<p>Proyecto educativo www.UniversodelSonido.cl. El jueves 27 de octubre en el Instituto Alem\u00e1n Carlos Anwandter de Valdivia se realiz\u00f3 la Feria del Sonido, actividad piloto del proyecto \u00abUniverso del Sonido\u00bb de AcustcaUACh. M\u00fasica Cristi\u00e1n Barr\u00eda https:\/\/www.youtube.com\/user\/Cristian&#8230; M\u00e1s informaci\u00f3n.<\/p>\n","protected":false},"author":2,"featured_media":12866,"comment_status":"closed","ping_status":"closed","sticky":false,"template":"","format":"video","meta":{"footnotes":""},"categories":[929],"tags":[932,200,37,707,25,567,321],"class_list":["post-12864","post","type-post","status-publish","format-video","has-post-thumbnail","hentry","category-videos","tag-colegios","tag-escolares","tag-estudiantes","tag-ingenieria-acustica","tag-sonido","tag-universodelsonido","tag-vinculacion","post_format-post-format-video"],"_links":{"self":[{"href":"https:\/\/www.acusticauach.cl\/index.php?rest_route=\/wp\/v2\/posts\/12864","targetHints":{"allow":["GET"]}}],"collection":[{"href":"https:\/\/www.acusticauach.cl\/index.php?rest_route=\/wp\/v2\/posts"}],"about":[{"href":"https:\/\/www.acusticauach.cl\/index.php?rest_route=\/wp\/v2\/types\/post"}],"author":[{"embeddable":true,"href":"https:\/\/www.acusticauach.cl\/index.php?rest_route=\/wp\/v2\/users\/2"}],"replies":[{"embeddable":true,"href":"https:\/\/www.acusticauach.cl\/index.php?rest_route=%2Fwp%2Fv2%2Fcomments&post=12864"}],"version-history":[{"count":0,"href":"https:\/\/www.acusticauach.cl\/index.php?rest_route=\/wp\/v2\/posts\/12864\/revisions"}],"wp:featuredmedia":[{"embeddable":true,"href":"https:\/\/www.acusticauach.cl\/index.php?rest_route=\/wp\/v2\/media\/12866"}],"wp:attachment":[{"href":"https:\/\/www.acusticauach.cl\/index.php?rest_route=%2Fwp%2Fv2%2Fmedia&parent=12864"}],"wp:term":[{"taxonomy":"category","embeddable":true,"href":"https:\/\/www.acusticauach.cl\/index.php?rest_route=%2Fwp%2Fv2%2Fcategories&post=12864"},{"taxonomy":"post_tag","embeddable":true,"href":"https:\/\/www.acusticauach.cl\/index.php?rest_route=%2Fwp%2Fv2%2Ftags&post=12864"}],"curies":[{"name":"wp","href":"https:\/\/api.w.org\/{rel}","templated":true}]}}