{"id":12692,"date":"2019-11-07T10:51:17","date_gmt":"2019-11-07T13:51:17","guid":{"rendered":"http:\/\/www.acusticauach.cl\/?p=12692"},"modified":"2019-11-08T17:34:20","modified_gmt":"2019-11-08T20:34:20","slug":"academico-de-acustica-uach-realiza-estudios-de-ruido-submarino-en-magallanes-y-antartica","status":"publish","type":"post","link":"https:\/\/www.acusticauach.cl\/?p=12692","title":{"rendered":"Profesor de Ac\u00fastica UACh realiza estudios de ruido submarino en Magallanes y Ant\u00e1rtica"},"content":{"rendered":"\n<p><strong>\u201cEl desaf\u00edo inmediato ahora, es acordar la mejor metodolog\u00eda para evaluar los efectos del ruido sobre receptores como mam\u00edferos marinos e invertebrados\u201d se\u00f1ala Alfio Yori.<\/strong><\/p>\n\n\n\n<p><em>Escrito por PrensaFCI<\/em><\/p>\n\n\n\n<p>La preocupaci\u00f3n por conocer los niveles de contaminaci\u00f3n ac\u00fastica submarina en decibeles ha ido en aumento en los \u00faltimos a\u00f1os y el Dr. Alfio Yori del Instituto de Ac\u00fastica UACh, ha continuado su investigaci\u00f3n en esta l\u00ednea, realizando medici\u00f3n, evaluaci\u00f3n y registro del ruido submarino antropog\u00e9nico en nuestros oc\u00e9anos.<\/p>\n\n\n\n<p>La contaminaci\u00f3n ac\u00fastica a\u00e9rea y de origen antropog\u00e9nico lleva d\u00e9cadas siendo evaluada a trav\u00e9s de normas y decretos, con el prop\u00f3sito de regular las emisiones de ruido producidas por el ser humano, tanto en ambientes comunitarios como laborales.&nbsp; Todo esto, con el fin de proteger espec\u00edficamente la salud laboral y bienestar de las personas, sin embargo, el impacto del ruido en la fauna marina no hab\u00eda sido considerado.<\/p>\n\n\n\n<p>Hace m\u00e1s de un a\u00f1o el Ministerio del Medio Ambiente (MMA) conform\u00f3 una mesa t\u00e9cnica de trabajo dirigida a abordar el problema de la contaminaci\u00f3n ac\u00fastica subacu\u00e1tica en Chile y la protecci\u00f3n de la fauna marina. &nbsp;De esta forma, los proyectos que ingresen al Sistema de Evaluaci\u00f3n Ambiental (SEA) y, que potencialmente puedan producir un impacto ac\u00fastico en el medio ambiente submarino, deber\u00e1n demostrar la existencia o no de estos impactos y entregar las medidas de mitigaci\u00f3n contempladas en sus proyectos, de ser necesarias.<\/p>\n\n\n\n<blockquote class=\"wp-block-quote is-layout-flow wp-block-quote-is-layout-flow\"><p>Esta iniciativa del MMA ya est\u00e1 generando frutos, ya que algunas consultoras ligadas a nuevos proyectos ingresados al SEA, est\u00e1n considerando la contaminaci\u00f3n ac\u00fastica submarina y evaluando los futuros impactos de \u00e9sta sobre el entorno marino\u201d se\u00f1ala el Dr. Yori.&nbsp;<\/p><\/blockquote>\n\n\n\n<p>Es as\u00ed como diversas consultoras han solicitado al acad\u00e9mico de Ac\u00fastica UACh la realizaci\u00f3n de l\u00edneas de base de ruido submarino de proyectos que est\u00e1n siendo presentados al SEA. \u201cEl estudio de l\u00ednea de base consiste en medir el nivel de ruido ambiente que existe en un lugar antes de implementar un proyecto nuevo. Tambi\u00e9n, en caso de que existan fuentes de ruido previas al proyecto, caracterizarlas ac\u00fasticamente. Estos datos son necesarios para determinar el \u00e1rea de influencia que tendr\u00e1 el proyecto, en cuanto a el ruido submarino, y su impacto sobre la fauna marina\u201d se\u00f1ala el acad\u00e9mico.<\/p>\n\n\n\n<div class=\"wp-block-image\"><figure class=\"aligncenter\"><img decoding=\"async\" width=\"1000\" height=\"563\" src=\"https:\/\/www.acusticauach.cl\/wp-content\/uploads\/2019\/11\/Yori-submarino_01_1000x563.jpg\" alt=\"\" class=\"wp-image-12694\" srcset=\"https:\/\/www.acusticauach.cl\/wp-content\/uploads\/2019\/11\/Yori-submarino_01_1000x563.jpg 1000w, https:\/\/www.acusticauach.cl\/wp-content\/uploads\/2019\/11\/Yori-submarino_01_1000x563-300x169.jpg 300w, https:\/\/www.acusticauach.cl\/wp-content\/uploads\/2019\/11\/Yori-submarino_01_1000x563-768x432.jpg 768w, https:\/\/www.acusticauach.cl\/wp-content\/uploads\/2019\/11\/Yori-submarino_01_1000x563-125x70.jpg 125w, https:\/\/www.acusticauach.cl\/wp-content\/uploads\/2019\/11\/Yori-submarino_01_1000x563-75x42.jpg 75w\" sizes=\"(max-width: 1000px) 100vw, 1000px\" \/><figcaption>Dr. Alfio Yori realizando mediciones de ruido submarino.<\/figcaption><\/figure><\/div>\n\n\n\n<p>Estas l\u00edneas de base se han realizado en la regi\u00f3n de Magallanes y de la Ant\u00e1rtica Chilena en puntos ubicados a varias horas de navegaci\u00f3n desde las ciudades de Punta Arenas y Puerto Natales. <\/p>\n\n\n\n<blockquote class=\"wp-block-quote is-layout-flow wp-block-quote-is-layout-flow\"><p>&nbsp;Lo importante aqu\u00ed es que proyectos que no consideraban la contaminaci\u00f3n por ruido bajo el agua, lo est\u00e9n haciendo, y est\u00e9n identificando como receptores a proteger a la fauna del sector, sujetos de conservaci\u00f3n tales como delfines, ballenas, ping\u00fcinos, entre otras especies\u201d agrega Alfio Yori.<\/p><\/blockquote>\n","protected":false},"excerpt":{"rendered":"<p>\u201cEl desaf\u00edo inmediato ahora, es acordar la mejor metodolog\u00eda para evaluar los efectos del ruido sobre receptores como mam\u00edferos marinos e invertebrados\u201d se\u00f1ala Alfio Yori. Escrito por PrensaFCI La preocupaci\u00f3n por conocer los niveles de contaminaci\u00f3n ac\u00fastica submarina en decibeles ha ido en aumento en los \u00faltimos a\u00f1os y el Dr. Alfio Yori del Instituto [&hellip;]<\/p>\n","protected":false},"author":2,"featured_media":12693,"comment_status":"closed","ping_status":"closed","sticky":false,"template":"","format":"standard","meta":{"footnotes":""},"categories":[908],"tags":[926,78,925,915,32,198,364],"class_list":["post-12692","post","type-post","status-publish","format-standard","has-post-thumbnail","hentry","category-investigacion","tag-antarica","tag-investigacion-2","tag-mediciones","tag-portada","tag-ruido","tag-submarina","tag-yori"],"_links":{"self":[{"href":"https:\/\/www.acusticauach.cl\/index.php?rest_route=\/wp\/v2\/posts\/12692","targetHints":{"allow":["GET"]}}],"collection":[{"href":"https:\/\/www.acusticauach.cl\/index.php?rest_route=\/wp\/v2\/posts"}],"about":[{"href":"https:\/\/www.acusticauach.cl\/index.php?rest_route=\/wp\/v2\/types\/post"}],"author":[{"embeddable":true,"href":"https:\/\/www.acusticauach.cl\/index.php?rest_route=\/wp\/v2\/users\/2"}],"replies":[{"embeddable":true,"href":"https:\/\/www.acusticauach.cl\/index.php?rest_route=%2Fwp%2Fv2%2Fcomments&post=12692"}],"version-history":[{"count":0,"href":"https:\/\/www.acusticauach.cl\/index.php?rest_route=\/wp\/v2\/posts\/12692\/revisions"}],"wp:featuredmedia":[{"embeddable":true,"href":"https:\/\/www.acusticauach.cl\/index.php?rest_route=\/wp\/v2\/media\/12693"}],"wp:attachment":[{"href":"https:\/\/www.acusticauach.cl\/index.php?rest_route=%2Fwp%2Fv2%2Fmedia&parent=12692"}],"wp:term":[{"taxonomy":"category","embeddable":true,"href":"https:\/\/www.acusticauach.cl\/index.php?rest_route=%2Fwp%2Fv2%2Fcategories&post=12692"},{"taxonomy":"post_tag","embeddable":true,"href":"https:\/\/www.acusticauach.cl\/index.php?rest_route=%2Fwp%2Fv2%2Ftags&post=12692"}],"curies":[{"name":"wp","href":"https:\/\/api.w.org\/{rel}","templated":true}]}}