{"id":11496,"date":"2019-10-14T09:40:38","date_gmt":"2019-10-14T12:40:38","guid":{"rendered":"http:\/\/www.acusticauach.cl\/?p=11496"},"modified":"2019-10-27T18:45:18","modified_gmt":"2019-10-27T21:45:18","slug":"profesor-de-la-universidad-nacional-de-tucuman-realizo-visita-de-investigacion-a-acustica-uach","status":"publish","type":"post","link":"https:\/\/www.acusticauach.cl\/?p=11496","title":{"rendered":"Profesor de Argentina realiz\u00f3 visita de investigaci\u00f3n a Ac\u00fastica UACh"},"content":{"rendered":"<h5><strong>El objetivo fue conocer el desarrollo de investigaci\u00f3n en mapas sonoros y monitoreo del nivel de ruido.<\/strong><\/h5>\n<p>PrensaFCI<\/p>\n<p>El acad\u00e9mico de la Universidad Nacional de Tucum\u00e1n, Walter D\u00edaz, realiz\u00f3 una visita de investigaci\u00f3n al Instituto de Ac\u00fastica UACh con el fin de conocer el trabajo desarrollado en materia de contaminaci\u00f3n ac\u00fastica.<\/p>\n<p>Para Walter D\u00edaz, el Instituto de Ac\u00fastica UACh es un referente en este \u00e1mbito y su visita le permiti\u00f3 conocer el trabajo de investigaci\u00f3n que se desarrolla en particular en relaci\u00f3n con los mapas sonoros y al monitoreo permanente del nivel de ruido.<\/p>\n<blockquote><p>Nos motiva poder establecer un acuerdo de colaboraci\u00f3n para facilitar el intercambio de estudiantes y acad\u00e9micos\u201d se\u00f1ala el Prof. D\u00edaz quien calific\u00f3 su visita como muy positiva por la calidez de los profesores que le presentaron la investigaci\u00f3n que desarrollan, el equipamiento y las propuestas futuras.<\/p><\/blockquote>\n<p>Walter D\u00edaz, precisa que actualmente junto a acad\u00e9micos de la Universidad Nacional de Tucum\u00e1n, conforman el grupo de F\u00edsica Aplicada en Ac\u00fastica y est\u00e1n comenzando el desarrollo de mapas sonoros y estudio de par\u00e1metros ac\u00fasticos asociados a hospitales y escuelas. Asimismo, agrega que esperan poder llevar a cabo el monitoreo de ruido en forma permanente en distintas ciudades de Tucum\u00e1n, por lo que esta visita y futuros nexos de colaboraci\u00f3n ser\u00e1n de gran relevancia.<\/p>\n<p>Por su parte, el Director del Instituto de Ac\u00fastica UACh, Jorge C\u00e1rdenas explic\u00f3 que el Prof. Walter D\u00edaz sostuvo reuniones con los acad\u00e9micos Enrique Su\u00e1rez, Jorge Arenas y el docente Felipe Figueroa con quienes trataron temas tales como m\u00e9todos de determinaci\u00f3n de STI mediante encuestas, t\u00e9cnicas de elaboraci\u00f3n de mapas de ruido, caracterizaci\u00f3n de materiales ac\u00fasticos, en general temas relacionadas con ac\u00fastica ambiental, ac\u00fastica de salas y ac\u00fastica de materiales.<\/p>\n","protected":false},"excerpt":{"rendered":"<p>El objetivo fue conocer el desarrollo de investigaci\u00f3n en mapas sonoros y monitoreo del nivel de ruido. PrensaFCI El acad\u00e9mico de la Universidad Nacional de Tucum\u00e1n, Walter D\u00edaz, realiz\u00f3 una visita de investigaci\u00f3n al Instituto de Ac\u00fastica UACh con el fin de conocer el trabajo desarrollado en materia de contaminaci\u00f3n ac\u00fastica. Para Walter D\u00edaz, el [&hellip;]<\/p>\n","protected":false},"author":2,"featured_media":11497,"comment_status":"closed","ping_status":"closed","sticky":false,"template":"","format":"standard","meta":{"footnotes":""},"categories":[909],"tags":[72,181,914,163],"class_list":["post-11496","post","type-post","status-publish","format-standard","has-post-thumbnail","hentry","category-vinculacion","tag-argentina","tag-convenio","tag-tucuman","tag-visita"],"_links":{"self":[{"href":"https:\/\/www.acusticauach.cl\/index.php?rest_route=\/wp\/v2\/posts\/11496","targetHints":{"allow":["GET"]}}],"collection":[{"href":"https:\/\/www.acusticauach.cl\/index.php?rest_route=\/wp\/v2\/posts"}],"about":[{"href":"https:\/\/www.acusticauach.cl\/index.php?rest_route=\/wp\/v2\/types\/post"}],"author":[{"embeddable":true,"href":"https:\/\/www.acusticauach.cl\/index.php?rest_route=\/wp\/v2\/users\/2"}],"replies":[{"embeddable":true,"href":"https:\/\/www.acusticauach.cl\/index.php?rest_route=%2Fwp%2Fv2%2Fcomments&post=11496"}],"version-history":[{"count":0,"href":"https:\/\/www.acusticauach.cl\/index.php?rest_route=\/wp\/v2\/posts\/11496\/revisions"}],"wp:featuredmedia":[{"embeddable":true,"href":"https:\/\/www.acusticauach.cl\/index.php?rest_route=\/wp\/v2\/media\/11497"}],"wp:attachment":[{"href":"https:\/\/www.acusticauach.cl\/index.php?rest_route=%2Fwp%2Fv2%2Fmedia&parent=11496"}],"wp:term":[{"taxonomy":"category","embeddable":true,"href":"https:\/\/www.acusticauach.cl\/index.php?rest_route=%2Fwp%2Fv2%2Fcategories&post=11496"},{"taxonomy":"post_tag","embeddable":true,"href":"https:\/\/www.acusticauach.cl\/index.php?rest_route=%2Fwp%2Fv2%2Ftags&post=11496"}],"curies":[{"name":"wp","href":"https:\/\/api.w.org\/{rel}","templated":true}]}}