{"id":11386,"date":"2019-08-19T23:26:55","date_gmt":"2019-08-20T03:26:55","guid":{"rendered":"http:\/\/www.acusticauach.cl\/?p=11386"},"modified":"2019-10-28T19:46:35","modified_gmt":"2019-10-28T22:46:35","slug":"seminario-de-investigacion-en-acustica-sobre-ruido-y-paisaje-sonoro","status":"publish","type":"post","link":"https:\/\/www.acusticauach.cl\/?p=11386","title":{"rendered":"Seminario de Investigaci\u00f3n en Ac\u00fastica sobre ruido y paisaje sonoro"},"content":{"rendered":"<div>\n<h5><strong>Este jueves 22 de agosto a las 17.30 el investigador Dr. Pierre Aumond del Institut Fran\u00e7ais des Sciences et Technologies des Transports, de l\u2019Am\u00e9nagement et des R\u00e9seaux | IFSTTAR \u00b7 Laboratoire d\u2019Acoustique Environnementale (LAE).<\/strong><\/h5>\n<p>El Dr. Aumond\u00a0 dictar\u00e1 una charla titulada \u00abDel ruido al paisaje sonoro\u00bb en la sala 9202 del edificio 9000 de la Fac. de Cs. de la Ingenier\u00eda.<\/p>\n<p>La presentaci\u00f3n se centrar\u00e1 en investigaciones del invitado sobre paisaje sonoro y temas de ac\u00fastica ambiental.<\/p>\n<p>La visita de este investigador se enmarca dentro de las actividades del proyecto FONDECYT 1190722 \u00abM\u00e9todo de time-lapse sonoro para la puesta en valor del patrimonio sonoro de humedales urbanos\u00bb.<\/p>\n<\/div>\n<p>Est\u00e1n invitados.<\/p>\n","protected":false},"excerpt":{"rendered":"<p>Este jueves 22 de agosto a las 17.30 el investigador Dr. Pierre Aumond del Institut Fran\u00e7ais des Sciences et Technologies des Transports, de l\u2019Am\u00e9nagement et des R\u00e9seaux | IFSTTAR \u00b7 Laboratoire d\u2019Acoustique Environnementale (LAE). El Dr. Aumond\u00a0 dictar\u00e1 una charla titulada \u00abDel ruido al paisaje sonoro\u00bb en la sala 9202 del edificio 9000 de la [&hellip;]<\/p>\n","protected":false},"author":2,"featured_media":11396,"comment_status":"closed","ping_status":"closed","sticky":false,"template":"","format":"standard","meta":{"footnotes":""},"categories":[906],"tags":[84,105,78,30,309,915,32,20],"class_list":["post-11386","post","type-post","status-publish","format-standard","has-post-thumbnail","hentry","category-pregrado","tag-charla","tag-fondecyt","tag-investigacion-2","tag-paisaje","tag-paisaje-sonoro","tag-portada","tag-ruido","tag-seminario"],"_links":{"self":[{"href":"https:\/\/www.acusticauach.cl\/index.php?rest_route=\/wp\/v2\/posts\/11386","targetHints":{"allow":["GET"]}}],"collection":[{"href":"https:\/\/www.acusticauach.cl\/index.php?rest_route=\/wp\/v2\/posts"}],"about":[{"href":"https:\/\/www.acusticauach.cl\/index.php?rest_route=\/wp\/v2\/types\/post"}],"author":[{"embeddable":true,"href":"https:\/\/www.acusticauach.cl\/index.php?rest_route=\/wp\/v2\/users\/2"}],"replies":[{"embeddable":true,"href":"https:\/\/www.acusticauach.cl\/index.php?rest_route=%2Fwp%2Fv2%2Fcomments&post=11386"}],"version-history":[{"count":0,"href":"https:\/\/www.acusticauach.cl\/index.php?rest_route=\/wp\/v2\/posts\/11386\/revisions"}],"wp:featuredmedia":[{"embeddable":true,"href":"https:\/\/www.acusticauach.cl\/index.php?rest_route=\/wp\/v2\/media\/11396"}],"wp:attachment":[{"href":"https:\/\/www.acusticauach.cl\/index.php?rest_route=%2Fwp%2Fv2%2Fmedia&parent=11386"}],"wp:term":[{"taxonomy":"category","embeddable":true,"href":"https:\/\/www.acusticauach.cl\/index.php?rest_route=%2Fwp%2Fv2%2Fcategories&post=11386"},{"taxonomy":"post_tag","embeddable":true,"href":"https:\/\/www.acusticauach.cl\/index.php?rest_route=%2Fwp%2Fv2%2Ftags&post=11386"}],"curies":[{"name":"wp","href":"https:\/\/api.w.org\/{rel}","templated":true}]}}