{"id":11334,"date":"2019-07-11T13:02:24","date_gmt":"2019-07-11T17:02:24","guid":{"rendered":"http:\/\/www.acusticauach.cl\/?p=11334"},"modified":"2019-10-27T18:46:48","modified_gmt":"2019-10-27T21:46:48","slug":"radio-uach-dr-victor-poblete-participa-de-programa-radial-por-proyecto-de-educacion-inclusiva-cultura-sorda-y-lengua-de-senas","status":"publish","type":"post","link":"https:\/\/www.acusticauach.cl\/?p=11334","title":{"rendered":"Radio UACh: Dr. V\u00edctor Poblete participa de programa radial por proyecto de educaci\u00f3n inclusiva, cultura sorda y lengua de se\u00f1as"},"content":{"rendered":"<h5><strong>La invitaci\u00f3n fue para\u00a0<\/strong><strong>para hablar de educaci\u00f3n inclusiva, cultura sorda y lengua de se\u00f1as.<\/strong><\/h5>\n<p><a href=\"http:\/\/humanidades.uach.cl\/\"><em>*Por Comunicaciones Fac. de Filosof\u00eda y Humanidades.<\/em><\/a><\/p>\n<p><a href=\"https:\/\/www.facebook.com\/radiouachvaldivia\/videos\/438165363405963\/?fref=mentions&amp;__xts__[0]=68.ARBeuSvPFV8jd2svhbTE9o9JQ-HoAGREXtNttFvd10v8U27Z9dIa2METQkH9SySm8OIyt-EF7isX4eIewviBs3MT83zfHIahMKKEyORfvwMkE5MY890wRd71fY3QMeJz70TD2ShAqwo1_OcPwKK3qT4S4ipBWUJ_YMPD4eEIaoB8JeZF6qNEPiGnvZk4v7WQ9XSVNSAYHtraAAST3zCR3hRfDPhy9--UzhIAyzdoBDl8o_qLJevE1a-zSgX47AMWLpLjazQLM1LbL4QAAdk1cq6ravobBpOVFYjafgDQLNyVHXXx67i5yt6yPqOeFQE_de4S0GCAwLgJj_iY5Z8pk9PYaA&amp;__tn__=K-R\">Mira la transmisi\u00f3n en vivo de Corriente Alterna<\/a><\/p>\n<p>El lunes 08 de julio, en un nuevo cap\u00edtulo de <a href=\"https:\/\/radiouach.cl\/programa\/08julio20191\/?fbclid=IwAR19jtoyVbii7gVaiovPPidtGrp5qc6EOELTlarS67Svygb9l9Diz6Q2HYM\"><strong>\u201cCorriente Alterna\u201d<\/strong><\/a>, la periodista Carolina Angulo convers\u00f3 con el estudiante de Ped. Educaci\u00f3n F\u00edsica Deportes y Recreaci\u00f3n Pablo Barr\u00eda; la int\u00e9rprete en lengua de se\u00f1as, Claudia Arriagada; el profesor de Lengua Inglesa del Centro de Idiomas, Felipe Mart\u00ednez; el profesor diferencial de la Unidad de apoyo al Aprendizaje, Diego P\u00e9rez; el profesor de <strong>Ingenier\u00eda Civil Ac\u00fastica V\u00edctor Poblete<\/strong> y Pablo Huijse, profesor del Instituto de Inform\u00e1tica <a href=\"http:\/\/www.ingenieria.uach.cl\/\">FCI UACh<\/a>, para hablar de educaci\u00f3n inclusiva, cultura sorda y lengua de se\u00f1as.<\/p>\n<p><a href=\"https:\/\/www.acusticauach.cl\/wp-content\/uploads\/2019\/07\/64483519_2306873042682624_5415380442251526144_n.jpg\"><img decoding=\"async\" class=\"aligncenter wp-image-11335 size-full\" src=\"https:\/\/www.acusticauach.cl\/wp-content\/uploads\/2019\/07\/64483519_2306873042682624_5415380442251526144_n.jpg\" alt=\"\" width=\"853\" height=\"569\" srcset=\"https:\/\/www.acusticauach.cl\/wp-content\/uploads\/2019\/07\/64483519_2306873042682624_5415380442251526144_n.jpg 853w, https:\/\/www.acusticauach.cl\/wp-content\/uploads\/2019\/07\/64483519_2306873042682624_5415380442251526144_n-300x200.jpg 300w, https:\/\/www.acusticauach.cl\/wp-content\/uploads\/2019\/07\/64483519_2306873042682624_5415380442251526144_n-768x512.jpg 768w, https:\/\/www.acusticauach.cl\/wp-content\/uploads\/2019\/07\/64483519_2306873042682624_5415380442251526144_n-700x467.jpg 700w, https:\/\/www.acusticauach.cl\/wp-content\/uploads\/2019\/07\/64483519_2306873042682624_5415380442251526144_n-500x334.jpg 500w\" sizes=\"(max-width: 853px) 100vw, 853px\" \/><\/a><\/p>\n<p>Pablo, junto con la ayuda de la Claudia, nos coment\u00f3 sobre su experiencia en la Universidad Austral de Chile, casa de estudios que eligi\u00f3 por tener una inclusi\u00f3n mejor implementada, lo que le permiti\u00f3, ser el primer estudiante sordo en acceder a la educaci\u00f3n superior. Adem\u00e1s, comparti\u00f3 su experiencia en sus primeros meses en la universidad y como la interprete ha facilitado sus labores como estudiante.<\/p>\n<p>Por otra parte, el profesor de Ingenier\u00eda Civil Ac\u00fastica V\u00edctor Poblete y Pablo Huijse del Instituto de Inform\u00e1tica, dieron a conocer detalles de un proyecto en el que est\u00e1n trabajando, que contempla la creaci\u00f3n de una aplicaci\u00f3n que ayudar\u00e1 a mejorar la comunicaci\u00f3n a personas sordas.<\/p>\n<p>Escucha el <strong><a href=\"https:\/\/radiouach.cl\/programa\/08julio20191\/?fbclid=IwAR19jtoyVbii7gVaiovPPidtGrp5qc6EOELTlarS67Svygb9l9Diz6Q2HYM\">programa aqu\u00ed<\/a>\u00a0<\/strong><\/p>\n","protected":false},"excerpt":{"rendered":"<p>La invitaci\u00f3n fue para\u00a0para hablar de educaci\u00f3n inclusiva, cultura sorda y lengua de se\u00f1as. *Por Comunicaciones Fac. de Filosof\u00eda y Humanidades. Mira la transmisi\u00f3n en vivo de Corriente Alterna El lunes 08 de julio, en un nuevo cap\u00edtulo de \u201cCorriente Alterna\u201d, la periodista Carolina Angulo convers\u00f3 con el estudiante de Ped. Educaci\u00f3n F\u00edsica Deportes y [&hellip;]<\/p>\n","protected":false},"author":6,"featured_media":11336,"comment_status":"closed","ping_status":"closed","sticky":false,"template":"","format":"standard","meta":{"footnotes":""},"categories":[102],"tags":[113,534,901,899,37,372,110,78,153,780,166,900,213,898,22],"class_list":["post-11334","post","type-post","status-publish","format-standard","has-post-thumbnail","hentry","category-acusticauach_medios","tag-acustica","tag-campus-miraflores","tag-comunicaciones","tag-corrientealterna","tag-estudiantes","tag-fci","tag-ingenieria","tag-investigacion-2","tag-magister","tag-magister-en-acustica-y-vibraciones","tag-proyecto","tag-radiouach","tag-uach","tag-uach-inclusiva","tag-valdivia"],"_links":{"self":[{"href":"https:\/\/www.acusticauach.cl\/index.php?rest_route=\/wp\/v2\/posts\/11334","targetHints":{"allow":["GET"]}}],"collection":[{"href":"https:\/\/www.acusticauach.cl\/index.php?rest_route=\/wp\/v2\/posts"}],"about":[{"href":"https:\/\/www.acusticauach.cl\/index.php?rest_route=\/wp\/v2\/types\/post"}],"author":[{"embeddable":true,"href":"https:\/\/www.acusticauach.cl\/index.php?rest_route=\/wp\/v2\/users\/6"}],"replies":[{"embeddable":true,"href":"https:\/\/www.acusticauach.cl\/index.php?rest_route=%2Fwp%2Fv2%2Fcomments&post=11334"}],"version-history":[{"count":0,"href":"https:\/\/www.acusticauach.cl\/index.php?rest_route=\/wp\/v2\/posts\/11334\/revisions"}],"wp:featuredmedia":[{"embeddable":true,"href":"https:\/\/www.acusticauach.cl\/index.php?rest_route=\/wp\/v2\/media\/11336"}],"wp:attachment":[{"href":"https:\/\/www.acusticauach.cl\/index.php?rest_route=%2Fwp%2Fv2%2Fmedia&parent=11334"}],"wp:term":[{"taxonomy":"category","embeddable":true,"href":"https:\/\/www.acusticauach.cl\/index.php?rest_route=%2Fwp%2Fv2%2Fcategories&post=11334"},{"taxonomy":"post_tag","embeddable":true,"href":"https:\/\/www.acusticauach.cl\/index.php?rest_route=%2Fwp%2Fv2%2Ftags&post=11334"}],"curies":[{"name":"wp","href":"https:\/\/api.w.org\/{rel}","templated":true}]}}