{"id":11194,"date":"2019-05-08T22:21:50","date_gmt":"2019-05-09T02:21:50","guid":{"rendered":"http:\/\/www.acusticauach.cl\/?p=11194"},"modified":"2019-10-27T18:48:20","modified_gmt":"2019-10-27T21:48:20","slug":"nuevo-seminario-de-investigacion-de-acusticauach-presenta-el-tema-modelo-conceptual-y-medicion-del-paisaje-sonoro","status":"publish","type":"post","link":"https:\/\/www.acusticauach.cl\/?p=11194","title":{"rendered":"Nuevo Seminario de Investigaci\u00f3n de AcusticaUACh presenta el tema Modelo Conceptual y Medici\u00f3n del Paisaje Sonoro"},"content":{"rendered":"<h2><strong>La charla estar\u00e1 a cargo del Dr. Ing. Pablo Kogan, Acad\u00e9mico del Departamento de Sonido de la Facultad de Artes, Universidad de Chile, y exalumno de AcusticaUACh.<\/strong><\/h2>\n<p>Este martes 14 de mayo de 2019, 17:30 hrs, en la sala 9202, Pabell\u00f3n Docente, Campus Miraflores, se ofrecer\u00e1 un Seminario de Investigaci\u00f3n dedicado al novedoso tema del paisaje sonoro.<\/p>\n<p>El Paisaje Sonoro involucra m\u00faltiples dimensiones interrelacionadas, correspondientes tanto al ambiente, como al individuo y su relaci\u00f3n con \u00e9ste. La multiplicidad de estas dimensiones, su distinta naturaleza, interacciones y transformaci\u00f3n en el tiempo hacen que el Paisaje Sonoro sea considerado un Sistema Complejo. Como tal, sus elementos forman una unidad organizada y no pueden ser aislados entre s\u00ed para su comprensi\u00f3n, sino que deben estudiarse en forma acoplada.<\/p>\n<p>Esta visi\u00f3n sist\u00e9mica del Paisaje Sonoro representa un cambio de paradigma respecto de la concepci\u00f3n de los ambientes ac\u00fasticos exteriores. En este sentido, el Paradigma del Paisaje Sonoro concibe al sonido ambiental como un recurso que puede ser gestionado y dise\u00f1ado para obtener beneficios para la poblaci\u00f3n. En esta conferencia se expondr\u00e1n los fundamentos del Paradigma del Paisaje Sonoro, se presentar\u00e1 un Modelo Conceptual para abordar su investigaci\u00f3n y se desarrollar\u00e1 una metodolog\u00eda para su medici\u00f3n multidimensional.<\/p>\n<p>Ver <a href=\"http:\/\/www.artes.uchile.cl\/sonido\" target=\"_blank\" rel=\"noopener noreferrer\">Departamento de Sonido de la Facultad de Artes, Universidad de Chile.<\/a><\/p>\n<p>&nbsp;<\/p>\n","protected":false},"excerpt":{"rendered":"<p>La charla estar\u00e1 a cargo del Dr. Ing. Pablo Kogan, Acad\u00e9mico del Departamento de Sonido de la Facultad de Artes, Universidad de Chile, y exalumno de AcusticaUACh. Este martes 14 de mayo de 2019, 17:30 hrs, en la sala 9202, Pabell\u00f3n Docente, Campus Miraflores, se ofrecer\u00e1 un Seminario de Investigaci\u00f3n dedicado al novedoso tema del [&hellip;]<\/p>\n","protected":false},"author":2,"featured_media":11195,"comment_status":"closed","ping_status":"closed","sticky":false,"template":"","format":"standard","meta":{"footnotes":""},"categories":[906],"tags":[84,41,78,755,30,309,590,20,879],"class_list":["post-11194","post","type-post","status-publish","format-standard","has-post-thumbnail","hentry","category-pregrado","tag-charla","tag-exalumnos","tag-investigacion-2","tag-kogan","tag-paisaje","tag-paisaje-sonoro","tag-paisajesonoro","tag-seminario","tag-universidad-de-chile"],"_links":{"self":[{"href":"https:\/\/www.acusticauach.cl\/index.php?rest_route=\/wp\/v2\/posts\/11194","targetHints":{"allow":["GET"]}}],"collection":[{"href":"https:\/\/www.acusticauach.cl\/index.php?rest_route=\/wp\/v2\/posts"}],"about":[{"href":"https:\/\/www.acusticauach.cl\/index.php?rest_route=\/wp\/v2\/types\/post"}],"author":[{"embeddable":true,"href":"https:\/\/www.acusticauach.cl\/index.php?rest_route=\/wp\/v2\/users\/2"}],"replies":[{"embeddable":true,"href":"https:\/\/www.acusticauach.cl\/index.php?rest_route=%2Fwp%2Fv2%2Fcomments&post=11194"}],"version-history":[{"count":0,"href":"https:\/\/www.acusticauach.cl\/index.php?rest_route=\/wp\/v2\/posts\/11194\/revisions"}],"wp:featuredmedia":[{"embeddable":true,"href":"https:\/\/www.acusticauach.cl\/index.php?rest_route=\/wp\/v2\/media\/11195"}],"wp:attachment":[{"href":"https:\/\/www.acusticauach.cl\/index.php?rest_route=%2Fwp%2Fv2%2Fmedia&parent=11194"}],"wp:term":[{"taxonomy":"category","embeddable":true,"href":"https:\/\/www.acusticauach.cl\/index.php?rest_route=%2Fwp%2Fv2%2Fcategories&post=11194"},{"taxonomy":"post_tag","embeddable":true,"href":"https:\/\/www.acusticauach.cl\/index.php?rest_route=%2Fwp%2Fv2%2Ftags&post=11194"}],"curies":[{"name":"wp","href":"https:\/\/api.w.org\/{rel}","templated":true}]}}