{"id":11185,"date":"2019-04-26T15:52:30","date_gmt":"2019-04-26T19:52:30","guid":{"rendered":"http:\/\/www.acusticauach.cl\/?p=11185"},"modified":"2020-09-25T11:45:39","modified_gmt":"2020-09-25T14:45:39","slug":"dia-de-conciencia-sobre-el-ruido-efectos-en-la-salud-y-red-monitoreo-en-valdivia-fueron-presentados-por-acustica-uach-y-autoridades-regionales","status":"publish","type":"post","link":"https:\/\/www.acusticauach.cl\/?p=11185","title":{"rendered":"Ruido, efectos en la salud y red monitoreo en Valdivia fueron presentados por Ac\u00fastica UACh y autoridades regionales"},"content":{"rendered":"<h2 class=\"uk-margin-large-top uk-margin-remove-bottom uk-article-title\"><strong>Una nueva conmemoraci\u00f3n del d\u00eda internacional de conciencia sobre el ruido fue realizada por el Instituto de Ac\u00fastica de la Universidad Austral de Chile y la Seremi de Medio Ambiente.<\/strong><\/h2>\n<div class=\"uk-margin-medium-top\">\n<p>La actividad que cont\u00f3 con un punto de prensa en la Plaza de la Rep\u00fablica reuni\u00f3 a diferentes autoridades de gobierno y medios de comunicaci\u00f3n que permiti\u00f3 dar a conocer el mapa de ruido de Valdivia como los nuevos avances en la implementaci\u00f3n del monitoreo del ruido en Valdivia y Chile.<\/p>\n<p>Para el acad\u00e9mico Enrique Su\u00e1rez, es relevante la iniciativa que se est\u00e1 implementando en Valdivia, y que consiste en una red de monitoreo con 5 puntos que miden continuamente el ruido ambiental de Valdivia.<\/p>\n<p>El proyecto (que s\u00f3lo se ha realizado en Santiago por el Ministerio de Medio Ambiente) es ejecutado por la Universidad Austral de Chile en conjunto con la Universidad Aut\u00f3noma, mediante un Fondo de Desarrollo de Ciencias y Tecnolog\u00eda (FONDECYT).<\/p>\n<p>Desde el 2009 se ha desarrollado la l\u00ednea de ruido en Chile para hacer diagn\u00f3sticos, hasta ahora s\u00f3lo Santiago y Valdivia tienen una red de monitoreo constante. \u201cNo hay otra ciudad que est\u00e9 haciendo este monitoreo que permita hacer v\u00ednculo entre variables urban\u00edsticas y niveles de ruido\u201d, explic\u00f3 Su\u00e1rez.<\/p>\n<p><a href=\"https:\/\/www.acusticauach.cl\/wp-content\/uploads\/2019\/04\/ESuarez_Medios_INAD2019.jpg\"><img decoding=\"async\" class=\"aligncenter size-full wp-image-11358\" src=\"https:\/\/www.acusticauach.cl\/wp-content\/uploads\/2019\/04\/ESuarez_Medios_INAD2019.jpg\" alt=\"\" width=\"1000\" height=\"563\" srcset=\"https:\/\/www.acusticauach.cl\/wp-content\/uploads\/2019\/04\/ESuarez_Medios_INAD2019.jpg 1000w, https:\/\/www.acusticauach.cl\/wp-content\/uploads\/2019\/04\/ESuarez_Medios_INAD2019-300x169.jpg 300w, https:\/\/www.acusticauach.cl\/wp-content\/uploads\/2019\/04\/ESuarez_Medios_INAD2019-768x432.jpg 768w, https:\/\/www.acusticauach.cl\/wp-content\/uploads\/2019\/04\/ESuarez_Medios_INAD2019-700x394.jpg 700w, https:\/\/www.acusticauach.cl\/wp-content\/uploads\/2019\/04\/ESuarez_Medios_INAD2019-500x282.jpg 500w\" sizes=\"(max-width: 1000px) 100vw, 1000px\" \/><\/a><\/p>\n<p>Por otro lado, el acad\u00e9mico explic\u00f3 que si bien en Chile hay normas que se aplican a fuentes emisi\u00f3n de ruido, indic\u00f3 que a\u00fan se carece de normas de calidad ambiental \u201cque es otra forma de hacer gesti\u00f3n ambiental\u201d.<\/p>\n<p>La importancia de ello, radica en que recientemente diferentes estudios internacionales han demostrado los efectos sobre personas que tiene la exposici\u00f3n ante fuertes ruidos.<\/p>\n<p>Es as\u00ed que, mientras&nbsp;son menos de 45 decibeles los recomendables durante la noche y en zonas residenciales para mantener un sue\u00f1o tranquilo y descansar, en el d\u00eda los ruidos no deber\u00edan superar los 75 decibeles.<\/p>\n<p><a href=\"https:\/\/www.acusticauach.cl\/wp-content\/uploads\/2019\/04\/INAD2019_VALDIVIA_25.jpeg\"><img decoding=\"async\" class=\"aligncenter size-full wp-image-11187\" src=\"https:\/\/www.acusticauach.cl\/wp-content\/uploads\/2019\/04\/INAD2019_VALDIVIA_25.jpeg\" alt=\"\" width=\"1000\" height=\"563\" srcset=\"https:\/\/www.acusticauach.cl\/wp-content\/uploads\/2019\/04\/INAD2019_VALDIVIA_25.jpeg 1000w, https:\/\/www.acusticauach.cl\/wp-content\/uploads\/2019\/04\/INAD2019_VALDIVIA_25-300x169.jpeg 300w, https:\/\/www.acusticauach.cl\/wp-content\/uploads\/2019\/04\/INAD2019_VALDIVIA_25-768x432.jpeg 768w, https:\/\/www.acusticauach.cl\/wp-content\/uploads\/2019\/04\/INAD2019_VALDIVIA_25-700x394.jpeg 700w, https:\/\/www.acusticauach.cl\/wp-content\/uploads\/2019\/04\/INAD2019_VALDIVIA_25-500x282.jpeg 500w\" sizes=\"(max-width: 1000px) 100vw, 1000px\" \/><\/a><\/p>\n<p>Y es que, los efectos en la salud est\u00e1n estudiados a nivel internacional -comenta el experto en ruido-, que se vinculan principalmente a falta de sue\u00f1o y descanso, lo que muchas veces deriva en otro riesgo como el stress. A\u00f1ade adem\u00e1s, que \u201cla Organizaci\u00f3n Mundial de la Salud (OMS) estableci\u00f3 el 2018 que el ruido es una factor de riesgo para enfermedades cardiovasculares\u201d , puntualiz\u00f3.<\/p>\n<p>Por su parte la autoridad regional medioambiental, Daniel Del Campo, explic\u00f3 durante el punto de prensa que \u00ablo que se busca es visibilizar un contaminante que no es palpable para nosotros, pero que s\u00ed genera graves efectos sobre la salud de las personas como, por ejemplo, el aumento de estr\u00e9s\u00bb.<\/p>\n<p>En ese sentido, finalmente se\u00f1al\u00f3 que \u00abcomo gobierno, promulgamos la norma de emisi\u00f3n de ruido para fuentes fijas y licitamos los primeros mapas de ruido, que tambi\u00e9n realiz\u00f3 el Instituto de Ac\u00fastica de la Universidad Austral de Chile para las ciudades de Valdivia, Coquimbo, La Serena, y Santiago\u00bb.<\/p>\n<p>Registro de la transmisi\u00f3n en Vivo del medio <a href=\"https:\/\/www.facebook.com\/RioenLinea\/\" target=\"_blank\" rel=\"noopener noreferrer\">R\u00edo En L\u00ednea<\/a><\/p>\n<\/div>\n<p><iframe style=\"border: none; overflow: hidden;\" src=\"https:\/\/www.facebook.com\/plugins\/video.php?href=https%3A%2F%2Fwww.facebook.com%2FRioenLinea%2Fvideos%2F2363912190562333%2F&amp;show_text=0&amp;width=560\" width=\"560\" height=\"315\" frameborder=\"0\" scrolling=\"no\" allowfullscreen=\"allowfullscreen\"><\/iframe><\/p>\n","protected":false},"excerpt":{"rendered":"<p>Una nueva conmemoraci\u00f3n del d\u00eda internacional de conciencia sobre el ruido fue realizada por el Instituto de Ac\u00fastica de la Universidad Austral de Chile y la Seremi de Medio Ambiente. La actividad que cont\u00f3 con un punto de prensa en la Plaza de la Rep\u00fablica reuni\u00f3 a diferentes autoridades de gobierno y medios de comunicaci\u00f3n [&hellip;]<\/p>\n","protected":false},"author":2,"featured_media":11186,"comment_status":"closed","ping_status":"closed","sticky":false,"template":"","format":"standard","meta":{"footnotes":""},"categories":[984,909],"tags":[48,865,757,637,37,829,756,982,638,471,762,771,183,73,22],"class_list":["post-11185","post","type-post","status-publish","format-standard","has-post-thumbnail","hentry","category-labacam","category-vinculacion","tag-arenas","tag-autonoma","tag-dia-internacional-de-conciencia-sobre-el-ruido","tag-diasinruido","tag-estudiantes","tag-fondef","tag-inad","tag-labacam","tag-mejorsinruido","tag-mma","tag-red","tag-rey","tag-seremi","tag-suarez","tag-valdivia"],"_links":{"self":[{"href":"https:\/\/www.acusticauach.cl\/index.php?rest_route=\/wp\/v2\/posts\/11185","targetHints":{"allow":["GET"]}}],"collection":[{"href":"https:\/\/www.acusticauach.cl\/index.php?rest_route=\/wp\/v2\/posts"}],"about":[{"href":"https:\/\/www.acusticauach.cl\/index.php?rest_route=\/wp\/v2\/types\/post"}],"author":[{"embeddable":true,"href":"https:\/\/www.acusticauach.cl\/index.php?rest_route=\/wp\/v2\/users\/2"}],"replies":[{"embeddable":true,"href":"https:\/\/www.acusticauach.cl\/index.php?rest_route=%2Fwp%2Fv2%2Fcomments&post=11185"}],"version-history":[{"count":0,"href":"https:\/\/www.acusticauach.cl\/index.php?rest_route=\/wp\/v2\/posts\/11185\/revisions"}],"wp:featuredmedia":[{"embeddable":true,"href":"https:\/\/www.acusticauach.cl\/index.php?rest_route=\/wp\/v2\/media\/11186"}],"wp:attachment":[{"href":"https:\/\/www.acusticauach.cl\/index.php?rest_route=%2Fwp%2Fv2%2Fmedia&parent=11185"}],"wp:term":[{"taxonomy":"category","embeddable":true,"href":"https:\/\/www.acusticauach.cl\/index.php?rest_route=%2Fwp%2Fv2%2Fcategories&post=11185"},{"taxonomy":"post_tag","embeddable":true,"href":"https:\/\/www.acusticauach.cl\/index.php?rest_route=%2Fwp%2Fv2%2Ftags&post=11185"}],"curies":[{"name":"wp","href":"https:\/\/api.w.org\/{rel}","templated":true}]}}