{"id":11093,"date":"2019-04-11T16:21:50","date_gmt":"2019-04-11T20:21:50","guid":{"rendered":"http:\/\/www.acusticauach.cl\/?p=11093"},"modified":"2019-10-27T18:48:58","modified_gmt":"2019-10-27T21:48:58","slug":"ingenieria-uach-firma-convenio-de-doble-titulacion-del-magister-en-acustica-y-vibraciones-con-la-universidad-politecnica-de-valencia","status":"publish","type":"post","link":"https:\/\/www.acusticauach.cl\/?p=11093","title":{"rendered":"Ingenier\u00eda UACh firma convenio de doble titulaci\u00f3n del Mag\u00edster en Ac\u00fastica y Vibraciones con la Universidad Polit\u00e9cnica de Valencia"},"content":{"rendered":"<h2 class=\"uk-margin-large-top uk-margin-remove-bottom uk-article-title\"><strong>Se trata del primer convenio de doble titulaci\u00f3n de los programas de Postgrado de la FCI<\/strong><\/h2>\n<div class=\"uk-margin-medium-top\">\n<p><strong>Un convenio de doble titulaci\u00f3n suscribi\u00f3 el programa de Mag\u00edster en Ac\u00fastica y Vibraciones de la Universidad Austral de Chile (UACh) \u00a0con el M\u00e1ster en Ingenier\u00eda Ac\u00fastica del Campus Gandia de la Universidad Polit\u00e9cnica de Valencia (UPV)<\/strong><\/p>\n<p>Escrito por PensaFCI<\/p>\n<p>El acuerdo \u00a0tiene como objetivo establecer un convenio marco de actuaci\u00f3n para la colaboraci\u00f3n entre la UACh y la UPV a fin de establecer las condiciones que deben cumplir los estudiantes de las respectivas instituciones para la obtenci\u00f3n de los t\u00edtulos acad\u00e9micos de M\u00e1ster en Ingenier\u00eda Ac\u00fastica (UPV) y del Mag\u00edster en Ac\u00fastica y Vibraciones (UACh) respectivamente.<\/p>\n<p>El convenio permitir\u00e1 que anualmente participen del programa de doble titulaci\u00f3n o intercambio un m\u00e1ximo de 4 estudiantes de cada instituci\u00f3n. Los estudiantes que participen ser\u00e1n propuestos por su universidad de origen y la vigencia del acuerdo es inmediata tras la firma de convenio.<\/p>\n<p>Este programa de doble titulaci\u00f3n busca enriquecer los programas de ense\u00f1anza de sus \u00e1reas cient\u00edficas y\u00a0 aumentar las experiencias personales y acad\u00e9micas de los estudiantes.<\/p>\n<p>El Director del programa de Mag\u00edster en Ac\u00fastica y Vibraciones (MAV) UACh, Dr. Jorge Arenas, explic\u00f3 que el convenio permitir\u00e1 que los estudiantes de ambos programas de postgrado puedan realizar estad\u00edas de estudios en Espa\u00f1a y Chile, para finalmente obtener los grados de mag\u00edster otorgados por ambas universidades. \u201cEsto permitir\u00e1 incrementar la movilidad estudiantil del programa, la investigaci\u00f3n conjunta entre grupos de investigaci\u00f3n en temas afines y es el primer paso en el logro de los objetivos de internacionalizar nuestro postgrado\u201d se\u00f1al\u00f3.<\/p>\n<h2><strong>Resultado de un largo trabajo de colaboraci\u00f3n con el Instituto de Ac\u00fastica.<\/strong><\/h2>\n<p>Por su parte, el Director de la Escuela Polit\u00e9cnica Superior de Gandia, Dr. Jes\u00fas Alba, resalt\u00f3 que la colaboraci\u00f3n en materia de investigaci\u00f3n\u00a0 entre ambas instituciones, espec\u00edficamente con el Instituto de Ac\u00fastica UACh, es un trabajo\u00a0 que lleva alrededor de 10 a\u00f1os y es esto lo que ha motivado concretar este convenio.<\/p>\n<blockquote><p>\u00a0La doble titulaci\u00f3n es fruto del v\u00ednculo de investigaci\u00f3n que se ha formado entre ambos centros. Nos motiva el hecho de poder trabajar a\u00fan m\u00e1s en proyectos conjuntos, y poder incorporar a alumnado con talento a estos proyectos. La f\u00f3rmula de doble titulaci\u00f3n, M\u00e1ster de Ingenier\u00eda Ac\u00fastica (EPSG-UPV) y Magister en Ac\u00fastica y Vibraciones (UACh), hace posible compartir alumnado con talento de ambos centros, compartir tutores, y abrir l\u00edneas de posibles tesis doctorales, con profesorado conjunto. Es por tanto, una f\u00f3rmula de fomento de nuestros talentos y de aumentar el potencial conjunto como centros de investigaci\u00f3n en ac\u00fastica\u201d afirm\u00f3 el Dr. Alba.<\/p><\/blockquote>\n<p><a href=\"https:\/\/www.acusticauach.cl\/wp-content\/uploads\/2019\/04\/doble-titulacin-MAV-c83aa104.jpeg\"><img decoding=\"async\" class=\"aligncenter size-full wp-image-11095\" src=\"https:\/\/www.acusticauach.cl\/wp-content\/uploads\/2019\/04\/doble-titulacin-MAV-c83aa104.jpeg\" alt=\"\" width=\"640\" height=\"360\" srcset=\"https:\/\/www.acusticauach.cl\/wp-content\/uploads\/2019\/04\/doble-titulacin-MAV-c83aa104.jpeg 640w, https:\/\/www.acusticauach.cl\/wp-content\/uploads\/2019\/04\/doble-titulacin-MAV-c83aa104-300x169.jpeg 300w, https:\/\/www.acusticauach.cl\/wp-content\/uploads\/2019\/04\/doble-titulacin-MAV-c83aa104-500x281.jpeg 500w\" sizes=\"(max-width: 640px) 100vw, 640px\" \/><\/a><\/p>\n<p style=\"text-align: center;\">Fotograf\u00eda: Dr. Richard Luco, Decano de la Facultad de Ciencias de la Ingenier\u00eda UACh y Dr. Jes\u00fas Alba,\u00a0Director de la Escuela Polit\u00e9cnica Superior de Gandia UPV<\/p>\n<p>En relaci\u00f3n a la experiencia acad\u00e9mica para losy las estudiantes que decidan acogerse a la doble titulaci\u00f3n, el Dr. Jes\u00fas Alba resalta que\u00a0 \u00e9stos \u00a0enriquecer\u00e1n los conocimientos sobre ac\u00fastica y vibraciones. Hay que tener en cuenta que el programa formativo de la UACh, el Magister en Ac\u00fastica y Vibraciones (MAV), tiene contenidos comunes con el M\u00e1ster en Ingenier\u00eda Ac\u00fastica (MIA), como son la ac\u00fastica de salas o la contaminaci\u00f3n ac\u00fastica. Sin embargo, tambi\u00e9n el MAV ofrece una formaci\u00f3n muy atractiva en vibroac\u00fastica y en m\u00e9todos num\u00e9ricos espec\u00edficos que no se tiene en el MIA. El MIA tambi\u00e9n ofrece la posibilidad de formaci\u00f3n en ac\u00fastica submarina o en sistemas electroac\u00fasticos, que complementa los conocimientos del MAV. Por tanto, el alumnado que acceda a la doble titulaci\u00f3n, ver\u00e1 enriquecida su experiencia acad\u00e9mica, tanto si se inicia en el MIA como en el MAV. Adem\u00e1s, existe la posibilidad posterior de incorporarse a un programa de doctorado, con profesorado conjunto, explica el Director de la Escuela Polit\u00e9cnica Superior de Gandia, de la UPV.<\/p>\n<h2><strong>Primer convenio de doble titulaci\u00f3n de la FCI<\/strong><\/h2>\n<p>Para el Director de la Escuela de Graduados, Dr. Enrique Su\u00e1rez, este convenio consitituye un hito ya que se trata del primer convenio de doble titulaci\u00f3n logrado en los programas de Postgrado de la Facultad de Ciencias de la Ingenier\u00eda.<\/p>\n<blockquote><p>Sin duda es un reconocimiento al trabajo que estamos desarrollando en el postgrado, y es un ejemplo de c\u00f3mo se van consolidando las distintas especialidades en la Facultad. El concretar este convenio con la Universidad Polit\u00e9cnica de Valencia tiene, adem\u00e1s, una importancia para el proyecto Innoving 2030 de la FCI, donde la universidad espa\u00f1ola es una de las tres instituciones de referencia para el proyecto, pues se reconoce su experiencia en la relaci\u00f3n con el mundo de las empresas, aspectos que podr\u00e1n incorporarse a nuestro Mag\u00edster en Ac\u00fastica y Vibraciones\u201d\u00a0 explic\u00f3 el acad\u00e9mico.<\/p><\/blockquote>\n<p>El Dr. Su\u00e1rez agreg\u00f3 que actualmente el Mag\u00edster de Ingenier\u00eda Mec\u00e1nica y Materiales tambi\u00e9n se encuentra trabajando para establecer un convenio de doble titulaci\u00f3n con otra universidad espa\u00f1ola, proceso que se encuentra bastante avanzado se\u00f1al\u00f3.<\/p>\n<p><strong><a href=\"https:\/\/www.acusticauach.cl\/?page_id=11074\">[arrow]Informaci\u00f3n sobre Convenio de Doble Titulaci\u00f3n MAV-MIA[\/arrow]<\/a><\/strong><\/p>\n<\/div>\n","protected":false},"excerpt":{"rendered":"<p>Se trata del primer convenio de doble titulaci\u00f3n de los programas de Postgrado de la FCI Un convenio de doble titulaci\u00f3n suscribi\u00f3 el programa de Mag\u00edster en Ac\u00fastica y Vibraciones de la Universidad Austral de Chile (UACh) \u00a0con el M\u00e1ster en Ingenier\u00eda Ac\u00fastica del Campus Gandia de la Universidad Polit\u00e9cnica de Valencia (UPV) Escrito por [&hellip;]<\/p>\n","protected":false},"author":2,"featured_media":11103,"comment_status":"closed","ping_status":"closed","sticky":false,"template":"","format":"standard","meta":{"footnotes":""},"categories":[907],"tags":[181,760,608,37,695,112,153,780,535,64],"class_list":["post-11093","post","type-post","status-publish","format-standard","has-post-thumbnail","hentry","category-postgrado","tag-convenio","tag-escuela-graduados","tag-estudiante","tag-estudiantes","tag-graduado","tag-internacional","tag-magister","tag-magister-en-acustica-y-vibraciones","tag-titulacion","tag-universidad-politecnica-de-valencia"],"_links":{"self":[{"href":"https:\/\/www.acusticauach.cl\/index.php?rest_route=\/wp\/v2\/posts\/11093","targetHints":{"allow":["GET"]}}],"collection":[{"href":"https:\/\/www.acusticauach.cl\/index.php?rest_route=\/wp\/v2\/posts"}],"about":[{"href":"https:\/\/www.acusticauach.cl\/index.php?rest_route=\/wp\/v2\/types\/post"}],"author":[{"embeddable":true,"href":"https:\/\/www.acusticauach.cl\/index.php?rest_route=\/wp\/v2\/users\/2"}],"replies":[{"embeddable":true,"href":"https:\/\/www.acusticauach.cl\/index.php?rest_route=%2Fwp%2Fv2%2Fcomments&post=11093"}],"version-history":[{"count":0,"href":"https:\/\/www.acusticauach.cl\/index.php?rest_route=\/wp\/v2\/posts\/11093\/revisions"}],"wp:featuredmedia":[{"embeddable":true,"href":"https:\/\/www.acusticauach.cl\/index.php?rest_route=\/wp\/v2\/media\/11103"}],"wp:attachment":[{"href":"https:\/\/www.acusticauach.cl\/index.php?rest_route=%2Fwp%2Fv2%2Fmedia&parent=11093"}],"wp:term":[{"taxonomy":"category","embeddable":true,"href":"https:\/\/www.acusticauach.cl\/index.php?rest_route=%2Fwp%2Fv2%2Fcategories&post=11093"},{"taxonomy":"post_tag","embeddable":true,"href":"https:\/\/www.acusticauach.cl\/index.php?rest_route=%2Fwp%2Fv2%2Ftags&post=11093"}],"curies":[{"name":"wp","href":"https:\/\/api.w.org\/{rel}","templated":true}]}}