{"id":11010,"date":"2019-03-21T11:43:32","date_gmt":"2019-03-21T14:43:32","guid":{"rendered":"http:\/\/www.acusticauach.cl\/?p=11010"},"modified":"2019-10-27T18:49:23","modified_gmt":"2019-10-27T21:49:23","slug":"artista-sonora-e-investigadora-de-la-universidad-de-stanford-realizara-charla-en-ingenieria-uach","status":"publish","type":"post","link":"https:\/\/www.acusticauach.cl\/?p=11010","title":{"rendered":"Artista sonora e investigadora de la Universidad de Stanford realizar\u00e1 charla en Ingenier\u00eda UACh"},"content":{"rendered":"<h2 class=\"uk-margin-large-top uk-margin-remove-bottom uk-article-title\"><strong>La compositora y artista sonora Patricia Alessandrini brindar\u00e1 este viernes 22 de marzo a las 11:30 hrs., una charla en dependencias de la Facultad de Ciencias de la Ingenier\u00eda.<\/strong><\/h2>\n<div class=\"uk-margin-medium-top\">\n<p>Escrito por Prensa FCI<\/p>\n<p>La actividad coordinada por acad\u00e9micos del Instituto de Ac\u00fastica UACh y de la Facultad de Arquitectura y Artes se llevar\u00e1 a cabo en la sala 1303 del Espacio de Postgrado en el piso 3 del edificio del Decanato.<\/p>\n<p>En su exposici\u00f3n Patricia Alessandrini realizar\u00e1 una breve introducci\u00f3n sobre su trabajo creativo utilizando procesos electr\u00f3nicos en vivo, interacci\u00f3n intermedial y dise\u00f1o de instrumentos musicales.<\/p>\n<p>Posteriormente presentar\u00e1 su reciente investigaci\u00f3n sobre t\u00e9cnicas de\u00a0<strong>Wave Field Synthesis<\/strong>\u00a0(un enfoque tridimensional para el dise\u00f1o y reproducci\u00f3n sonora), realizando una retrospectiva hist\u00f3rica de su evoluci\u00f3n hasta nuestros d\u00edas y casos de estudio relevantes.<\/p>\n<p>Patricia Alessandrini es compositora, artista sonora, educadora e investigadora en el prestigioso\u00a0<em>Center for Computer Research in Music and Acoustics<\/em>\u00a0(CCRMA) de la Universidad de Stanford en Estados Unidos. Su trabajo creativo y de investigaci\u00f3n se centra en tem\u00e1ticas vinculadas a la representaci\u00f3n, interpretaci\u00f3n, percepci\u00f3n y de la memoria musical en un contexto social y pol\u00edtico. Ha desarrollado obras musicales interactivas e intermediales y trabajos de investigaci\u00f3n relacionados con la corporizaci\u00f3n del sonido y el dise\u00f1o de instrumentos musicales para obras interactivas. Sus obras musicales se han presentado en prestigiosos festivales en Am\u00e9rica, Asia, Australia y m\u00e1s de 15 pa\u00edses europeos.<\/p>\n<p><strong>Cabe mencionar que la exposici\u00f3n se realizar\u00e1 en ingl\u00e9s y est\u00e1 abierta a la comunidad universitaria interesada en el trabajo de la expositora.<\/strong><\/p>\n<p>Enlace a la p\u00e1gina web de Patricia Alessandrini:\u00a0<a href=\"https:\/\/music.stanford.edu\/people\/patricia-alessandrini\" target=\"_blank\" rel=\"noopener noreferrer\">https:\/\/music.stanford.edu\/people\/patricia-alessandrini<\/a><\/p>\n<\/div>\n","protected":false},"excerpt":{"rendered":"<p>La compositora y artista sonora Patricia Alessandrini brindar\u00e1 este viernes 22 de marzo a las 11:30 hrs., una charla en dependencias de la Facultad de Ciencias de la Ingenier\u00eda. Escrito por Prensa FCI La actividad coordinada por acad\u00e9micos del Instituto de Ac\u00fastica UACh y de la Facultad de Arquitectura y Artes se llevar\u00e1 a cabo [&hellip;]<\/p>\n","protected":false},"author":2,"featured_media":11011,"comment_status":"closed","ping_status":"closed","sticky":false,"template":"","format":"standard","meta":{"footnotes":""},"categories":[906],"tags":[869,84,868,588,78,189],"class_list":["post-11010","post","type-post","status-publish","format-standard","has-post-thumbnail","hentry","category-pregrado","tag-alessandrini","tag-charla","tag-compositora","tag-faa","tag-investigacion-2","tag-musica"],"_links":{"self":[{"href":"https:\/\/www.acusticauach.cl\/index.php?rest_route=\/wp\/v2\/posts\/11010","targetHints":{"allow":["GET"]}}],"collection":[{"href":"https:\/\/www.acusticauach.cl\/index.php?rest_route=\/wp\/v2\/posts"}],"about":[{"href":"https:\/\/www.acusticauach.cl\/index.php?rest_route=\/wp\/v2\/types\/post"}],"author":[{"embeddable":true,"href":"https:\/\/www.acusticauach.cl\/index.php?rest_route=\/wp\/v2\/users\/2"}],"replies":[{"embeddable":true,"href":"https:\/\/www.acusticauach.cl\/index.php?rest_route=%2Fwp%2Fv2%2Fcomments&post=11010"}],"version-history":[{"count":0,"href":"https:\/\/www.acusticauach.cl\/index.php?rest_route=\/wp\/v2\/posts\/11010\/revisions"}],"wp:featuredmedia":[{"embeddable":true,"href":"https:\/\/www.acusticauach.cl\/index.php?rest_route=\/wp\/v2\/media\/11011"}],"wp:attachment":[{"href":"https:\/\/www.acusticauach.cl\/index.php?rest_route=%2Fwp%2Fv2%2Fmedia&parent=11010"}],"wp:term":[{"taxonomy":"category","embeddable":true,"href":"https:\/\/www.acusticauach.cl\/index.php?rest_route=%2Fwp%2Fv2%2Fcategories&post=11010"},{"taxonomy":"post_tag","embeddable":true,"href":"https:\/\/www.acusticauach.cl\/index.php?rest_route=%2Fwp%2Fv2%2Ftags&post=11010"}],"curies":[{"name":"wp","href":"https:\/\/api.w.org\/{rel}","templated":true}]}}