{"id":10971,"date":"2019-03-05T23:54:41","date_gmt":"2019-03-06T02:54:41","guid":{"rendered":"http:\/\/www.acusticauach.cl\/?p=10971"},"modified":"2019-10-27T18:49:56","modified_gmt":"2019-10-27T21:49:56","slug":"nueva-generacion-de-estudiantes-de-ingenieria-recibio-la-bienvenida-en-el-campus-miraflores","status":"publish","type":"post","link":"https:\/\/www.acusticauach.cl\/?p=10971","title":{"rendered":"Nueva generaci\u00f3n de estudiantes de ingenier\u00eda recibi\u00f3 la bienvenida en el Campus Miraflores"},"content":{"rendered":"<h2><strong>Las nuevas promociones de estudiantes de las 9 carreras de la Facultad de Ciencias de la Ingenier\u00eda de la Universidad Austral de Chile fueron recibidas en su primer d\u00eda de clases en un acto de bienvenida realizado en el audit\u00f3rium del edificio 3000 del Campus Miraflores este lunes 4 de marzo a las 9:00 horas.<\/strong><\/h2>\n<p>Ver galer\u00eda de fotos en\u00a0<a href=\"https:\/\/www.flickr.com\/photos\/154596332@N05\/albums\/72157690162088803\">Flickr<\/a><\/p>\n<p>Escrito por PrensaFCI<\/p>\n<p>Se trata de 542 nuevos estudiantes quienes recibieron el saludo del Decano de la Facultad de Ciencias de la Ingenier\u00eda, Dr. Richard Luco quien los inst\u00f3 a trabajar y poner el mayor de los esfuerzos y dedicaci\u00f3n a cumplir sus objetivos acad\u00e9micos, recalcando que el haber ingresado a la universidad es solo un primer paso.<\/p>\n<p>\u201cQueremos invitar a esta nueva generaci\u00f3n de estudiantes a considerar que este es un gran paso, pero no es un logro, eso vendr\u00e1 cuando sean capaces de permanecer en la carrera que eligieron y finalmente titularse, nosotros tenemos la responsabilidad de formarlos, pero lo dem\u00e1s depende del esfuerzo y dedicaci\u00f3n que pongan de su parte\u201d se\u00f1al\u00f3 el Dr. Luco.<\/p>\n<p>Posteriormente, el Prodecano de la FCI Dr. Jorge Maturana realiz\u00f3 una exposici\u00f3n que tuvo como finalidad motivar a la nueva promoci\u00f3n de estudiantes de Ingenier\u00eda, poniendo \u00e9nfasis en el rol de los ingenieros en la sociedad y como \u00e9stos est\u00e1n llamados a resolver los problemas del mundo.<\/p>\n<p>Agreg\u00f3 que la sociedad de hoy necesita ingenieros e ingenieras conectados con su entorno, que sean capaces de trabajar junto a otras disciplinas para desarrollar sus proyectos y de esta forma generar un verdadero impacto y obtener resultados positivos.<\/p>\n<p>Posteriormente, fueron invitados a un desayuno de bienvenida organizado por cada una de las escuelas donde pudieron conocer y compartir junto a sus directores de carrera, funcionarios, profesores y compa\u00f1eros de cursos superiores.<\/p>\n<p><strong>Bienvenida de AcusticaUACh<\/strong><\/p>\n<p>Con una reuni\u00f3n informativa y un desayuno de camarader\u00eda, la carrera de Ingenier\u00eda Civil Ac\u00fastica di\u00f3 una bienvenida a sus nuevos estudiantes en la sala 9202 del Pabell\u00f3n Docente. La actividad estuvo a cargo del Director de Escuela, Dr. Jos\u00e9 Luis Barros, profesores de la carrera, secretarias y administrativos de la Escuela e Instituto de Ac\u00fastica. Ver album de fotos en\u00a0<a href=\"https:\/\/www.facebook.com\/media\/set\/?set=a.2105090716239224&amp;type=1&amp;l=3b5ae86940\" target=\"_blank\" rel=\"noopener noreferrer\">https:\/\/www.facebook.com\/media\/set\/?set=a.2105090716239224&amp;type=1&amp;l=3b5ae86940<\/a><\/p>\n<p><a href=\"https:\/\/www.acusticauach.cl\/wp-content\/uploads\/2019\/03\/Mechones_2019-1066x1600.jpg\"><img decoding=\"async\" class=\"aligncenter size-full wp-image-10973\" src=\"https:\/\/www.acusticauach.cl\/wp-content\/uploads\/2019\/03\/Mechones_2019-1066x1600.jpg\" alt=\"\" width=\"1066\" height=\"1600\" srcset=\"https:\/\/www.acusticauach.cl\/wp-content\/uploads\/2019\/03\/Mechones_2019-1066x1600.jpg 1066w, https:\/\/www.acusticauach.cl\/wp-content\/uploads\/2019\/03\/Mechones_2019-1066x1600-200x300.jpg 200w, https:\/\/www.acusticauach.cl\/wp-content\/uploads\/2019\/03\/Mechones_2019-1066x1600-768x1153.jpg 768w, https:\/\/www.acusticauach.cl\/wp-content\/uploads\/2019\/03\/Mechones_2019-1066x1600-682x1024.jpg 682w, https:\/\/www.acusticauach.cl\/wp-content\/uploads\/2019\/03\/Mechones_2019-1066x1600-700x1051.jpg 700w, https:\/\/www.acusticauach.cl\/wp-content\/uploads\/2019\/03\/Mechones_2019-1066x1600-500x750.jpg 500w\" sizes=\"(max-width: 1066px) 100vw, 1066px\" \/><\/a><\/p>\n<p><strong>Nivelaci\u00f3n y Acompa\u00f1amiento<\/strong><\/p>\n<p>Este a\u00f1o el Centro de Docencia en Ciencias B\u00e1sicas para Ingenier\u00eda realizar\u00e1 las\u00a0<strong>\u201cActividades de nivelaci\u00f3n y acompa\u00f1amiento en matem\u00e1tica b\u00e1sica para la inserci\u00f3n a ingenier\u00eda\u201d<\/strong>, las que comenzaron con una prueba de diagn\u00f3stico aplicada este lunes.<\/p>\n<p>A contar del martes 5 y hasta el 15 de marzo se desarrollar\u00e1n m\u00f3dulos de nivelaci\u00f3n para la totalidad de los nuevos estudiantes.<\/p>\n<p>Estas actividades son obligatorias y evaluadas. Al respecto la Directora del Centro de Docencia en Ciencias B\u00e1sicas para Ingenier\u00eda\u00a0 profesora Teresa Castro, \u00a0explic\u00f3 que los objetivos espec\u00edficos de las actividades de nivelaci\u00f3n y acompa\u00f1amiento son favorecer el proceso de transici\u00f3n secundaria a la universidad; lograr que el estudiante que ingresa a la Facultad de Ciencias de la Ingenier\u00eda desarrolle las competencias declaradas en el perfil de ingreso durante el primer semestre acad\u00e9mico y fomentar h\u00e1bitos y metodolog\u00edas efectivas de estudio acordes al contexto universitario, favoreciendo la autonom\u00eda, es por ello que las actividades son\u00a0 evaluadas y obligatorias.<\/p>\n<p><strong>Actividades de bienvenida mechona<\/strong><\/p>\n<p>Las actividades de bienvenida mechona continuaron la tarde del lunes con el Taller UACh \u201cRedes de Apoyo para la inserci\u00f3n a la vida universitaria\u201d que se llev\u00f3 a cabo desde las 16:30 horas en el Aula Magna del Campus Isla Teja.<\/p>\n<p>Este martes 5 los estudiantes est\u00e1n convocados a participar del Saludo Institucional del Rector Dr. \u00d3scar Galindo y autoridades regionales en la Costanera Cultural, ocasi\u00f3n en que adem\u00e1s la Escuela de Pedagog\u00eda en Educaci\u00f3n F\u00edsica, Deportes y Recreaci\u00f3n realiza el saludo n\u00e1utico a la nueva generaci\u00f3n de estudiantes de la UACh.<\/p>\n<p>Durante las tardes de los martes 5 al jueves 7 de marzo se llevar\u00e1n a cabo los talleres de inducci\u00f3n de la Direcci\u00f3n de Tecnolog\u00edas de la Informaci\u00f3n, para lo cual se dividir\u00e1 a los estudiantes en grupos para recibir capacitaci\u00f3n. Esta actividad se llevar\u00e1 a cabo en el auditorio del edificio 3000 del Campus Miraflores.<\/p>\n<p>Por su parte, el Centro de Salud Universitario (CESU) realizar\u00e1 talleres de inducci\u00f3n a los y las estudiantes del Campus Miraflores los mi\u00e9rcoles 6 y jueves 7 a las 11:30 hrs. en el auditorio del edificio 3000.<\/p>\n<p><strong>Carreras<\/strong><\/p>\n<p>La Facultad de Ciencias de la Ingenier\u00eda tiene 9 carreras de pregrado: Bachillerato en Cs. de la Ingenier\u00eda, Ingenier\u00eda Civil Mec\u00e1nica, Ingenier\u00eda Civil Ac\u00fastica, Ingenier\u00eda Civil Industrial, Ingenier\u00eda Civil en Obras Civiles, Ingenier\u00eda Civil Electr\u00f3nica, Ingenier\u00eda Civil en Inform\u00e1tica, Ingenier\u00eda en Construcci\u00f3n e Ingenier\u00eda Naval.<\/p>\n<p>&nbsp;<\/p>\n","protected":false},"excerpt":{"rendered":"<p>Las nuevas promociones de estudiantes de las 9 carreras de la Facultad de Ciencias de la Ingenier\u00eda de la Universidad Austral de Chile fueron recibidas en su primer d\u00eda de clases en un acto de bienvenida realizado en el audit\u00f3rium del edificio 3000 del Campus Miraflores este lunes 4 de marzo a las 9:00 horas. [&hellip;]<\/p>\n","protected":false},"author":2,"featured_media":10974,"comment_status":"closed","ping_status":"closed","sticky":false,"template":"","format":"standard","meta":{"footnotes":""},"categories":[906],"tags":[828,850,58,230,37,231,294],"class_list":["post-10971","post","type-post","status-publish","format-standard","has-post-thumbnail","hentry","category-pregrado","tag-828","tag-admision2019","tag-barros","tag-bienvenida","tag-estudiantes","tag-mechones","tag-nuevos"],"_links":{"self":[{"href":"https:\/\/www.acusticauach.cl\/index.php?rest_route=\/wp\/v2\/posts\/10971","targetHints":{"allow":["GET"]}}],"collection":[{"href":"https:\/\/www.acusticauach.cl\/index.php?rest_route=\/wp\/v2\/posts"}],"about":[{"href":"https:\/\/www.acusticauach.cl\/index.php?rest_route=\/wp\/v2\/types\/post"}],"author":[{"embeddable":true,"href":"https:\/\/www.acusticauach.cl\/index.php?rest_route=\/wp\/v2\/users\/2"}],"replies":[{"embeddable":true,"href":"https:\/\/www.acusticauach.cl\/index.php?rest_route=%2Fwp%2Fv2%2Fcomments&post=10971"}],"version-history":[{"count":0,"href":"https:\/\/www.acusticauach.cl\/index.php?rest_route=\/wp\/v2\/posts\/10971\/revisions"}],"wp:featuredmedia":[{"embeddable":true,"href":"https:\/\/www.acusticauach.cl\/index.php?rest_route=\/wp\/v2\/media\/10974"}],"wp:attachment":[{"href":"https:\/\/www.acusticauach.cl\/index.php?rest_route=%2Fwp%2Fv2%2Fmedia&parent=10971"}],"wp:term":[{"taxonomy":"category","embeddable":true,"href":"https:\/\/www.acusticauach.cl\/index.php?rest_route=%2Fwp%2Fv2%2Fcategories&post=10971"},{"taxonomy":"post_tag","embeddable":true,"href":"https:\/\/www.acusticauach.cl\/index.php?rest_route=%2Fwp%2Fv2%2Ftags&post=10971"}],"curies":[{"name":"wp","href":"https:\/\/api.w.org\/{rel}","templated":true}]}}