{"id":10914,"date":"2019-01-25T00:41:48","date_gmt":"2019-01-25T03:41:48","guid":{"rendered":"http:\/\/www.acusticauach.cl\/?p=10914"},"modified":"2019-10-27T18:50:19","modified_gmt":"2019-10-27T21:50:19","slug":"dr-felipe-otondo-se-adjudica-fondecyt-regular-que-busca-poner-en-valor-el-patrimonio-de-los-humedales-de-valdivia","status":"publish","type":"post","link":"https:\/\/www.acusticauach.cl\/?p=10914","title":{"rendered":"Dr. Felipe Otondo se adjudica FONDECYT Regular que busca poner en valor el patrimonio de los humedales de Valdivia"},"content":{"rendered":"<h2><strong>El acad\u00e9mico del lnstituto de Ac\u00fastica de la Facultad de Ciencias de la Ingenier\u00eda (UACh) Felipe Otondo se adjudic\u00f3 el proyecto FONDECYT Regular convocatoria 2019, titulado \u00abM\u00e9todo de time-lapse sonoro para la puesta en valor del patrimonio sonoro de humedales urbanos\u00bb, iniciativa que busca a trav\u00e9s de un m\u00e9todo novedoso de generaci\u00f3n de c\u00e1psulas temporales de audio, poner en valor el patrimonio de humedales urbanos de Valdivia.<\/strong><\/h2>\n<p>Escrito por Prensa FCI<\/p>\n<p>El proyecto es un trabajo conjunto con los co-investigadores: Patricia M\u00f6ller del Centro de Humedales R\u00edo Cruces, Enrique Su\u00e1rez y Victor Poblete del Instituto de Ac\u00fastica de la Facultad de Ciencias de la Ingenier\u00eda y Carolina Ihle del Instituto de Arquitectura y Urbanismo de la Facultad de Arquitectura y Artes.<\/p>\n<p>Para Felipe Otondo el haber ganado este concurso representa una enorme satisfacci\u00f3n, pues han sido largos a\u00f1os de trabajo para lograr desarrollar una investigaci\u00f3n que aborda una problem\u00e1tica de gran impacto en la comunidad valdiviana.<\/p>\n<blockquote><p>En el Instituto de Ac\u00fastica hemos estado trabajando hace varios a\u00f1os tratando de instalar una l\u00ednea de investigaci\u00f3n vinculada a la creatividad, innovaci\u00f3n e ingenier\u00eda y este proyecto nos permitir\u00e1 dar un gran paso para desarrollar esta l\u00ednea de trabajo, por lo dem\u00e1s creo que es un proyecto con un enfoque original que lidia con una problem\u00e1tica relevante que no ha sido abordada con mucha inventiva por parte de las autoridades y que hoy tiene un gran impacto en la comunidad valdiviana\u201d enfatiz\u00f3.<\/p><\/blockquote>\n<p>El acad\u00e9mico explic\u00f3 que parte del proyecto se centrar\u00e1 en una l\u00ednea educativa enfocada en actividades en colegios, otra en el desarrollo de herramientas web para usuarios diversos y finalmente otra l\u00ednea en la creaci\u00f3n de obras art\u00edsticas en museos o galer\u00edas que utilizar\u00e1n los sonidos generados con el m\u00e9todo time-lapse sonoro.\u00a0 Ver p\u00e1gina web del proyecto aqu\u00ed:\u00a0<a href=\"http:\/\/www.soundlapse.net\/\">www.soundlapse.net<\/a><\/p>\n<p><iframe title=\"TImeLapse - Parque Urbano\" width=\"1200\" height=\"675\" src=\"https:\/\/www.youtube.com\/embed\/lsKIui4AmL0?feature=oembed\" frameborder=\"0\" allow=\"accelerometer; autoplay; encrypted-media; gyroscope; picture-in-picture\" allowfullscreen><\/iframe><\/p>\n<p>La iniciativa adem\u00e1s destaca por ser un trabajo interdisciplinario en una alianza con el Centro de Humedales R\u00edo Cruces y la Facultad de Arquitectura y Artes. \u201cEsta alianza busca ampliar el impacto del proyecto y explorar posibilidades de colaboraciones futuras vinculadas a la ecolog\u00eda ac\u00fastica y proyectos de diversa \u00edndole en la regi\u00f3n\u201d dijo el Dr. Felipe Otondo<strong>.<\/strong><\/p>\n","protected":false},"excerpt":{"rendered":"<p>El acad\u00e9mico del lnstituto de Ac\u00fastica de la Facultad de Ciencias de la Ingenier\u00eda (UACh) Felipe Otondo se adjudic\u00f3 el proyecto FONDECYT Regular convocatoria 2019, titulado \u00abM\u00e9todo de time-lapse sonoro para la puesta en valor del patrimonio sonoro de humedales urbanos\u00bb, iniciativa que busca a trav\u00e9s de un m\u00e9todo novedoso de generaci\u00f3n de c\u00e1psulas temporales [&hellip;]<\/p>\n","protected":false},"author":2,"featured_media":8474,"comment_status":"closed","ping_status":"closed","sticky":false,"template":"","format":"standard","meta":{"footnotes":""},"categories":[908],"tags":[855,94,588,105,589,856,78,857,858,240,309,248,73],"class_list":["post-10914","post","type-post","status-publish","format-standard","has-post-thumbnail","hentry","category-investigacion","tag-adjudica","tag-concurso","tag-faa","tag-fondecyt","tag-humedales","tag-ihle","tag-investigacion-2","tag-m","tag-moller","tag-otondo","tag-paisaje-sonoro","tag-poblete","tag-suarez"],"_links":{"self":[{"href":"https:\/\/www.acusticauach.cl\/index.php?rest_route=\/wp\/v2\/posts\/10914","targetHints":{"allow":["GET"]}}],"collection":[{"href":"https:\/\/www.acusticauach.cl\/index.php?rest_route=\/wp\/v2\/posts"}],"about":[{"href":"https:\/\/www.acusticauach.cl\/index.php?rest_route=\/wp\/v2\/types\/post"}],"author":[{"embeddable":true,"href":"https:\/\/www.acusticauach.cl\/index.php?rest_route=\/wp\/v2\/users\/2"}],"replies":[{"embeddable":true,"href":"https:\/\/www.acusticauach.cl\/index.php?rest_route=%2Fwp%2Fv2%2Fcomments&post=10914"}],"version-history":[{"count":0,"href":"https:\/\/www.acusticauach.cl\/index.php?rest_route=\/wp\/v2\/posts\/10914\/revisions"}],"wp:featuredmedia":[{"embeddable":true,"href":"https:\/\/www.acusticauach.cl\/index.php?rest_route=\/wp\/v2\/media\/8474"}],"wp:attachment":[{"href":"https:\/\/www.acusticauach.cl\/index.php?rest_route=%2Fwp%2Fv2%2Fmedia&parent=10914"}],"wp:term":[{"taxonomy":"category","embeddable":true,"href":"https:\/\/www.acusticauach.cl\/index.php?rest_route=%2Fwp%2Fv2%2Fcategories&post=10914"},{"taxonomy":"post_tag","embeddable":true,"href":"https:\/\/www.acusticauach.cl\/index.php?rest_route=%2Fwp%2Fv2%2Ftags&post=10914"}],"curies":[{"name":"wp","href":"https:\/\/api.w.org\/{rel}","templated":true}]}}