{"id":10730,"date":"2018-12-20T12:49:22","date_gmt":"2018-12-20T15:49:22","guid":{"rendered":"http:\/\/www.acusticauach.cl\/?p=10730"},"modified":"2020-09-25T11:45:52","modified_gmt":"2020-09-25T14:45:52","slug":"8636-3-5","status":"publish","type":"post","link":"https:\/\/www.acusticauach.cl\/?p=10730","title":{"rendered":"Diario Austral: Columna de Opini\u00f3n \u00abLa ac\u00fastica como realidad en Chile\u00bb"},"content":{"rendered":"<h2><strong>Diario Austral de Valdivia. Jueves 20 de diciembre de 2018.<\/strong><\/h2>\n<h2 class=\"page-note-title\">La ac\u00fastica como realidad en Chile<\/h2>\n<h3 class=\"page-note-excerpt\">El ruido ambiental es un problema de salud p\u00fablica mundialmente reconocido&#8230;<\/h3>\n<div class=\"page-note-content\">\n<p>El Ministerio del Medio Ambiente acaba de presentar la primera red p\u00fablica de monitoreo del ruido ambiental del pa\u00eds. Se trata de siete estaciones que registran la calidad ac\u00fastica en distintos puntos de Santiago. \u00abLo que no se mide, no se gestiona\u00bb, coment\u00f3 la ministra de Medio Ambiente Carolina Schmidt, al inaugurar el seminario de ruido ambiental que se organiza anualmente, donde debut\u00f3 esta iniciativa.<\/p>\n<p>El ruido ambiental es un problema de salud p\u00fablica mundialmente reconocido. En el a\u00f1o 2014, la Agencia Ambiental Europea inform\u00f3 que el ruido ambiental causa, por lo menos, 10.000 casos de muerte prematura anualmente. Por su parte, un estudio de mapa de ruido realizado por el Instituto de Ac\u00fastica de la UACh el a\u00f1o 2016 para el Ministerio del Medio Ambiente, estim\u00f3 que en el Gran Santiago hay 1.880.000 personas que est\u00e1n potencialmente expuestas a niveles de ruido inaceptables por la noche. Estos antecedentes cada vez son m\u00e1s abundantes, y si bien no son del todo novedosos, son necesarios para impulsar permanentemente la pol\u00edtica p\u00fablica en esta materia.<\/p>\n<p>Si bien hay una conciencia mundial sobre el ruido ambiental, estos avances en Chile no est\u00e1n exentos de una variable particular: contar con especialistas nacionales en ac\u00fastica. El desarrollo de la especialidad, liderado desde la Universidad Austral de Chile, permite encontrar ingenieros ac\u00fasticos en ministerios, empresas, laboratorios, y universidades, que van aportando al desarrollo de esta especialidad, y dando sustento a soluciones tecnol\u00f3gicas, de innovaci\u00f3n y creatividad, a los desaf\u00edos ac\u00fasticos. Esto implica evitar las exposiciones al ruido (ambiental y laboral), pero tambi\u00e9n implementar mejores dise\u00f1os ac\u00fasticos de espacios abiertos y edificados. La tarea incluye protegernos del ruido en las actividades de descanso y actividades intelectuales, favorecer la convivencia y salud en el espacio de trabajo y en nuestros hogares, potenciar el manejo positivo del sonido en las actividades creativas, como la m\u00fasica y el arte sonoro.<\/p>\n<p>De esta manera, una nueva red p\u00fablica de monitoreo de ruido ambiental, no s\u00f3lo nos ubica nuevamente en una avanzada posici\u00f3n en Latinoam\u00e9rica, sino que nos marca un punto de inflexi\u00f3n en la gesti\u00f3n en ac\u00fastica ambiental. Tal como ocurri\u00f3 hace 40 a\u00f1os, cuando en Chile se inici\u00f3 el monitoreo de la calidad de aire.<\/p>\n<p>Enrique Su\u00e1rez Silva<\/p>\n<p>Instituto de Ac\u00fastica, Facultad de Cs. de la Ingenier\u00eda, Uach<\/p>\n<\/div>\n<p><img decoding=\"async\" src=\"http:\/\/45.56.121.188\/vistas\/3\/162729.gif\" \/>Ver noticia en Diario Austral.<a href=\"http:\/\/www.australvaldivia.cl\/impresa\/2018\/12\/20\/full\/cuerpo-principal\/8\/\">\u00a0http:\/\/www.australvaldivia.cl\/impresa\/2018\/12\/20\/full\/cuerpo-principal\/<\/a><\/p>\n<p><img decoding=\"async\" class=\"aligncenter wp-image-10731 size-full\" src=\"https:\/\/www.acusticauach.cl\/wp-content\/uploads\/2018\/12\/2018_12_20_ESuarez_Columna_Opnion.jpg\" alt=\"\" width=\"863\" height=\"973\" srcset=\"https:\/\/www.acusticauach.cl\/wp-content\/uploads\/2018\/12\/2018_12_20_ESuarez_Columna_Opnion.jpg 863w, https:\/\/www.acusticauach.cl\/wp-content\/uploads\/2018\/12\/2018_12_20_ESuarez_Columna_Opnion-266x300.jpg 266w, https:\/\/www.acusticauach.cl\/wp-content\/uploads\/2018\/12\/2018_12_20_ESuarez_Columna_Opnion-768x866.jpg 768w, https:\/\/www.acusticauach.cl\/wp-content\/uploads\/2018\/12\/2018_12_20_ESuarez_Columna_Opnion-700x789.jpg 700w, https:\/\/www.acusticauach.cl\/wp-content\/uploads\/2018\/12\/2018_12_20_ESuarez_Columna_Opnion-500x564.jpg 500w\" sizes=\"(max-width: 863px) 100vw, 863px\" \/><\/p>\n","protected":false},"excerpt":{"rendered":"<p>Diario Austral de Valdivia. Jueves 20 de diciembre de 2018. La ac\u00fastica como realidad en Chile El ruido ambiental es un problema de salud p\u00fablica mundialmente reconocido&#8230; El Ministerio del Medio Ambiente acaba de presentar la primera red p\u00fablica de monitoreo del ruido ambiental del pa\u00eds. Se trata de siete estaciones que registran la calidad [&hellip;]<\/p>\n","protected":false},"author":2,"featured_media":10732,"comment_status":"closed","ping_status":"closed","sticky":false,"template":"","format":"standard","meta":{"footnotes":""},"categories":[102,984],"tags":[486,106,560,982,487,762,32,73],"class_list":["post-10730","post","type-post","status-publish","format-standard","has-post-thumbnail","hentry","category-acusticauach_medios","category-labacam","tag-columna","tag-diario","tag-diario-austral","tag-labacam","tag-opinion","tag-red","tag-ruido","tag-suarez"],"_links":{"self":[{"href":"https:\/\/www.acusticauach.cl\/index.php?rest_route=\/wp\/v2\/posts\/10730","targetHints":{"allow":["GET"]}}],"collection":[{"href":"https:\/\/www.acusticauach.cl\/index.php?rest_route=\/wp\/v2\/posts"}],"about":[{"href":"https:\/\/www.acusticauach.cl\/index.php?rest_route=\/wp\/v2\/types\/post"}],"author":[{"embeddable":true,"href":"https:\/\/www.acusticauach.cl\/index.php?rest_route=\/wp\/v2\/users\/2"}],"replies":[{"embeddable":true,"href":"https:\/\/www.acusticauach.cl\/index.php?rest_route=%2Fwp%2Fv2%2Fcomments&post=10730"}],"version-history":[{"count":0,"href":"https:\/\/www.acusticauach.cl\/index.php?rest_route=\/wp\/v2\/posts\/10730\/revisions"}],"wp:featuredmedia":[{"embeddable":true,"href":"https:\/\/www.acusticauach.cl\/index.php?rest_route=\/wp\/v2\/media\/10732"}],"wp:attachment":[{"href":"https:\/\/www.acusticauach.cl\/index.php?rest_route=%2Fwp%2Fv2%2Fmedia&parent=10730"}],"wp:term":[{"taxonomy":"category","embeddable":true,"href":"https:\/\/www.acusticauach.cl\/index.php?rest_route=%2Fwp%2Fv2%2Fcategories&post=10730"},{"taxonomy":"post_tag","embeddable":true,"href":"https:\/\/www.acusticauach.cl\/index.php?rest_route=%2Fwp%2Fv2%2Ftags&post=10730"}],"curies":[{"name":"wp","href":"https:\/\/api.w.org\/{rel}","templated":true}]}}