{"id":10668,"date":"2018-12-01T11:40:53","date_gmt":"2018-12-01T14:40:53","guid":{"rendered":"http:\/\/www.acusticauach.cl\/?p=10668"},"modified":"2019-10-27T18:51:41","modified_gmt":"2019-10-27T21:51:41","slug":"equipo-multidisciplinario-desarrollara-herramienta-de-lijado-robotizado-inteligente","status":"publish","type":"post","link":"https:\/\/www.acusticauach.cl\/?p=10668","title":{"rendered":"Equipo multidisciplinario desarrollar\u00e1 herramienta de lijado robotizado inteligente"},"content":{"rendered":"<div class=\"uk-margin-medium-top\">\n<p><em>El objetivo final del proyecto es mejorar la productividad del proceso de lijado de piezas de madera de alto valor agregado, incorporando el sistema de lijado inteligente mediante un robot que opere de forma aut\u00f3noma.<\/em><\/p>\n<p>*Fuente: <a href=\"http:\/\/www.ingenieria.uach.cl\/noticias\/9225-equipo-multidisciplinario-desarrollara-herramienta-de-lijado-robotizado-inteligente.html\">Prensa FCI UACh.<\/a><\/p>\n<p>Como parte de un equipo liderado por investigadores de la Universidad de la Frontera, el Dr. Jos\u00e9 Luis Barros, acad\u00e9mico del Instituto de Ac\u00fastica de la Universidad Austral de Chile, participar\u00e1 en el proyecto Fondef-Idea I+D 2018 \u00ab<strong>Desarrollo de una herramienta terminal para operaciones de lijado robotizado inteligente con aplicaci\u00f3n a la manufactura de productos de madera de alto valor agregado<\/strong>\u00ab.<\/p>\n<p>El proyecto es liderado por el acad\u00e9mico Dr. Eduardo Diez, del Departamento de Ingenier\u00eda Mec\u00e1nica de la Universidad de la Frontera. \u00a0Adem\u00e1s de la participaci\u00f3n del Dr. Barros por parte del Instituto de Ac\u00fastica se suma al equipo el Dr. Alfredo Aguilera de la Facultad de Ciencias Forestales y Recursos Naturales UACh.<\/p>\n<p>El objetivo final del proyecto es mejorar la productividad del proceso de lijado de piezas de madera de alto valor agregado, incorporando el sistema de lijado inteligente mediante un robot que opere de forma aut\u00f3noma.<\/p>\n<p>La incorporaci\u00f3n de la variable ac\u00fastica al proyecto permitir\u00e1 establecer las posibilidades de control en base a emisiones ac\u00fasticas y emisiones de sonido a\u00e9reo, para lo cual se desarrollar\u00e1n procedimientos y montajes experimentales que permitan analizar en detalle el comportamiento de dichas variables bajo diferentes condiciones de operaci\u00f3n.<\/p>\n<p>Cabe destacar que el Dr. Barros y Dr. Aguilera han desarrollado una investigaci\u00f3n conjunta incorporando la variable ac\u00fastica al estudio de procesos de maquinado de madera desde hace alg\u00fan tiempo, lo cual se ve reflejado en diversas publicaciones cient\u00edficas y presentaciones en congresos y seminarios.<\/p>\n<\/div>\n","protected":false},"excerpt":{"rendered":"<p>El objetivo final del proyecto es mejorar la productividad del proceso de lijado de piezas de madera de alto valor agregado, incorporando el sistema de lijado inteligente mediante un robot que opere de forma aut\u00f3noma. *Fuente: Prensa FCI UACh. Como parte de un equipo liderado por investigadores de la Universidad de la Frontera, el Dr. [&hellip;]<\/p>\n","protected":false},"author":6,"featured_media":10669,"comment_status":"closed","ping_status":"closed","sticky":false,"template":"","format":"standard","meta":{"footnotes":""},"categories":[908],"tags":[113,58,94,37,372,829,696,374,830,110,112,78,213,400],"class_list":["post-10668","post","type-post","status-publish","format-standard","has-post-thumbnail","hentry","category-investigacion","tag-acustica","tag-barros","tag-concurso","tag-estudiantes","tag-fci","tag-fondef","tag-forestal","tag-id","tag-idea","tag-ingenieria","tag-internacional","tag-investigacion-2","tag-uach","tag-ufro"],"_links":{"self":[{"href":"https:\/\/www.acusticauach.cl\/index.php?rest_route=\/wp\/v2\/posts\/10668","targetHints":{"allow":["GET"]}}],"collection":[{"href":"https:\/\/www.acusticauach.cl\/index.php?rest_route=\/wp\/v2\/posts"}],"about":[{"href":"https:\/\/www.acusticauach.cl\/index.php?rest_route=\/wp\/v2\/types\/post"}],"author":[{"embeddable":true,"href":"https:\/\/www.acusticauach.cl\/index.php?rest_route=\/wp\/v2\/users\/6"}],"replies":[{"embeddable":true,"href":"https:\/\/www.acusticauach.cl\/index.php?rest_route=%2Fwp%2Fv2%2Fcomments&post=10668"}],"version-history":[{"count":0,"href":"https:\/\/www.acusticauach.cl\/index.php?rest_route=\/wp\/v2\/posts\/10668\/revisions"}],"wp:featuredmedia":[{"embeddable":true,"href":"https:\/\/www.acusticauach.cl\/index.php?rest_route=\/wp\/v2\/media\/10669"}],"wp:attachment":[{"href":"https:\/\/www.acusticauach.cl\/index.php?rest_route=%2Fwp%2Fv2%2Fmedia&parent=10668"}],"wp:term":[{"taxonomy":"category","embeddable":true,"href":"https:\/\/www.acusticauach.cl\/index.php?rest_route=%2Fwp%2Fv2%2Fcategories&post=10668"},{"taxonomy":"post_tag","embeddable":true,"href":"https:\/\/www.acusticauach.cl\/index.php?rest_route=%2Fwp%2Fv2%2Ftags&post=10668"}],"curies":[{"name":"wp","href":"https:\/\/api.w.org\/{rel}","templated":true}]}}